{"id":3693,"date":"2021-06-14T10:32:17","date_gmt":"2021-06-14T08:32:17","guid":{"rendered":"https:\/\/snudifo37.fr\/?p=3693"},"modified":"2021-06-14T10:32:17","modified_gmt":"2021-06-14T08:32:17","slug":"parcoursup-et-bac-blanquer-une-arme-de-guerre-contre-le-baccalaureat-et-les-etudes-superieures","status":"publish","type":"post","link":"https:\/\/snudifo37.fr\/index.php\/2021\/06\/14\/parcoursup-et-bac-blanquer-une-arme-de-guerre-contre-le-baccalaureat-et-les-etudes-superieures\/","title":{"rendered":"Parcoursup et \u00ab Bac Blanquer \u00bb : une arme de guerre contre le baccalaur\u00e9at et les \u00e9tudes sup\u00e9rieures"},"content":{"rendered":"\n<div class=\"wp-block-image\"><figure class=\"aligncenter size-large is-resized\"><img loading=\"lazy\" decoding=\"async\" src=\"https:\/\/snudifo37.fr\/wp-content\/uploads\/2021\/05\/logo.vectoriel-1024x1024-1-1024x1024.jpg\" alt=\"\" class=\"wp-image-3614\" width=\"298\" height=\"298\" srcset=\"https:\/\/snudifo37.fr\/wp-content\/uploads\/2021\/05\/logo.vectoriel-1024x1024-1.jpg 1024w, https:\/\/snudifo37.fr\/wp-content\/uploads\/2021\/05\/logo.vectoriel-1024x1024-1-300x300.jpg 300w, https:\/\/snudifo37.fr\/wp-content\/uploads\/2021\/05\/logo.vectoriel-1024x1024-1-150x150.jpg 150w, https:\/\/snudifo37.fr\/wp-content\/uploads\/2021\/05\/logo.vectoriel-1024x1024-1-768x768.jpg 768w, https:\/\/snudifo37.fr\/wp-content\/uploads\/2021\/05\/logo.vectoriel-1024x1024-1-125x125.jpg 125w\" sizes=\"auto, (max-width: 298px) 100vw, 298px\" \/><\/figure><\/div>\n\n\n\n<p>\u00c0 en croire les communiqu\u00e9s du minist\u00e8re de l\u2019enseignement sup\u00e9rieur, tout va pour le pour le mieux dans le meilleur des mondes pour les bacheliers. Le tournis des chiffres contribue \u00e0 l\u2019illusion : ainsi, \u00e0 propos de la proc\u00e9dure de l\u2019an dernier : <strong>\u00ab <\/strong><em>17 123 formations [\u2026] ont formul\u00e9 3,4 millions de propositions d&rsquo;admission<strong>, <\/strong>soit en moyenne plus de 3 propositions par candidat <\/em>\u00bb.<\/p>\n\n\n\n<p>Derri\u00e8re les pages publicitaires, dans le d\u00e9dale des sites minist\u00e9riels, se trouvent pourtant les chiffres qui contredisent cette vision enchant\u00e9e. Le minist\u00e8re publie en effet chaque ann\u00e9e un bilan chiffr\u00e9 dans de simples tableurs ; tous les chiffres et pourcentages cit\u00e9s ci-apr\u00e8s sont issus de ces tableurs (voir <a href=\"https:\/\/www.enseignementsup-recherche.gouv.fr\/cid145885\/parcoursup-2019-les-propositions-d-admission-dans-le-superieur.html\">ici <\/a>pour 2018 et 2019 et <a href=\"https:\/\/www.enseignementsup-recherche.gouv.fr\/cid154843\/www.enseignementsup-recherche.gouv.fr\/cid154843\/parcoursup-2020-les-propositions-d-admission-dans-l-enseignement-superieur.html\">l\u00e0<u> <\/u><\/a>pour 2020), combin\u00e9s aux r\u00e9sultats au baccalaur\u00e9at (assez facilement accessibles).<\/p>\n\n\n\n<h3 class=\"has-text-align-center wp-block-heading\">Le \u00ab Parcoursup du combattant \u00bb : environ 120 000 perdants !<\/h3>\n\n\n\n<p>Des lyc\u00e9ens ne re\u00e7oivent jamais aucune proposition sur Parcoursup, ceci m\u00eame apr\u00e8s avoir r\u00e9ussi leur baccalaur\u00e9at. D\u2019autres se retrouvent face \u00e0 une proposition qui ne leur convient pas et qu\u2019ils n\u2019acceptent donc pas. D\u2019ann\u00e9e en ann\u00e9e, ces deux ensembles statistiques fonctionnent comme des vases communicants (lorsque l\u2019algorithme \u00ab propose \u00bb plus, il y a plus de \u00ab non acceptations \u00bb), si bien que l\u2019effectif global des \u00ab recal\u00e9s de Parcoursup \u00bb ne varie gu\u00e8re : environ 120 000 bacheliers (2018 \u00e0 2020), soit aux alentours de <strong>17 % des bacheliers !<\/strong><\/p>\n\n\n\n<h3 class=\"has-text-align-center wp-block-heading\"><strong>Les \u00ab renon\u00e7ants \u00bb de Parcoursup : environ 90 000 !<\/strong><\/h3>\n\n\n\n<p>Les v\u0153ux sur Parcoursup sont formul\u00e9s par les lyc\u00e9ens avant le baccalaur\u00e9at. Certains d\u2019entre eux formulent des v\u0153ux et ne r\u00e9ussissent pas l\u2019examen. Mais en regard <strong>beaucoup de ceux qui se retrouvent en d\u00e9finitive bacheliers ont renonc\u00e9 \u00e0 formuler de v\u0153ux : <\/strong>plus de 80 000 en g\u00e9n\u00e9ral, parfois beaucoup plus (113 000 en 2018).<\/p>\n\n\n\n<p>Si l\u2019on fait l\u2019addition, entre ceux qui ont \u00e9t\u00e9 d\u00e9courag\u00e9s d\u2019avance par la \u00ab machine \u00bb Parcoursup et ceux qui ont fait en vain le \u00ab Parcoursup du combattant \u00bb, ce sont en r\u00e9alit\u00e9 environ 30 % des bacheliers qui n\u2019ont rien au terme de Parcoursup !<\/p>\n\n\n\n<p>En outre, le taux de \u00ab propositions \u00bb faites aux postulants est d\u00e9j\u00e0 nettement plus faible cette ann\u00e9e qu\u2019en 2019 ou 2020 (de l\u2019ordre de 3 \u00e0 4 points, soit d\u00e9j\u00e0 quelque 25 000 lyc\u00e9ens).<\/p>\n\n\n\n<h3 class=\"has-text-align-center wp-block-heading\">Une manne pour les fili\u00e8res priv\u00e9es<\/h3>\n\n\n\n<p>Quelle solution, pour ceux du moins qui en ont les moyens ? Trouver une formation non encore enr\u00f4l\u00e9e dans Parcoursup, c\u2019est-\u00e0-dire, par d\u00e9finition, priv\u00e9e. Certaines de ces formations priv\u00e9es en font m\u00eame un argument publicitaire.<\/p>\n\n\n\n<p>D\u2019autres iront nourrir les rangs des effectifs qualifi\u00e9s comme \u00ab en r\u00e9orientation \u00bb sur Parcoursup les ann\u00e9es suivantes (presque 150 000 en 2019, 194 000 en 2020, encore 180 000 cette ann\u00e9e\u2026). Parcoursup programme donc ainsi l\u2019errance et bien souvent aussi l\u2019\u00e9chec post-Bac.<\/p>\n\n\n\n<h3 class=\"has-text-align-center wp-block-heading\">Le contr\u00f4le continu, nouvel obstacle pour acc\u00e9der aux \u00e9tudes sup\u00e9rieures<\/h3>\n\n\n\n<p>En imposant la g\u00e9n\u00e9ralisation du contr\u00f4le continu au nom du r\u00e8glement des probl\u00e8mes que sa gestion de l\u2019\u00e9pid\u00e9mie a engendr\u00e9s, le ministre Blanquer annule <em>de facto <\/em>le baccalaur\u00e9at et emp\u00eache les habituels r\u00e9ajustements cons\u00e9cutifs aux r\u00e9sultats \u00e0 l\u2019examen national. Les approches les plus subjectives se multiplient donc \u00e0 l\u2019ombre de Parcoursup, comme l\u2019ont bien compris des lyc\u00e9es priv\u00e9s qui ont appos\u00e9 un tampon \u00ab <em>100<\/em> <em>% pr\u00e9sentiel <\/em>\u00bb sur les dossiers de leurs lyc\u00e9ens. Plus encore qu\u2019auparavant, le tri risque de se faire en fonction de la r\u00e9putation de l\u2019\u00e9tablissement ou \u00e0 la t\u00eate du \u00ab dossier \u00bb, ou tout simplement du \u00ab client \u00bb.<\/p>\n\n\n\n<h3 class=\"has-text-align-center wp-block-heading\">G\u00e9rer \u00ab stocks \u00bb et \u00ab flux \u00bb, gr\u00e2ce au \u00ab distanciel \u00bb \u00e0 l\u2019universit\u00e9<\/h3>\n\n\n\n<p>Face aux effectifs de ces \u00ab clients \u00bb (environ 670 000 bacheliers en ann\u00e9e normale, 713 000 l\u2019an dernier), le minist\u00e8re de l\u2019enseignement sup\u00e9rieur r\u00e9agit en boutiquier g\u00e9rant les \u00ab stocks \u00bb et les \u00ab flux \u00bb.<\/p>\n\n\n\n<p>Comme si Parcoursup n\u2019excluait pas assez, il faudrait encore exclure parmi les bacheliers qui parviendraient \u00e0 \u00eatre \u00e9tudiants !<\/p>\n\n\n\n<p>Ainsi Paris-Dauphine annonce pour l\u2019an prochain un jour sur cinq en \u00ab distanciel \u00bb, l\u2019Universit\u00e9 de Bordeaux investit 2 millions d\u2019euros pour \u00e9quiper d\u00e9finitivement 100 \u00ab Zoom rooms \u00bb, la Ministre d\u00e9bloque 22 millions d\u2019euros pour l\u2019\u00ab hybridation \u00bb d\u00e8s la rentr\u00e9e et annonce 49 \u00ab campus connect\u00e9s \u00bb\u2026 Aux bacheliers qui persisteraient \u00e0 faire valoir leur droit de suivre des cours universitaires, l\u2019ersatz du \u00ab distanciel \u00bb serait servi comme lot de consolation.<\/p>\n\n\n\n<p>Parcoursup vient donc en renfort des objectifs minist\u00e9riels : d\u00e9truire le baccalaur\u00e9at comme dipl\u00f4me national, qualifiant, premier grade universitaire ; faire du \u00ab distanciel \u00bb p\u00e9rennis\u00e9 la solution privil\u00e9gi\u00e9e pour g\u00e9rer les flux de nouveaux bacheliers.<\/p>\n\n\n\n<p>Enrayer cette destruction programm\u00e9e, c\u2019est revendiquer avec la FNEC-FP FO :<\/p>\n\n\n\n<ul class=\"wp-block-list\"><li><strong>les dotations en heures et postes, en lyc\u00e9e et \u00e0 l\u2019universit\u00e9, pour les indispensables mesures r\u00e9paratrices des dommages cr\u00e9\u00e9es par la gestion gouvernementale du Covid<\/strong>, et pour permettre en particulier de remettre \u00e0 flot les bacheliers 2020 et 2021 priv\u00e9s d\u2019une grande partie de leurs cours ;<\/li><li><strong>la r\u00e9ouverture de tous les cours en pr\u00e9sence des lyc\u00e9ens ou des \u00e9tudiants, au lyc\u00e9e comme \u00e0 l\u2019universit\u00e9 ;<\/strong><\/li><li><strong>l\u2019abandon de Parcoursup, le r\u00e9tablissement de la possibilit\u00e9 pour tous les bacheliers de s\u2019inscrire dans la fili\u00e8re universitaire et l\u2019\u00e9tablissement de leur choix ;<\/strong><\/li><li><strong>Retrait du \u00ab Bac Blanquer \u00bb qui bafoue l\u2019\u00e9galit\u00e9 de traitement entre les candidats, d\u00e9nature les enseignements disciplinaires, et remet en cause le travail des enseignants<\/strong><\/li><li><strong>le r\u00e9tablissement du baccalaur\u00e9at comme examen national<\/strong>, avec des \u00e9preuves disciplinaires, terminales, anonymes et ponctuelles.<\/li><\/ul>\n\n\n\n<p>La FNEC FP-FO soutient les AG des personnels qui refusent la mascarade d\u2019examens impos\u00e9e par Blanquer et les conditions de correction particuli\u00e8rement scandaleuses auxquelles sont soumis les professeurs. Elle appelle \u00e0 multiplier les r\u00e9unions pour prendre position en direction du Ministre et d\u00e9cider des moyens de se faire entendre, y compris par la gr\u00e8ve.<\/p>\n\n\n\n<p>Un pr\u00e9avis de gr\u00e8ve a \u00e9t\u00e9 d\u00e9pos\u00e9 pour couvrir toute la p\u00e9riode jusqu\u2019aux vacances scolaires.<\/p>\n\n\n\n<p class=\"has-text-align-right\"><em>\u00e0 Montreuil, le 20 mai 2021<\/em><\/p>\n\n\n\n<div class=\"wp-block-file\"><a href=\"https:\/\/snudifo37.fr\/wp-content\/uploads\/2021\/06\/21-06-13-Communique-FNEC-FP-FO-Parcoursup-et-Bac-Blanquer.pdf\">21-06-13-Communique-FNEC-FP-FO-Parcoursup-et-Bac-Blanquer<\/a><a href=\"https:\/\/snudifo37.fr\/wp-content\/uploads\/2021\/06\/21-06-13-Communique-FNEC-FP-FO-Parcoursup-et-Bac-Blanquer.pdf\" class=\"wp-block-file__button\" download>T\u00e9l\u00e9charger<\/a><\/div>\n<a class=\"synved-social-button synved-social-button-share synved-social-size-32 synved-social-resolution-single synved-social-provider-facebook nolightbox\" data-provider=\"facebook\" target=\"_blank\" rel=\"nofollow\" title=\"Faites le savoir \u00e0 vos amis via Facebook \" href=\"https:\/\/www.facebook.com\/sharer.php?u=https%3A%2F%2Fsnudifo37.fr%2Findex.php%2Fwp-json%2Fwp%2Fv2%2Fposts%2F3693&#038;t=Parcoursup%20et%20%C2%AB%20Bac%20Blanquer%20%C2%BB%20%3A%20une%20arme%20de%20guerre%20contre%20le%20baccalaur%C3%A9at%20et%20les%20%C3%A9tudes%20sup%C3%A9rieures&#038;s=100&#038;p&#091;url&#093;=https%3A%2F%2Fsnudifo37.fr%2Findex.php%2Fwp-json%2Fwp%2Fv2%2Fposts%2F3693&#038;p&#091;images&#093;&#091;0&#093;=https%3A%2F%2Fsnudifo37.fr%2Fwp-content%2Fuploads%2F2021%2F06%2FBacBlanquerMini.jpg&#038;p&#091;title&#093;=Parcoursup%20et%20%C2%AB%20Bac%20Blanquer%20%C2%BB%20%3A%20une%20arme%20de%20guerre%20contre%20le%20baccalaur%C3%A9at%20et%20les%20%C3%A9tudes%20sup%C3%A9rieures\" style=\"font-size: 0px;width:32px;height:32px;margin:0;margin-bottom:20px;margin-right:20px\"><img loading=\"lazy\" decoding=\"async\" alt=\"Facebook\" title=\"Faites le savoir \u00e0 vos amis via Facebook \" class=\"synved-share-image synved-social-image synved-social-image-share\" width=\"32\" height=\"32\" style=\"display: inline;width:32px;height:32px;margin: 0;padding: 0;border: none;box-shadow: none\" src=\"https:\/\/snudifo37.fr\/wp-content\/plugins\/social-media-feather\/synved-social\/image\/social\/regular\/64x64\/facebook.png\" \/><\/a><a class=\"synved-social-button synved-social-button-share synved-social-size-32 synved-social-resolution-single synved-social-provider-twitter nolightbox\" data-provider=\"twitter\" target=\"_blank\" rel=\"nofollow\" title=\"Informez-en vos amis via Twitter\" href=\"https:\/\/twitter.com\/intent\/tweet?url=https%3A%2F%2Fsnudifo37.fr%2Findex.php%2Fwp-json%2Fwp%2Fv2%2Fposts%2F3693&#038;text=Le%20Snudi-Fo%20vous%20informe%3A\" style=\"font-size: 0px;width:32px;height:32px;margin:0;margin-bottom:20px;margin-right:20px\"><img loading=\"lazy\" decoding=\"async\" alt=\"twitter\" title=\"Informez-en vos amis via Twitter\" class=\"synved-share-image synved-social-image synved-social-image-share\" width=\"32\" height=\"32\" style=\"display: inline;width:32px;height:32px;margin: 0;padding: 0;border: none;box-shadow: none\" src=\"https:\/\/snudifo37.fr\/wp-content\/plugins\/social-media-feather\/synved-social\/image\/social\/regular\/64x64\/twitter.png\" \/><\/a><a class=\"synved-social-button synved-social-button-share synved-social-size-32 synved-social-resolution-single synved-social-provider-mail nolightbox\" data-provider=\"mail\" rel=\"nofollow\" title=\"Les derni\u00e8res informations du Snudi-Fo 37\" href=\"mailto:?subject=Parcoursup%20et%20%C2%AB%20Bac%20Blanquer%20%C2%BB%20%3A%20une%20arme%20de%20guerre%20contre%20le%20baccalaur%C3%A9at%20et%20les%20%C3%A9tudes%20sup%C3%A9rieures&#038;body=Le%20Snudi-Fo%20vous%20informe%3A:%20https%3A%2F%2Fsnudifo37.fr%2Findex.php%2Fwp-json%2Fwp%2Fv2%2Fposts%2F3693\" style=\"font-size: 0px;width:32px;height:32px;margin:0;margin-bottom:20px\"><img loading=\"lazy\" decoding=\"async\" alt=\"mail\" title=\"Les derni\u00e8res informations du Snudi-Fo 37\" class=\"synved-share-image synved-social-image synved-social-image-share\" width=\"32\" height=\"32\" style=\"display: inline;width:32px;height:32px;margin: 0;padding: 0;border: none;box-shadow: none\" src=\"https:\/\/snudifo37.fr\/wp-content\/plugins\/social-media-feather\/synved-social\/image\/social\/regular\/64x64\/mail.png\" \/><\/a>","protected":false},"excerpt":{"rendered":"<p>\u00c0 en croire les communiqu\u00e9s du minist\u00e8re de l\u2019enseignement sup\u00e9rieur, tout va pour le pour le mieux dans le meilleur des mondes pour les bacheliers. Le tournis des chiffres contribue \u00e0 l\u2019illusion : ainsi, \u00e0 propos de la proc\u00e9dure de l\u2019an dernier : \u00ab 17 123 formations [\u2026] ont formul\u00e9 3,4 millions de propositions d&rsquo;admission, soit en moyenne plus de 3 propositions par candidat \u00bb.<\/p>\n","protected":false},"author":1,"featured_media":3695,"comment_status":"closed","ping_status":"closed","sticky":false,"template":"","format":"standard","meta":{"footnotes":""},"categories":[7],"tags":[588,34,1058,812,1057,35,840,673],"class_list":["post-3693","post","type-post","status-publish","format-standard","has-post-thumbnail","hentry","category-syndicat","tag-bac","tag-blanquer","tag-controle-continu-2","tag-distanciel","tag-etudes-superieures","tag-parcoursup","tag-presentiel","tag-privatisation"],"_links":{"self":[{"href":"https:\/\/snudifo37.fr\/index.php\/wp-json\/wp\/v2\/posts\/3693","targetHints":{"allow":["GET"]}}],"collection":[{"href":"https:\/\/snudifo37.fr\/index.php\/wp-json\/wp\/v2\/posts"}],"about":[{"href":"https:\/\/snudifo37.fr\/index.php\/wp-json\/wp\/v2\/types\/post"}],"author":[{"embeddable":true,"href":"https:\/\/snudifo37.fr\/index.php\/wp-json\/wp\/v2\/users\/1"}],"replies":[{"embeddable":true,"href":"https:\/\/snudifo37.fr\/index.php\/wp-json\/wp\/v2\/comments?post=3693"}],"version-history":[{"count":1,"href":"https:\/\/snudifo37.fr\/index.php\/wp-json\/wp\/v2\/posts\/3693\/revisions"}],"predecessor-version":[{"id":3696,"href":"https:\/\/snudifo37.fr\/index.php\/wp-json\/wp\/v2\/posts\/3693\/revisions\/3696"}],"wp:featuredmedia":[{"embeddable":true,"href":"https:\/\/snudifo37.fr\/index.php\/wp-json\/wp\/v2\/media\/3695"}],"wp:attachment":[{"href":"https:\/\/snudifo37.fr\/index.php\/wp-json\/wp\/v2\/media?parent=3693"}],"wp:term":[{"taxonomy":"category","embeddable":true,"href":"https:\/\/snudifo37.fr\/index.php\/wp-json\/wp\/v2\/categories?post=3693"},{"taxonomy":"post_tag","embeddable":true,"href":"https:\/\/snudifo37.fr\/index.php\/wp-json\/wp\/v2\/tags?post=3693"}],"curies":[{"name":"wp","href":"https:\/\/api.w.org\/{rel}","templated":true}]}}