{"id":3689,"date":"2021-06-10T21:09:59","date_gmt":"2021-06-10T19:09:59","guid":{"rendered":"https:\/\/snudifo37.fr\/?p=3689"},"modified":"2021-06-10T21:10:00","modified_gmt":"2021-06-10T19:10:00","slug":"groupe-de-travail-ctsd-carte-scolaire-rentree-2021-les-mesures-du-grenelle-du-ministre-sont-en-cours-dapplication-accompagnement-ppcr-de-collegues-par-des-bd","status":"publish","type":"post","link":"https:\/\/snudifo37.fr\/index.php\/2021\/06\/10\/groupe-de-travail-ctsd-carte-scolaire-rentree-2021-les-mesures-du-grenelle-du-ministre-sont-en-cours-dapplication-accompagnement-ppcr-de-collegues-par-des-bd\/","title":{"rendered":"Groupe de travail CTSD carte scolaire rentr\u00e9e 2021 : les mesures du Grenelle du Ministre sont en cours d&rsquo;application ! Accompagnement PPCR de coll\u00e8gues par des BD &#8230;"},"content":{"rendered":"\n<p>Le Groupe de travail concernant la rentr\u00e9e 2021 s\u2019est tenu ce jour. Baptiste Duc, Florence Riquelme et Julien Giraudier y si\u00e9geaient pour la FNEC FP-FO.<\/p>\n\n\n\n<p>Nous y avons r\u00e9affirm\u00e9 les revendications que nous d\u00e9fendons dans nos mandats :<\/p>\n\n\n\n<ul class=\"wp-block-list\"><li>Annulation des fermetures de classe<\/li><li>Ouverture syst\u00e9matique d\u00e8s la limite de 25 \u00e9l\u00e8ves par classe<\/li><li>Suppression des postes de Conseillers P\u00e9dagogiques cr\u00e9\u00e9s en f\u00e9vrier <strong>pour l\u2019\u00a0\u00bbaccompagnement\u00a0\u00bb des coll\u00e8gues dans le cadre du PPCR.<\/strong><\/li><\/ul>\n\n\n\n<p>Mme Leray, adjointe \u00e0 l&rsquo;Inspecteur d&rsquo;Acad\u00e9mie, a pr\u00e9sid\u00e9 le groupe de travail. Elle a pr\u00e9cis\u00e9 qu\u2019un certain nombre d\u2019\u00e9coles fait l\u2019objet d\u2019une surveillance de l\u2019IA-DASEN, et que des d\u00e9cisions d\u2019ajustement seraient prises lors du CTSD du 22 juin, voire fin ao\u00fbt pour les situations les plus instables.<\/p>\n\n\n\n<p><strong>Parmi ces d\u00e9cisions, nous nous sommes \u00e9lev\u00e9s contre la possibilit\u00e9 de fermer une classe fin juin dans l\u2019\u00e9cole maternelle Paul Fort \u00e0 Tours<\/strong>&nbsp;: depuis des ann\u00e9es, aucune classe n\u2019a \u00e9t\u00e9 ferm\u00e9e \u00e0 cette p\u00e9riode de l\u2019ann\u00e9e dans notre d\u00e9partement&nbsp;!<\/p>\n\n\n\n<p>Une situation inacceptable \u00e0 quelques semaines de la fin d\u2019une ann\u00e9e scolaire qui fut \u00e9prouvante pour tout le monde. <strong>Une situation que nous d\u00e9non\u00e7ons et \u00e0 laquelle nous nous sommes oppos\u00e9s, et contre laquelle nous nous opposerons encore le 22 juin prochain.<\/strong><\/p>\n\n\n\n<p><strong>L\u2019\u00e9cole Alain \u00e0 Tours Nord fait aussi l\u2019objet d\u2019une surveillance accrue<\/strong> face \u00e0 la baisse des effectifs annonc\u00e9s. Une op\u00e9ration de comptage des \u00e9l\u00e8ves pourrait y \u00eatre men\u00e9e \u00e0 la rentr\u00e9e, avec toutes les cons\u00e9quences possibles. <strong>Le SNUDI-FO s\u2019oppose l\u00e0 encore \u00e0 ces pratiques, rappelant la brutalit\u00e9 du proc\u00e9d\u00e9 et les d\u00e9stabilisations et d\u00e9gradations des conditions d\u2019enseignement que cela entra\u00eene.<\/strong><\/p>\n\n\n\n<p>Les autres pistes de r\u00e9flexion de l\u2019administration&nbsp;:<\/p>\n\n\n\n<ul class=\"wp-block-list\"><li><strong>Savonni\u00e8res \u00e9l\u00e9mentaire<\/strong>\u00a0: face \u00e0 l\u2019augmentation des effectifs, une attention particuli\u00e8re pourrait \u00eatre port\u00e9e \u00e0 l\u2019\u00e9cole fin Ao\u00fbt en vue d\u2019une ouverture potentielle.<\/li><li><strong>Rouziers de Touraine<\/strong>\u00a0: r\u00e9ouverture potentielle de la classe ferm\u00e9e en f\u00e9vrier.<\/li><li>L<strong>angeais \u00e9l\u00e9mentaire<\/strong>\u00a0: ouverture potentielle.<\/li><li><strong>Esvres\u00a0\u00e9l\u00e9mentaire<\/strong> : ouverture potentielle d\u2019une classe.<\/li><li><strong>Ecole Henri Adam de Saint-Avertin<\/strong>\u00a0: effectifs en hausse, mais pas de locaux disponibles pour une ouverture. L\u2019administration r\u00e9fl\u00e9chie \u00e0 rediriger les inscriptions vers une autre \u00e9cole.<\/li><li><strong>Maternelle Stalingrad et \u00e9cole Viala-Stalingrad \u00e0 St Pierre des Corps<\/strong>\u00a0: demandes d\u2019ouvertures qui vont \u00eatre \u00e9tudi\u00e9es par l\u2019administration.<\/li><\/ul>\n\n\n\n<p><strong>Nous sommes en outre intervenus sur les fermetures act\u00e9es en f\u00e9vrier \u00e0 la demande des \u00e9coles concern\u00e9es. <\/strong>Elles aussi font face \u00e0 des augmentations d\u2019effectifs, des d\u00e9sorganisations ou \u00e0 une d\u00e9gradation des conditions de travail et d\u2019apprentissage suite \u00e0 ces d\u00e9cisions. Toutes les \u00e9coles concern\u00e9es ont \u00e9t\u00e9 contact\u00e9es par nos repr\u00e9sentants, et nous restons \u00e0 leur disposition pour les suites \u00e0 donner \u00e0 ce groupe de travail. Contactez-nous \u00e0 <a href=\"mailto:fo-snudi@wanadoo.fr\" target=\"_blank\" rel=\"noreferrer noopener\">fo-snudi@wanadoo.fr<\/a><\/p>\n\n\n\n<h3 class=\"has-text-align-center wp-block-heading\"><strong><span class=\"has-inline-color has-vivid-red-color\">Des postes de Brigades D\u00e9partementales pour l&rsquo;accompagnement PPCR &#8230; par les pairs !\u00a0<\/span><\/strong><\/h3>\n\n\n\n<p>Plus inqui\u00e9tant, <strong>l\u2019administration parle de cr\u00e9er de nouveaux postes de brigades pour faire face \u00e0 \u00ab&nbsp;de possibles difficult\u00e9s \u00e0 la rentr\u00e9e&nbsp;\u00bb prochaine, notamment concernant la campagne sanitaire, mais aussi\u2026 pour l\u2019accompagnement&nbsp;!<\/strong><\/p>\n\n\n\n<p>Des postes de BD seraient r\u00e9serv\u00e9s pour accompagner les coll\u00e8gues \u00ab&nbsp;de retour dans les classes&nbsp;\u00bb, \u00e0 leur demande selon l\u2019administration, et pour les \u00ab&nbsp;remplacer lorsqu\u2019ils seront en formation&nbsp;\u00bb\u2026 Comme les constellations cette ann\u00e9e&nbsp;!<\/p>\n\n\n\n<p>Il semble \u00e9vident que le minist\u00e8re n\u2019a pas abandonn\u00e9 cette id\u00e9e, et que la formation par les pairs, comme cela s\u2019est d\u00e9j\u00e0 produit cette ann\u00e9e dans certaines \u00e9coles du d\u00e9partement, progresse. D\u2019o\u00f9 la n\u00e9cessit\u00e9 de cr\u00e9er de nouveaux postes de BD attribu\u00e9s \u00e0 ces missions. Nous devrions avoir plus d\u2019informations \u00e0 ce sujet lors de la pr\u00e9sentation du plan de formation, et continuerons \u00e0 \u0153uvrer contre leur mise en place si cela devait s\u2019av\u00e9rer exact.<\/p>\n\n\n\n<p>Rappelons que le Minist\u00e8re pr\u00e9voit de passer \u00e0 l&rsquo;\u00e9valuation par les pairs dans le cadre des r\u00e9formes statutaires de son Grenelle, prolongement de PPCR !&nbsp;<\/p>\n<a class=\"synved-social-button synved-social-button-share synved-social-size-32 synved-social-resolution-single synved-social-provider-facebook nolightbox\" data-provider=\"facebook\" target=\"_blank\" rel=\"nofollow\" title=\"Faites le savoir \u00e0 vos amis via Facebook \" href=\"https:\/\/www.facebook.com\/sharer.php?u=https%3A%2F%2Fsnudifo37.fr%2Findex.php%2Fwp-json%2Fwp%2Fv2%2Fposts%2F3689&#038;t=Groupe%20de%20travail%20CTSD%20carte%20scolaire%20rentr%C3%A9e%202021%20%3A%20les%20mesures%20du%20Grenelle%20du%20Ministre%20sont%20en%20cours%20d%E2%80%99application%20%21%20Accompagnement%20PPCR%20de%20coll%C3%A8gues%20par%20des%20BD%20%E2%80%A6&#038;s=100&#038;p&#091;url&#093;=https%3A%2F%2Fsnudifo37.fr%2Findex.php%2Fwp-json%2Fwp%2Fv2%2Fposts%2F3689&#038;p&#091;images&#093;&#091;0&#093;=https%3A%2F%2Fsnudifo37.fr%2Fwp-content%2Fuploads%2F2019%2F05%2FCTSD.png&#038;p&#091;title&#093;=Groupe%20de%20travail%20CTSD%20carte%20scolaire%20rentr%C3%A9e%202021%20%3A%20les%20mesures%20du%20Grenelle%20du%20Ministre%20sont%20en%20cours%20d%E2%80%99application%20%21%20Accompagnement%20PPCR%20de%20coll%C3%A8gues%20par%20des%20BD%20%E2%80%A6\" style=\"font-size: 0px;width:32px;height:32px;margin:0;margin-bottom:20px;margin-right:20px\"><img loading=\"lazy\" decoding=\"async\" alt=\"Facebook\" title=\"Faites le savoir \u00e0 vos amis via Facebook \" class=\"synved-share-image synved-social-image synved-social-image-share\" width=\"32\" height=\"32\" style=\"display: inline;width:32px;height:32px;margin: 0;padding: 0;border: none;box-shadow: none\" src=\"https:\/\/snudifo37.fr\/wp-content\/plugins\/social-media-feather\/synved-social\/image\/social\/regular\/64x64\/facebook.png\" \/><\/a><a class=\"synved-social-button synved-social-button-share synved-social-size-32 synved-social-resolution-single synved-social-provider-twitter nolightbox\" data-provider=\"twitter\" target=\"_blank\" rel=\"nofollow\" title=\"Informez-en vos amis via Twitter\" href=\"https:\/\/twitter.com\/intent\/tweet?url=https%3A%2F%2Fsnudifo37.fr%2Findex.php%2Fwp-json%2Fwp%2Fv2%2Fposts%2F3689&#038;text=Le%20Snudi-Fo%20vous%20informe%3A\" style=\"font-size: 0px;width:32px;height:32px;margin:0;margin-bottom:20px;margin-right:20px\"><img loading=\"lazy\" decoding=\"async\" alt=\"twitter\" title=\"Informez-en vos amis via Twitter\" class=\"synved-share-image synved-social-image synved-social-image-share\" width=\"32\" height=\"32\" style=\"display: inline;width:32px;height:32px;margin: 0;padding: 0;border: none;box-shadow: none\" src=\"https:\/\/snudifo37.fr\/wp-content\/plugins\/social-media-feather\/synved-social\/image\/social\/regular\/64x64\/twitter.png\" \/><\/a><a class=\"synved-social-button synved-social-button-share synved-social-size-32 synved-social-resolution-single synved-social-provider-mail nolightbox\" data-provider=\"mail\" rel=\"nofollow\" title=\"Les derni\u00e8res informations du Snudi-Fo 37\" href=\"mailto:?subject=Groupe%20de%20travail%20CTSD%20carte%20scolaire%20rentr%C3%A9e%202021%20%3A%20les%20mesures%20du%20Grenelle%20du%20Ministre%20sont%20en%20cours%20d%E2%80%99application%20%21%20Accompagnement%20PPCR%20de%20coll%C3%A8gues%20par%20des%20BD%20%E2%80%A6&#038;body=Le%20Snudi-Fo%20vous%20informe%3A:%20https%3A%2F%2Fsnudifo37.fr%2Findex.php%2Fwp-json%2Fwp%2Fv2%2Fposts%2F3689\" style=\"font-size: 0px;width:32px;height:32px;margin:0;margin-bottom:20px\"><img loading=\"lazy\" decoding=\"async\" alt=\"mail\" title=\"Les derni\u00e8res informations du Snudi-Fo 37\" class=\"synved-share-image synved-social-image synved-social-image-share\" width=\"32\" height=\"32\" style=\"display: inline;width:32px;height:32px;margin: 0;padding: 0;border: none;box-shadow: none\" src=\"https:\/\/snudifo37.fr\/wp-content\/plugins\/social-media-feather\/synved-social\/image\/social\/regular\/64x64\/mail.png\" \/><\/a>","protected":false},"excerpt":{"rendered":"<p>Le Groupe de travail concernant la rentr\u00e9e 2021 s\u2019est tenu ce jour. Baptiste Duc, Florence Riquelme et Julien Giraudier y si\u00e9geaient pour la FNEC FP-FO.<\/p>\n","protected":false},"author":1,"featured_media":289,"comment_status":"closed","ping_status":"closed","sticky":false,"template":"","format":"standard","meta":{"footnotes":""},"categories":[10,8],"tags":[109,85,726,352,84,159,83,491,123],"class_list":["post-3689","post","type-post","status-publish","format-standard","has-post-thumbnail","hentry","category-csa","category-instances","tag-brigades","tag-carte-scolaire","tag-constellations","tag-creation-de-poste","tag-fermeture","tag-formation","tag-ouverture","tag-poste","tag-remplacants"],"_links":{"self":[{"href":"https:\/\/snudifo37.fr\/index.php\/wp-json\/wp\/v2\/posts\/3689","targetHints":{"allow":["GET"]}}],"collection":[{"href":"https:\/\/snudifo37.fr\/index.php\/wp-json\/wp\/v2\/posts"}],"about":[{"href":"https:\/\/snudifo37.fr\/index.php\/wp-json\/wp\/v2\/types\/post"}],"author":[{"embeddable":true,"href":"https:\/\/snudifo37.fr\/index.php\/wp-json\/wp\/v2\/users\/1"}],"replies":[{"embeddable":true,"href":"https:\/\/snudifo37.fr\/index.php\/wp-json\/wp\/v2\/comments?post=3689"}],"version-history":[{"count":1,"href":"https:\/\/snudifo37.fr\/index.php\/wp-json\/wp\/v2\/posts\/3689\/revisions"}],"predecessor-version":[{"id":3690,"href":"https:\/\/snudifo37.fr\/index.php\/wp-json\/wp\/v2\/posts\/3689\/revisions\/3690"}],"wp:featuredmedia":[{"embeddable":true,"href":"https:\/\/snudifo37.fr\/index.php\/wp-json\/wp\/v2\/media\/289"}],"wp:attachment":[{"href":"https:\/\/snudifo37.fr\/index.php\/wp-json\/wp\/v2\/media?parent=3689"}],"wp:term":[{"taxonomy":"category","embeddable":true,"href":"https:\/\/snudifo37.fr\/index.php\/wp-json\/wp\/v2\/categories?post=3689"},{"taxonomy":"post_tag","embeddable":true,"href":"https:\/\/snudifo37.fr\/index.php\/wp-json\/wp\/v2\/tags?post=3689"}],"curies":[{"name":"wp","href":"https:\/\/api.w.org\/{rel}","templated":true}]}}