{"id":3663,"date":"2021-06-01T13:28:14","date_gmt":"2021-06-01T11:28:14","guid":{"rendered":"https:\/\/snudifo37.fr\/?p=3663"},"modified":"2021-06-01T13:35:46","modified_gmt":"2021-06-01T11:35:46","slug":"contraint-par-le-refus-de-recruter-du-ministre-lia-dasen-met-en-place-la-prise-en-charge-des-eleves-par-des-animateurs","status":"publish","type":"post","link":"https:\/\/snudifo37.fr\/index.php\/2021\/06\/01\/contraint-par-le-refus-de-recruter-du-ministre-lia-dasen-met-en-place-la-prise-en-charge-des-eleves-par-des-animateurs\/","title":{"rendered":"Contraint par le refus de recruter du Ministre, l&rsquo;IA-DASEN met en place la prise en charge des \u00e9l\u00e8ves par des animateurs !"},"content":{"rendered":"\n<p>Alors que des des dizaines de classes sont ferm\u00e9es et non remplac\u00e9es dans le d\u00e9partement, l&rsquo;IA-DASEN vient de faire le choix de proposer la prise en charge des \u00e9l\u00e8ves par les communes !<\/p>\n\n\n\n<p>Cela cr\u00e9e un pr\u00e9c\u00e9dent et constitue une menace suppl\u00e9mentaire contre notre statut !<\/p>\n\n\n\n<h4 class=\"wp-block-heading\"><strong>Le \u00ab\u00a0quoi qu&rsquo;il en co\u00fbte\u00a0\u00bb du pr\u00e9sident Macron, c&rsquo;est le refus de recruter des enseignants et la continuit\u00e9 dans la suppression des heures d&rsquo;enseignement dues aux \u00e9l\u00e8ves !<\/strong><\/h4>\n\n\n\n<p>La FNEC FP-FO depuis des mois exige du Ministre qu&rsquo;il recrute massivement des enseignants notamment via le recrutement de tous les coll\u00e8gues inscrits sur la liste compl\u00e9mentaire du concours et l&rsquo;int\u00e9gration imm\u00e9diate sous statut de fonctionnaire des enseignants contractuels. S&rsquo;appuyant sur la loi de Transformation de la Fonction Publique, prolongement du PPCR, le Ministre persiste dans son refus de recruter des fonctionnaires !<\/p>\n\n\n\n<p>Comme l&rsquo;expriment le SNUDI-FO 93, le SNUipp-FSU 93, la CGT Educ 93 et Sud Educ 93 dans un appel intersyndical :<\/p>\n\n\n\n<p class=\"has-background\" style=\"background-color:#d7dadb\">\u00ab\u00a0<em>Quand les municipalit\u00e9s suppl\u00e9ent aux insuffisances de Blanquer,Les enseignant-es remplac\u00e9-es par des animateurs-trices ?C\u2019est non ! Cr\u00e9ation des postes n\u00e9cessaires !(&#8230;) <br><br>Les organisations syndicales, SNUipp-FSU 93, CGT \u00c9duc\u2019 93, Snudi FO 93 et SUD \u00c9ducation 93 revendiquent un plan d\u2019urgence indispensable pour l\u2019\u00e9cole et les \u00e9tablissements de Seine?Saint?Denis afin d\u2019obtenir des moyens humains pour couvrir tous les besoins, notamment en remplacement.<br><br>Le gouvernement doit permettre la cr\u00e9ation massive de postes au concours et la cr\u00e9ation de plusieurs centaines de postes de rempla\u00e7ant-es !<\/em>\u00a0\u00bb <\/p>\n\n\n\n<h4 class=\"wp-block-heading\"><strong>Ces organisations syndicales ont raison !<\/strong><\/h4>\n\n\n\n<p>Le SNUDI-FO 37 s&rsquo;adresse imm\u00e9diatement \u00e0 l&rsquo;IA-DASEN et propose une expression commune similaire aux autres organisations syndicales du 37.<\/p>\n\n\n\n<p>Plus que jamais, continuez de signer massivement notre p\u00e9tition :<a rel=\"noreferrer noopener\" href=\"https:\/\/framaforms.org\/snudi-fo-petition-pour-le-recrutement-massif-et-immediat-denseignants-sous-statut-1619957698\" target=\"_blank\">https:\/\/framaforms.org\/snudi-fo-petition-pour-le&#8230;<\/a><\/p>\n\n\n\n<p>Nous exigeons d\u00e8s maintenant :<\/p>\n\n\n\n<ul class=\"wp-block-list\"><li>Ni r\u00e9partition dans les autres classes,<\/li><li>Ni renvoi des \u00e9l\u00e8ves dont les enseignants sont absents !<\/li><\/ul>\n\n\n\n<p>Le Ministre doit recruter des PE sous statut d\u00e8s maintenant !afin que chaque coll\u00e8gue absent soit remplac\u00e9,afin d\u2019all\u00e9ger les effectifs dans les classes !<\/p>\n\n\n\n<p>Faites remonter toutes les informations en votre possession \u00e0 <a href=\"mailto:fo-snudi@wanadoo.fr\" target=\"_blank\" rel=\"noreferrer noopener\">fo-snudi@wanadoo.fr<\/a><\/p>\n<a class=\"synved-social-button synved-social-button-share synved-social-size-32 synved-social-resolution-single synved-social-provider-facebook nolightbox\" data-provider=\"facebook\" target=\"_blank\" rel=\"nofollow\" title=\"Faites le savoir \u00e0 vos amis via Facebook \" href=\"https:\/\/www.facebook.com\/sharer.php?u=https%3A%2F%2Fsnudifo37.fr%2Findex.php%2Fwp-json%2Fwp%2Fv2%2Fposts%2F3663&#038;t=Contraint%20par%20le%20refus%20de%20recruter%20du%20Ministre%2C%20l%E2%80%99IA-DASEN%20met%20en%20place%20la%20prise%20en%20charge%20des%20%C3%A9l%C3%A8ves%20par%20des%20animateurs%20%21&#038;s=100&#038;p&#091;url&#093;=https%3A%2F%2Fsnudifo37.fr%2Findex.php%2Fwp-json%2Fwp%2Fv2%2Fposts%2F3663&#038;p&#091;images&#093;&#091;0&#093;=https%3A%2F%2Fsnudifo37.fr%2Fwp-content%2Fuploads%2F2020%2F10%2F1740417.jpg&#038;p&#091;title&#093;=Contraint%20par%20le%20refus%20de%20recruter%20du%20Ministre%2C%20l%E2%80%99IA-DASEN%20met%20en%20place%20la%20prise%20en%20charge%20des%20%C3%A9l%C3%A8ves%20par%20des%20animateurs%20%21\" style=\"font-size: 0px;width:32px;height:32px;margin:0;margin-bottom:20px;margin-right:20px\"><img loading=\"lazy\" decoding=\"async\" alt=\"Facebook\" title=\"Faites le savoir \u00e0 vos amis via Facebook \" class=\"synved-share-image synved-social-image synved-social-image-share\" width=\"32\" height=\"32\" style=\"display: inline;width:32px;height:32px;margin: 0;padding: 0;border: none;box-shadow: none\" src=\"https:\/\/snudifo37.fr\/wp-content\/plugins\/social-media-feather\/synved-social\/image\/social\/regular\/64x64\/facebook.png\" \/><\/a><a class=\"synved-social-button synved-social-button-share synved-social-size-32 synved-social-resolution-single synved-social-provider-twitter nolightbox\" data-provider=\"twitter\" target=\"_blank\" rel=\"nofollow\" title=\"Informez-en vos amis via Twitter\" href=\"https:\/\/twitter.com\/intent\/tweet?url=https%3A%2F%2Fsnudifo37.fr%2Findex.php%2Fwp-json%2Fwp%2Fv2%2Fposts%2F3663&#038;text=Le%20Snudi-Fo%20vous%20informe%3A\" style=\"font-size: 0px;width:32px;height:32px;margin:0;margin-bottom:20px;margin-right:20px\"><img loading=\"lazy\" decoding=\"async\" alt=\"twitter\" title=\"Informez-en vos amis via Twitter\" class=\"synved-share-image synved-social-image synved-social-image-share\" width=\"32\" height=\"32\" style=\"display: inline;width:32px;height:32px;margin: 0;padding: 0;border: none;box-shadow: none\" src=\"https:\/\/snudifo37.fr\/wp-content\/plugins\/social-media-feather\/synved-social\/image\/social\/regular\/64x64\/twitter.png\" \/><\/a><a class=\"synved-social-button synved-social-button-share synved-social-size-32 synved-social-resolution-single synved-social-provider-mail nolightbox\" data-provider=\"mail\" rel=\"nofollow\" title=\"Les derni\u00e8res informations du Snudi-Fo 37\" href=\"mailto:?subject=Contraint%20par%20le%20refus%20de%20recruter%20du%20Ministre%2C%20l%E2%80%99IA-DASEN%20met%20en%20place%20la%20prise%20en%20charge%20des%20%C3%A9l%C3%A8ves%20par%20des%20animateurs%20%21&#038;body=Le%20Snudi-Fo%20vous%20informe%3A:%20https%3A%2F%2Fsnudifo37.fr%2Findex.php%2Fwp-json%2Fwp%2Fv2%2Fposts%2F3663\" style=\"font-size: 0px;width:32px;height:32px;margin:0;margin-bottom:20px\"><img loading=\"lazy\" decoding=\"async\" alt=\"mail\" title=\"Les derni\u00e8res informations du Snudi-Fo 37\" class=\"synved-share-image synved-social-image synved-social-image-share\" width=\"32\" height=\"32\" style=\"display: inline;width:32px;height:32px;margin: 0;padding: 0;border: none;box-shadow: none\" src=\"https:\/\/snudifo37.fr\/wp-content\/plugins\/social-media-feather\/synved-social\/image\/social\/regular\/64x64\/mail.png\" \/><\/a>","protected":false},"excerpt":{"rendered":"<p>Alors que des des dizaines de classes sont ferm\u00e9es et non remplac\u00e9es dans le d\u00e9partement, l&rsquo;IA-DASEN vient de faire le choix de proposer la prise en charge des \u00e9l\u00e8ves par les communes !<\/p>\n","protected":false},"author":1,"featured_media":2626,"comment_status":"closed","ping_status":"closed","sticky":false,"template":"","format":"standard","meta":{"footnotes":""},"categories":[7],"tags":[1043,436,265,183,33,455,163],"class_list":["post-3663","post","type-post","status-publish","format-standard","has-post-thumbnail","hentry","category-syndicat","tag-animateurs","tag-enseignants","tag-ia-dasen","tag-loi-transformation-fonction-publique","tag-ppcr","tag-recrutement","tag-remplacements"],"_links":{"self":[{"href":"https:\/\/snudifo37.fr\/index.php\/wp-json\/wp\/v2\/posts\/3663","targetHints":{"allow":["GET"]}}],"collection":[{"href":"https:\/\/snudifo37.fr\/index.php\/wp-json\/wp\/v2\/posts"}],"about":[{"href":"https:\/\/snudifo37.fr\/index.php\/wp-json\/wp\/v2\/types\/post"}],"author":[{"embeddable":true,"href":"https:\/\/snudifo37.fr\/index.php\/wp-json\/wp\/v2\/users\/1"}],"replies":[{"embeddable":true,"href":"https:\/\/snudifo37.fr\/index.php\/wp-json\/wp\/v2\/comments?post=3663"}],"version-history":[{"count":1,"href":"https:\/\/snudifo37.fr\/index.php\/wp-json\/wp\/v2\/posts\/3663\/revisions"}],"predecessor-version":[{"id":3664,"href":"https:\/\/snudifo37.fr\/index.php\/wp-json\/wp\/v2\/posts\/3663\/revisions\/3664"}],"wp:featuredmedia":[{"embeddable":true,"href":"https:\/\/snudifo37.fr\/index.php\/wp-json\/wp\/v2\/media\/2626"}],"wp:attachment":[{"href":"https:\/\/snudifo37.fr\/index.php\/wp-json\/wp\/v2\/media?parent=3663"}],"wp:term":[{"taxonomy":"category","embeddable":true,"href":"https:\/\/snudifo37.fr\/index.php\/wp-json\/wp\/v2\/categories?post=3663"},{"taxonomy":"post_tag","embeddable":true,"href":"https:\/\/snudifo37.fr\/index.php\/wp-json\/wp\/v2\/tags?post=3663"}],"curies":[{"name":"wp","href":"https:\/\/api.w.org\/{rel}","templated":true}]}}