{"id":3617,"date":"2021-05-29T13:54:29","date_gmt":"2021-05-29T11:54:29","guid":{"rendered":"https:\/\/snudifo37.fr\/?p=3617"},"modified":"2021-05-29T13:54:29","modified_gmt":"2021-05-29T11:54:29","slug":"la-privatisation-et-le-management-dans-les-ecoles-et-les-etablissements-lausterite-permanente-cest-non","status":"publish","type":"post","link":"https:\/\/snudifo37.fr\/index.php\/2021\/05\/29\/la-privatisation-et-le-management-dans-les-ecoles-et-les-etablissements-lausterite-permanente-cest-non\/","title":{"rendered":"La privatisation et le management dans les \u00e9coles et les \u00e9tablissements, l\u2019aust\u00e9rit\u00e9 permanente, c\u2019est NON !"},"content":{"rendered":"\n<div class=\"wp-block-image\"><figure class=\"aligncenter size-large is-resized\"><img loading=\"lazy\" decoding=\"async\" src=\"https:\/\/snudifo37.fr\/wp-content\/uploads\/2021\/04\/logo.vectoriel-1024x1024-1-1024x1024.jpg\" alt=\"\" class=\"wp-image-3409\" width=\"278\" height=\"278\" srcset=\"https:\/\/snudifo37.fr\/wp-content\/uploads\/2021\/04\/logo.vectoriel-1024x1024-1.jpg 1024w, https:\/\/snudifo37.fr\/wp-content\/uploads\/2021\/04\/logo.vectoriel-1024x1024-1-300x300.jpg 300w, https:\/\/snudifo37.fr\/wp-content\/uploads\/2021\/04\/logo.vectoriel-1024x1024-1-150x150.jpg 150w, https:\/\/snudifo37.fr\/wp-content\/uploads\/2021\/04\/logo.vectoriel-1024x1024-1-768x768.jpg 768w, https:\/\/snudifo37.fr\/wp-content\/uploads\/2021\/04\/logo.vectoriel-1024x1024-1-125x125.jpg 125w\" sizes=\"auto, (max-width: 278px) 100vw, 278px\" \/><\/figure><\/div>\n\n\n\n<p>Le ministre a r\u00e9uni les organisations syndicales le 26 mai pour annoncer les mesures du \u00ab Grenelle \u00bb. Cette r\u00e9union confirme totalement l\u2019analyse de la FNEC FP-FO : le ministre entend bouleverser le fonctionnement de l\u2019\u00e9cole publique en pi\u00e9tinant les statuts !<\/p>\n\n\n\n<p>Que r\u00e9pond-il par exemple lorsque la FNEC FP-FO l\u2019interpelle sur l\u2019exp\u00e9rimentation mise en \u0153uvre dans la Somme, o\u00f9 les rempla\u00e7ants du 1er degr\u00e9 seraient g\u00e9r\u00e9s d\u00e8s le 31 mai non plus par les services de la DSDEN mais par une start-up ? Il confirme que ce dispositif est mis en \u0153uvre avec son accord ! Pire, il entend le g\u00e9n\u00e9raliser pour \u00ab am\u00e9liorer \u00bb la gestion du remplacement qui est selon lui \u00ab probl\u00e9matique \u00bb !<\/p>\n\n\n\n<p>Alors qu\u2019il se refuse \u00e0 cr\u00e9er les postes et les recrutements n\u00e9cessaires pour garantir aux \u00e9l\u00e8ves leur droit \u00e0 l\u2019instruction, alors qu\u2019il persiste \u00e0 fermer des classes pour la prochaine rentr\u00e9e, alors qu\u2019il supprime 1800 postes dans le 2nd degr\u00e9, alors qu\u2019il a rendu des centaines de millions au budget 2020\u2026 le ministre prend pr\u00e9texte de la situation chaotique qu\u2019il a lui-m\u00eame cr\u00e9\u00e9e pour avancer vers la privatisation de l\u2019Ecole Publique !<\/p>\n\n\n\n<p>Toutes ses autres annonces (mise en place d\u2019une RH de proximit\u00e9, pilotage par l\u2019\u00e9valuation, \u00e9valuation par les pairs, renforcement de l\u2019accompagnement qui s\u2019inscrit dans la continuit\u00e9 de PPCR, loi Rilhac posant les jalons d\u2019un statut de directeur d\u2019\u00e9cole sup\u00e9rieur hi\u00e9rarchique\u2026) sont \u00e0 cette aune !<\/p>\n\n\n\n<p>Quant \u00e0 son battage m\u00e9diatique sur une pseudo-revalorisation des personnels, quelle en est la r\u00e9alit\u00e9 ?<\/p>\n\n\n\n<p>Rappelons que pour 2021, la prime d\u2019attractivit\u00e9 n\u2019est vers\u00e9e qu\u2019\u00e0 1\/3 des enseignants et que la seule mesure qui concerne tous les enseignants est la prime informatique correspondant \u00e0 12,50\u20ac par mois ! Et pour tous les autres personnels (administratifs, personnels m\u00e9dico-sociaux, AESH, AED\u2026), rien !<\/p>\n\n\n\n<p>Pour 2022, le ministre annonce 700 millions pour 2022 mais :<\/p>\n\n\n\n<ul class=\"wp-block-list\"><li>100 millions d\u2019euros sont d\u00e9j\u00e0 compt\u00e9s pour 2021<\/li><li>200 millions d\u2019euros seraient consacr\u00e9s \u00e0 la protection sociale compl\u00e9mentaire mais toutes les cons\u00e9quences de ce potentiel financement par l\u2019employeur des mutuelles, toujours en discussion au niveau de la fonction publique, ne sont pas encore connues et pourraient \u00eatre pr\u00e9judiciables aux agents.<\/li><\/ul>\n\n\n\n<p>Restent donc 400 millions d\u2019euros pour\u2026 plus d\u2019un million de personnels ! Rappelons que les personnels hospitaliers ont, par leur mobilisation, obtenu 183\u20ac net d\u2019augmentation indiciaire par mois soit une hausse du budget annuel pour leur r\u00e9mun\u00e9ration de 7,5 milliards d\u2019euros !<\/p>\n\n\n\n<p>Face aux annonces du ministre, la FNEC FP-FO r\u00e9affirme toutes ses revendications :<\/p>\n\n\n\n<ul class=\"wp-block-list\"><li>La cr\u00e9ation imm\u00e9diate des postes n\u00e9cessaires !<\/li><li>Une augmentation de 20% de la valeur du point d\u2019indice et dans l\u2019imm\u00e9diat l\u2019octroi de 183\u20ac net par mois pour tous les personnels !<\/li><li>Le retrait de toutes les contre-r\u00e9formes allant dans le sens de la privatisation de l\u2019Ecole Publique et de l\u2019instauration d\u2019un management calqu\u00e9 sur celui des entreprises priv\u00e9es !<\/li><li>L\u2019abandon des PIAL ainsi qu\u2019un vrai statut et un vrai salaire pour les AESH qui seront en gr\u00e8ve le 3 juin !<\/li><\/ul>\n\n\n\n<p><strong>La FNEC FP-FO appelle tous les personnels \u00e0 se r\u00e9unir suite \u00e0 ces nouvelles annonces. La question de la mobilisation en direction du ministre est pos\u00e9e ! La FNEC FP-FO s\u2019adresse \u00e0 l\u2019ensemble des organisations syndicales en ce sens.<\/strong><strong><\/strong><\/p>\n\n\n\n<p class=\"has-text-align-right\"><em>Montreuil le 28 mai 2021<\/em><\/p>\n\n\n\n<div class=\"wp-block-file\"><a href=\"https:\/\/snudifo37.fr\/wp-content\/uploads\/2021\/05\/21-05-28-comm-annonces-du-Grenelle.pdf\">21-05-28-comm-annonces-du-Grenelle<\/a><a href=\"https:\/\/snudifo37.fr\/wp-content\/uploads\/2021\/05\/21-05-28-comm-annonces-du-Grenelle.pdf\" class=\"wp-block-file__button\" download>T\u00e9l\u00e9charger<\/a><\/div>\n<a class=\"synved-social-button synved-social-button-share synved-social-size-32 synved-social-resolution-single synved-social-provider-facebook nolightbox\" data-provider=\"facebook\" target=\"_blank\" rel=\"nofollow\" title=\"Faites le savoir \u00e0 vos amis via Facebook \" href=\"https:\/\/www.facebook.com\/sharer.php?u=https%3A%2F%2Fsnudifo37.fr%2Findex.php%2Fwp-json%2Fwp%2Fv2%2Fposts%2F3617&#038;t=La%20privatisation%20et%20le%20management%20dans%20les%20%C3%A9coles%20et%20les%20%C3%A9tablissements%2C%20l%E2%80%99aust%C3%A9rit%C3%A9%20permanente%2C%20c%E2%80%99est%20NON%20%21&#038;s=100&#038;p&#091;url&#093;=https%3A%2F%2Fsnudifo37.fr%2Findex.php%2Fwp-json%2Fwp%2Fv2%2Fposts%2F3617&#038;p&#091;images&#093;&#091;0&#093;=https%3A%2F%2Fsnudifo37.fr%2Fwp-content%2Fuploads%2F2020%2F05%2FServicesPublics.jpg&#038;p&#091;title&#093;=La%20privatisation%20et%20le%20management%20dans%20les%20%C3%A9coles%20et%20les%20%C3%A9tablissements%2C%20l%E2%80%99aust%C3%A9rit%C3%A9%20permanente%2C%20c%E2%80%99est%20NON%20%21\" style=\"font-size: 0px;width:32px;height:32px;margin:0;margin-bottom:20px;margin-right:20px\"><img loading=\"lazy\" decoding=\"async\" alt=\"Facebook\" title=\"Faites le savoir \u00e0 vos amis via Facebook \" class=\"synved-share-image synved-social-image synved-social-image-share\" width=\"32\" height=\"32\" style=\"display: inline;width:32px;height:32px;margin: 0;padding: 0;border: none;box-shadow: none\" src=\"https:\/\/snudifo37.fr\/wp-content\/plugins\/social-media-feather\/synved-social\/image\/social\/regular\/64x64\/facebook.png\" \/><\/a><a class=\"synved-social-button synved-social-button-share synved-social-size-32 synved-social-resolution-single synved-social-provider-twitter nolightbox\" data-provider=\"twitter\" target=\"_blank\" rel=\"nofollow\" title=\"Informez-en vos amis via Twitter\" href=\"https:\/\/twitter.com\/intent\/tweet?url=https%3A%2F%2Fsnudifo37.fr%2Findex.php%2Fwp-json%2Fwp%2Fv2%2Fposts%2F3617&#038;text=Le%20Snudi-Fo%20vous%20informe%3A\" style=\"font-size: 0px;width:32px;height:32px;margin:0;margin-bottom:20px;margin-right:20px\"><img loading=\"lazy\" decoding=\"async\" alt=\"twitter\" title=\"Informez-en vos amis via Twitter\" class=\"synved-share-image synved-social-image synved-social-image-share\" width=\"32\" height=\"32\" style=\"display: inline;width:32px;height:32px;margin: 0;padding: 0;border: none;box-shadow: none\" src=\"https:\/\/snudifo37.fr\/wp-content\/plugins\/social-media-feather\/synved-social\/image\/social\/regular\/64x64\/twitter.png\" \/><\/a><a class=\"synved-social-button synved-social-button-share synved-social-size-32 synved-social-resolution-single synved-social-provider-mail nolightbox\" data-provider=\"mail\" rel=\"nofollow\" title=\"Les derni\u00e8res informations du Snudi-Fo 37\" href=\"mailto:?subject=La%20privatisation%20et%20le%20management%20dans%20les%20%C3%A9coles%20et%20les%20%C3%A9tablissements%2C%20l%E2%80%99aust%C3%A9rit%C3%A9%20permanente%2C%20c%E2%80%99est%20NON%20%21&#038;body=Le%20Snudi-Fo%20vous%20informe%3A:%20https%3A%2F%2Fsnudifo37.fr%2Findex.php%2Fwp-json%2Fwp%2Fv2%2Fposts%2F3617\" style=\"font-size: 0px;width:32px;height:32px;margin:0;margin-bottom:20px\"><img loading=\"lazy\" decoding=\"async\" alt=\"mail\" title=\"Les derni\u00e8res informations du Snudi-Fo 37\" class=\"synved-share-image synved-social-image synved-social-image-share\" width=\"32\" height=\"32\" style=\"display: inline;width:32px;height:32px;margin: 0;padding: 0;border: none;box-shadow: none\" src=\"https:\/\/snudifo37.fr\/wp-content\/plugins\/social-media-feather\/synved-social\/image\/social\/regular\/64x64\/mail.png\" \/><\/a>","protected":false},"excerpt":{"rendered":"<p>Le ministre a r\u00e9uni les organisations syndicales le 26 mai pour annoncer les mesures du \u00ab Grenelle \u00bb. Cette r\u00e9union confirme totalement l\u2019analyse de la FNEC FP-FO : le ministre entend bouleverser le fonctionnement de l\u2019\u00e9cole publique en pi\u00e9tinant les statuts !<\/p>\n","protected":false},"author":1,"featured_media":2289,"comment_status":"closed","ping_status":"closed","sticky":false,"template":"","format":"standard","meta":{"footnotes":""},"categories":[7],"tags":[1023,34,143,1030,997,751,859,221,216,673,455],"class_list":["post-3617","post","type-post","status-publish","format-standard","has-post-thumbnail","hentry","category-syndicat","tag-austerite","tag-blanquer","tag-ecole","tag-etablissement","tag-fnec-fp-fo-3","tag-grenelle","tag-management","tag-ministre","tag-postes","tag-privatisation","tag-recrutement"],"_links":{"self":[{"href":"https:\/\/snudifo37.fr\/index.php\/wp-json\/wp\/v2\/posts\/3617","targetHints":{"allow":["GET"]}}],"collection":[{"href":"https:\/\/snudifo37.fr\/index.php\/wp-json\/wp\/v2\/posts"}],"about":[{"href":"https:\/\/snudifo37.fr\/index.php\/wp-json\/wp\/v2\/types\/post"}],"author":[{"embeddable":true,"href":"https:\/\/snudifo37.fr\/index.php\/wp-json\/wp\/v2\/users\/1"}],"replies":[{"embeddable":true,"href":"https:\/\/snudifo37.fr\/index.php\/wp-json\/wp\/v2\/comments?post=3617"}],"version-history":[{"count":1,"href":"https:\/\/snudifo37.fr\/index.php\/wp-json\/wp\/v2\/posts\/3617\/revisions"}],"predecessor-version":[{"id":3619,"href":"https:\/\/snudifo37.fr\/index.php\/wp-json\/wp\/v2\/posts\/3617\/revisions\/3619"}],"wp:featuredmedia":[{"embeddable":true,"href":"https:\/\/snudifo37.fr\/index.php\/wp-json\/wp\/v2\/media\/2289"}],"wp:attachment":[{"href":"https:\/\/snudifo37.fr\/index.php\/wp-json\/wp\/v2\/media?parent=3617"}],"wp:term":[{"taxonomy":"category","embeddable":true,"href":"https:\/\/snudifo37.fr\/index.php\/wp-json\/wp\/v2\/categories?post=3617"},{"taxonomy":"post_tag","embeddable":true,"href":"https:\/\/snudifo37.fr\/index.php\/wp-json\/wp\/v2\/tags?post=3617"}],"curies":[{"name":"wp","href":"https:\/\/api.w.org\/{rel}","templated":true}]}}