{"id":3598,"date":"2021-05-20T22:28:12","date_gmt":"2021-05-20T20:28:12","guid":{"rendered":"https:\/\/snudifo37.fr\/?p=3598"},"modified":"2021-05-20T22:30:00","modified_gmt":"2021-05-20T20:30:00","slug":"et-maintenant-le-ministre-privatise-des-services-de-gestion-des-personnels-inacceptable","status":"publish","type":"post","link":"https:\/\/snudifo37.fr\/index.php\/2021\/05\/20\/et-maintenant-le-ministre-privatise-des-services-de-gestion-des-personnels-inacceptable\/","title":{"rendered":"Et maintenant le ministre privatise des services de gestion des personnels : INACCEPTABLE !"},"content":{"rendered":"\n<div class=\"wp-block-image\"><figure class=\"aligncenter size-large is-resized\"><img loading=\"lazy\" decoding=\"async\" src=\"https:\/\/snudifo37.fr\/wp-content\/uploads\/2021\/04\/logo.vectoriel-1024x1024-1-1024x1024.jpg\" alt=\"\" class=\"wp-image-3409\" width=\"195\" height=\"195\" srcset=\"https:\/\/snudifo37.fr\/wp-content\/uploads\/2021\/04\/logo.vectoriel-1024x1024-1.jpg 1024w, https:\/\/snudifo37.fr\/wp-content\/uploads\/2021\/04\/logo.vectoriel-1024x1024-1-300x300.jpg 300w, https:\/\/snudifo37.fr\/wp-content\/uploads\/2021\/04\/logo.vectoriel-1024x1024-1-150x150.jpg 150w, https:\/\/snudifo37.fr\/wp-content\/uploads\/2021\/04\/logo.vectoriel-1024x1024-1-768x768.jpg 768w, https:\/\/snudifo37.fr\/wp-content\/uploads\/2021\/04\/logo.vectoriel-1024x1024-1-125x125.jpg 125w\" sizes=\"auto, (max-width: 195px) 100vw, 195px\" \/><\/figure><\/div>\n\n\n\n<p>LA DSDEN de la Somme (acad\u00e9mie d\u2019Amiens), sur demande minist\u00e9rielle, a d\u00e9cid\u00e9 de confier \u00e0 titre exp\u00e9rimental l\u2019organisation du remplacement des professeurs des \u00e9coles de ce d\u00e9partement \u00e0 une start-up d\u00e9nomm\u00e9e \u00ab <em>la solution ANDJARO <\/em>\u00bb. Tous les titulaires rempla\u00e7ants sont concern\u00e9s.<\/p>\n\n\n\n<p>Cette exp\u00e9rimentation serait men\u00e9e du 1er septembre au 31 d\u00e9cembre 2021. L\u2019IA-DASEN de la Somme indique qu\u2019elle \u00ab <em>vise \u00e0 rendre plus agile la gestion du remplacement dans le 1er degr\u00e9 <\/em>\u00bb. Elle pourrait \u00eatre p\u00e9rennis\u00e9e et \u00e9largie.<\/p>\n\n\n\n<p>Ainsi, on confierait \u00e0 une entreprise priv\u00e9e parisienne une mission de service public pour externaliser cette activit\u00e9. Les professeurs seraient inform\u00e9s de leurs missions de remplacement par r\u00e9ception d\u2019un mail sur leur bo\u00eete professionnelle ou d\u2019un SMS sur leur portable personnel.<\/p>\n\n\n\n<p>Comme toutes les politiques men\u00e9es depuis plusieurs ann\u00e9es en lien avec la r\u00e9forme territoriale, ce fonctionnement conduira non seulement \u00e0 la destruction des emplois des personnels administratifs, mais il entra\u00eenera une d\u00e9gradation des conditions de travail des titulaires rempla\u00e7ants, d\u00e9j\u00e0 mises \u00e0 mal par le manque de personnels pour assurer une gestion efficace du remplacement.<\/p>\n\n\n\n<p>Rappelons en effet qu\u2019une seule personne est actuellement r\u00e9ellement d\u00e9di\u00e9e \u00e0 la gestion du remplacement dans les services de la DPE de la DSDEN de la Somme, et l&rsquo;acad\u00e9mie d&rsquo;Amiens a perdu au minimum 32 postes de personnels administratifs en 4 ans&#8230;<\/p>\n\n\n\n<p>La privatisation d\u2019un service public suit toujours la m\u00eame logique : financements publics r\u00e9duits, dysfonctionnements croissants, exasp\u00e9ration des usagers, solutions priv\u00e9es. Les r\u00e9formes dans l\u2019Education nationale comme dans la Fonction publique s\u2019inscrivent tr\u00e8s nettement dans cette logique de destruction qui affaiblit le syst\u00e8me \u00e9ducatif et les services publiques dans leur ensemble et accro\u00eet des in\u00e9galit\u00e9s d\u00e9j\u00e0 criantes : casse des statuts, mise en concurrence des personnels et des \u00e9tablissements, application des logiques du priv\u00e9 dans la gestion RH de l\u2019\u00c9ducation nationale, recours accru aux contractuels, d\u00e9sengagement financier de l\u2019\u00c9tat\u2026 la liste est longue.<\/p>\n\n\n\n<p>Dans l\u2019Acad\u00e9mie de Versailles, le Rectorat pr\u00e9tend pallier les absences de personnels administratifs (li\u00e9es au t\u00e9l\u00e9travail contraint, aux suppressions de postes) en cr\u00e9ant un \u00ab chatbot \u00bb, autrement dit \u00ab un agent virtuel \u00bb qui r\u00e9pondrait aux questions des personnels enseignants sur leur carri\u00e8re. L\u2019outil ne concerne pour l\u2019instant que les contestations de bar\u00e8mes, mais sera \u00e9tendu \u00e0 toutes les op\u00e9rations de gestion auparavant vues en commissions paritaires.<\/p>\n\n\n\n<h4 class=\"wp-block-heading\">Cette logique ouvre la voie \u00e0 l\u2019externalisation et la privatisation de toutes les missions exerc\u00e9es par des personnels administratifs fonctionnaires d\u2019Etat.<\/h4>\n\n\n\n<p>Ce sont tous les postes administratifs qui sont menac\u00e9s !<\/p>\n\n\n\n<p>Ce que veulent les personnels, c&rsquo;est la cr\u00e9ation des postes n\u00e9cessaires pour am\u00e9liorer leurs conditions de travail. En r\u00e9ponse, le ministre accentue la privatisation de l&rsquo;administration de l&rsquo;Education nationale en pr\u00e9tendant remplacer les personnels par des robots. <strong>La FNEC FP-FO r\u00e9affirme ses revendications :<\/strong><\/p>\n\n\n\n<ul class=\"wp-block-list\"><li><strong>Non \u00e0 la privatisation du service public ;<\/strong><\/li><li><strong>Maintien de tous les emplois et recrutement de personnels sous statut ;<\/strong><\/li><li><strong>Respect du statut et am\u00e9lioration des conditions de travail de tous les agents.<\/strong><\/li><\/ul>\n\n\n\n<p class=\"has-text-align-right\"><em>\u00e0 Montreuil, le 20 mai 2021<\/em><\/p>\n\n\n\n<div class=\"wp-block-file\"><a href=\"https:\/\/snudifo37.fr\/wp-content\/uploads\/2021\/05\/21-05-20-Communique-FNEC-FP-FO-Privatisation-des-services-de-gestion.pdf\">21-05-20-Communique-FNEC-FP-FO-Privatisation-des-services-de-gestion<\/a><a href=\"https:\/\/snudifo37.fr\/wp-content\/uploads\/2021\/05\/21-05-20-Communique-FNEC-FP-FO-Privatisation-des-services-de-gestion.pdf\" class=\"wp-block-file__button\" download>T\u00e9l\u00e9charger<\/a><\/div>\n<a class=\"synved-social-button synved-social-button-share synved-social-size-32 synved-social-resolution-single synved-social-provider-facebook nolightbox\" data-provider=\"facebook\" target=\"_blank\" rel=\"nofollow\" title=\"Faites le savoir \u00e0 vos amis via Facebook \" href=\"https:\/\/www.facebook.com\/sharer.php?u=https%3A%2F%2Fsnudifo37.fr%2Findex.php%2Fwp-json%2Fwp%2Fv2%2Fposts%2F3598&#038;t=Et%20maintenant%20le%20ministre%20privatise%20des%20services%20de%20gestion%20des%20personnels%20%3A%20INACCEPTABLE%20%21&#038;s=100&#038;p&#091;url&#093;=https%3A%2F%2Fsnudifo37.fr%2Findex.php%2Fwp-json%2Fwp%2Fv2%2Fposts%2F3598&#038;p&#091;images&#093;&#091;0&#093;=https%3A%2F%2Fsnudifo37.fr%2Fwp-content%2Fuploads%2F2020%2F05%2FStatut.jpg&#038;p&#091;title&#093;=Et%20maintenant%20le%20ministre%20privatise%20des%20services%20de%20gestion%20des%20personnels%20%3A%20INACCEPTABLE%20%21\" style=\"font-size: 0px;width:32px;height:32px;margin:0;margin-bottom:20px;margin-right:20px\"><img loading=\"lazy\" decoding=\"async\" alt=\"Facebook\" title=\"Faites le savoir \u00e0 vos amis via Facebook \" class=\"synved-share-image synved-social-image synved-social-image-share\" width=\"32\" height=\"32\" style=\"display: inline;width:32px;height:32px;margin: 0;padding: 0;border: none;box-shadow: none\" src=\"https:\/\/snudifo37.fr\/wp-content\/plugins\/social-media-feather\/synved-social\/image\/social\/regular\/64x64\/facebook.png\" \/><\/a><a class=\"synved-social-button synved-social-button-share synved-social-size-32 synved-social-resolution-single synved-social-provider-twitter nolightbox\" data-provider=\"twitter\" target=\"_blank\" rel=\"nofollow\" title=\"Informez-en vos amis via Twitter\" href=\"https:\/\/twitter.com\/intent\/tweet?url=https%3A%2F%2Fsnudifo37.fr%2Findex.php%2Fwp-json%2Fwp%2Fv2%2Fposts%2F3598&#038;text=Le%20Snudi-Fo%20vous%20informe%3A\" style=\"font-size: 0px;width:32px;height:32px;margin:0;margin-bottom:20px;margin-right:20px\"><img loading=\"lazy\" decoding=\"async\" alt=\"twitter\" title=\"Informez-en vos amis via Twitter\" class=\"synved-share-image synved-social-image synved-social-image-share\" width=\"32\" height=\"32\" style=\"display: inline;width:32px;height:32px;margin: 0;padding: 0;border: none;box-shadow: none\" src=\"https:\/\/snudifo37.fr\/wp-content\/plugins\/social-media-feather\/synved-social\/image\/social\/regular\/64x64\/twitter.png\" \/><\/a><a class=\"synved-social-button synved-social-button-share synved-social-size-32 synved-social-resolution-single synved-social-provider-mail nolightbox\" data-provider=\"mail\" rel=\"nofollow\" title=\"Les derni\u00e8res informations du Snudi-Fo 37\" href=\"mailto:?subject=Et%20maintenant%20le%20ministre%20privatise%20des%20services%20de%20gestion%20des%20personnels%20%3A%20INACCEPTABLE%20%21&#038;body=Le%20Snudi-Fo%20vous%20informe%3A:%20https%3A%2F%2Fsnudifo37.fr%2Findex.php%2Fwp-json%2Fwp%2Fv2%2Fposts%2F3598\" style=\"font-size: 0px;width:32px;height:32px;margin:0;margin-bottom:20px\"><img loading=\"lazy\" decoding=\"async\" alt=\"mail\" title=\"Les derni\u00e8res informations du Snudi-Fo 37\" class=\"synved-share-image synved-social-image synved-social-image-share\" width=\"32\" height=\"32\" style=\"display: inline;width:32px;height:32px;margin: 0;padding: 0;border: none;box-shadow: none\" src=\"https:\/\/snudifo37.fr\/wp-content\/plugins\/social-media-feather\/synved-social\/image\/social\/regular\/64x64\/mail.png\" \/><\/a>","protected":false},"excerpt":{"rendered":"<p>LA DSDEN de la Somme (acad\u00e9mie d\u2019Amiens), sur demande minist\u00e9rielle, a d\u00e9cid\u00e9 de confier \u00e0 titre exp\u00e9rimental l\u2019organisation du remplacement des professeurs des \u00e9coles de ce d\u00e9partement \u00e0 une start-up d\u00e9nomm\u00e9e \u00ab la solution ANDJARO \u00bb. Tous les titulaires rempla\u00e7ants sont concern\u00e9s.<\/p>\n","protected":false},"author":1,"featured_media":2285,"comment_status":"closed","ping_status":"closed","sticky":false,"template":"","format":"standard","meta":{"footnotes":""},"categories":[7],"tags":[34,1022,221,673,954,163,123],"class_list":["post-3598","post","type-post","status-publish","format-standard","has-post-thumbnail","hentry","category-syndicat","tag-blanquer","tag-gestion-des-personnels","tag-ministre","tag-privatisation","tag-remplacement","tag-remplacements","tag-remplacants"],"_links":{"self":[{"href":"https:\/\/snudifo37.fr\/index.php\/wp-json\/wp\/v2\/posts\/3598","targetHints":{"allow":["GET"]}}],"collection":[{"href":"https:\/\/snudifo37.fr\/index.php\/wp-json\/wp\/v2\/posts"}],"about":[{"href":"https:\/\/snudifo37.fr\/index.php\/wp-json\/wp\/v2\/types\/post"}],"author":[{"embeddable":true,"href":"https:\/\/snudifo37.fr\/index.php\/wp-json\/wp\/v2\/users\/1"}],"replies":[{"embeddable":true,"href":"https:\/\/snudifo37.fr\/index.php\/wp-json\/wp\/v2\/comments?post=3598"}],"version-history":[{"count":2,"href":"https:\/\/snudifo37.fr\/index.php\/wp-json\/wp\/v2\/posts\/3598\/revisions"}],"predecessor-version":[{"id":3601,"href":"https:\/\/snudifo37.fr\/index.php\/wp-json\/wp\/v2\/posts\/3598\/revisions\/3601"}],"wp:featuredmedia":[{"embeddable":true,"href":"https:\/\/snudifo37.fr\/index.php\/wp-json\/wp\/v2\/media\/2285"}],"wp:attachment":[{"href":"https:\/\/snudifo37.fr\/index.php\/wp-json\/wp\/v2\/media?parent=3598"}],"wp:term":[{"taxonomy":"category","embeddable":true,"href":"https:\/\/snudifo37.fr\/index.php\/wp-json\/wp\/v2\/categories?post=3598"},{"taxonomy":"post_tag","embeddable":true,"href":"https:\/\/snudifo37.fr\/index.php\/wp-json\/wp\/v2\/tags?post=3598"}],"curies":[{"name":"wp","href":"https:\/\/api.w.org\/{rel}","templated":true}]}}