{"id":3577,"date":"2021-05-14T11:31:19","date_gmt":"2021-05-14T09:31:19","guid":{"rendered":"https:\/\/snudifo37.fr\/?p=3577"},"modified":"2021-05-14T11:33:12","modified_gmt":"2021-05-14T09:33:12","slug":"les-personnels-refusent-la-degradation-des-conditions-du-travail-la-casse-du-statut-et-de-lecole-publique-le-ministre-doit-recruter","status":"publish","type":"post","link":"https:\/\/snudifo37.fr\/index.php\/2021\/05\/14\/les-personnels-refusent-la-degradation-des-conditions-du-travail-la-casse-du-statut-et-de-lecole-publique-le-ministre-doit-recruter\/","title":{"rendered":"Les personnels refusent la d\u00e9gradation des conditions du travail, la casse du statut et de l\u2019Ecole Publique ! Le ministre doit recruter !"},"content":{"rendered":"\n<div class=\"wp-block-image\"><figure class=\"aligncenter size-large\"><img loading=\"lazy\" decoding=\"async\" width=\"178\" height=\"190\" src=\"https:\/\/snudifo37.fr\/wp-content\/uploads\/2020\/03\/SNUDI_FO.jpg\" alt=\"\" class=\"wp-image-2034\"\/><\/figure><\/div>\n\n\n\n<p>Les personnels sont confront\u00e9s quotidiennement au manque de rempla\u00e7ants et \u00e0 l\u2019application du nouveau protocole Blanquer qui pr\u00e9voit de renvoyer les \u00e9l\u00e8ves chez eux lorsqu\u2019un enseignant absent n\u2019est pas remplac\u00e9.<\/p>\n\n\n\n<p>Comme l\u2019indiquait le SNUDI-FO dans son communiqu\u00e9 du 23 avril : <em>\u00ab Pour le SNUDI-FO, il est inadmissible que les coll\u00e8gues doivent accueillir les \u00e9l\u00e8ves des coll\u00e8gues absents faute de rempla\u00e7ants. Il est tout aussi inadmissible de renvoyer les \u00e9l\u00e8ves chez eux ! Le minist\u00e8re doit donc recruter imm\u00e9diatement ! \u00bb<\/em><\/p>\n\n\n\n<h3 class=\"wp-block-heading\">L\u2019exigence de recrutement imm\u00e9diat d\u2019enseignants sous statut monte des \u00e9coles<\/h3>\n\n\n\n<p>Dans les \u00e9coles monte cette exigence : le recrutement imm\u00e9diat d\u2019enseignants sous statut pour remplacer les coll\u00e8gues absents !<\/p>\n\n\n\n<ul class=\"wp-block-list\"><li>Ainsi, \u00e0 l\u2019appel du SNUDI-FO 94, du SNUipp-94, de la CGT Educ\u2019action 94, de SUD Education 94, les coll\u00e8gues du Val de Marne \u00e9taient en gr\u00e8ve et en manifestation le 6 mai avec de nombreux parents d\u2019\u00e9l\u00e8ves au minist\u00e8re (lequel a refus\u00e9 de recevoir une d\u00e9l\u00e9gation !) pour exiger notamment <em>\u00ab la mise en \u0153uvre d\u2019un plan de recrutements massifs et imm\u00e9diats d\u2019enseignants pour assurer le remplacement syst\u00e9matique des personnels malades ou en ASA et l\u2019all\u00e8gement significatif des effectifs des classes, avec le maintien de la totalit\u00e9 des heures d\u2019enseignement dues aux \u00e9l\u00e8ves. \u00bb<\/em><\/li><li>En&nbsp; Haute-Loire,&nbsp; les&nbsp; coll\u00e8gues&nbsp; de&nbsp; Saint-Beauzire&nbsp; et&nbsp; de&nbsp; Bournoncle&nbsp; indiquent&nbsp; dans&nbsp; deux&nbsp; motions d\u2019\u00e9cole : <em>\u00ab\u00a0Depuis des semaines, nous r\u00e9clamons des postes suppl\u00e9mentaires. L&rsquo;Inspectrice d&rsquo;Acad\u00e9mie et le Recteur font la sourde oreille \u00e0 nos revendications, c&rsquo;est donc directement au ministre qu&rsquo;il faut maintenant demander des comptes\u00a0\u00bb <\/em>et proposent <em>\u00ab\u00a0aux coll\u00e8gues de la circonscription, ainsi que les parents d&rsquo;\u00e9l\u00e8ve de se r\u00e9unir pour discuter tous ensemble des actions. Nous appelons les organisations syndicales qui le souhaitent \u00e0 prendre part \u00e0 l&rsquo;organisation de cette r\u00e9union.\u00a0\u00bb. <\/em>Une r\u00e9union de d\u00e9l\u00e9gu\u00e9s d\u2019\u00e9cole est pr\u00e9vue le 18 mai \u00e0 Brioude, avec le SNUDI-FO.<\/li><li>Dans l\u2019Ain, les enseignants et les parents de l\u2019\u00e9cole de Bettant affirment eux aussi, face au manque de rempla\u00e7ants : \u00ab <em>Ne serait-il pas n\u00e9cessaire que, personnels de l&rsquo;Education Nationale et parents nous nous r\u00e9unissions tr\u00e8s rapidement, avec les organisations syndicales qui le souhaitent, pour discuter de l&rsquo;action efficace en direction du ministre pour obtenir enfin satisfaction ? \u00bb<\/em><\/li><li>Dans le Rh\u00f4ne, 57 coll\u00e8gues r\u00e9unis \u00e0 la Bourse du Travail de Lyon avec le SNUDI-FO le 7 mai indiquent : \u00ab <em>Cette situation ne peut que g\u00e9n\u00e9rer des tensions entre coll\u00e8gues, des tensions avec les parents d\u2019\u00e9l\u00e8ves. La responsabilit\u00e9 du ministre est totale. Il doit donc recruter imm\u00e9diatement des enseignants fonctionnaires d\u2019Etat. La question de la mobilisation \u00e0 destination du ministre est clairement pos\u00e9e. Nous faisons conna\u00eetre cette motion \u00e0 nos coll\u00e8gues pour commencer \u00e0 nous organiser en ce sens. \u00bb<\/em><\/li><li>En Indre-et-Loire, 11 enseignants d\u2019une \u00e9cole de Tours \u00e9crivent \u00e0 leurs coll\u00e8gues <em>\u00ab Ni r\u00e9partition dans les autres classes, ni renvoi des \u00e9l\u00e8ves dont les enseignants sont absents ! Il est grand temps de pr\u00e9parer une mobilisation massive en direction du ministre pour le contraindre \u00e0 cr\u00e9er des postes, \u00e0 recruter des personnels pour remplacer les coll\u00e8gues absents, pour arr\u00eater de fermer des classes. \u00bb<\/em><\/li><li>Dans le Maine-et-Loire, les enseignants d\u2019une \u00e9cole d\u2019Ecouflant \u00e9crivent : <em>\u00ab Nous refusons de devoir \u00e0 nouveau annoncer aux parents que le classe est \u00ab suspendue \u00bb parce qu\u2019un enseignant est absent et qu\u2019il n\u2019est pas remplac\u00e9 ! Cela s\u2019est produit mardi 27 avril et le jeudi 29 avril ! Le manque de rempla\u00e7ants n\u2019est pas li\u00e9 \u00e0 la situation sanitaire. Nous refusons de devoir faire appel aux \u00ab ressources humaines \u00bb de l\u2019\u00e9cole telles que les AESH pour garder les enfants en cas d\u2019absence de rempla\u00e7ants ! Il faut le recrutement d\u2019enseignants sous statut ! \u00bb<\/em><\/li><\/ul>\n\n\n\n<h3 class=\"wp-block-heading\">Des animateurs pour remplacer les enseignants absents !<\/h3>\n\n\n\n<p>Dans cette situation de remise en cause de notre statut et du fonctionnement de l\u2019Ecole Publique, une nouvelle \u00e9tape vient d\u2019\u00eatre franchie. Dans plusieurs communes de Seine-Saint-Denis, des animateurs municipaux r\u00e9mun\u00e9r\u00e9s par l\u2019Education Nationale sont charg\u00e9s de remplac\u00e9s les enseignants !<\/p>\n\n\n\n<p>C\u2019est le cas par exemple \u00e0 Saint-Denis o\u00f9 <em>\u00ab le maire de Saint-Denis et le directeur acad\u00e9mique de Seine-Saint- Denis viennent de d\u00e9cider conjointement d<\/em><em>\u2019organiser le remplacement des enseignants par des animateurs d\u00e8s ce lundi 10 mai ! \u00bb <\/em>\u00e9crivent les sections syndicales du SNUDI-FO, du SNUipp-FSU, de la CGT Educ\u2019action et de SUD Education de la commune qui ont organis\u00e9 un rassemblement le mardi 11 mai devant la mairie de Saint-Denis pour que <em>\u00ab la convention entre la mairie et la Direction acad\u00e9mique sur le remplacement des enseignants par des animateurs soit abandonn\u00e9e et pour que la mairie d\u00e9fende \u00e0 nos c\u00f4t\u00e9s les \u00e9coles et exige avec nous les enseignants rempla\u00e7ants ! \u00bb<\/em><\/p>\n\n\n\n<h3 class=\"wp-block-heading\">Construisons la mobilisation en direction du minist\u00e8re !<\/h3>\n\n\n\n<p>Le SNUDI-FO refuse la d\u00e9gradation sans fin de nos conditions de travail, le casse de notre statut et la remise en cause de l\u2019Ecole Publique engag\u00e9es par le ministre Blanquer.<\/p>\n\n\n\n<p>Il exige la cr\u00e9ation de postes en urgence et le recrutement imm\u00e9diat d\u2019enseignants titulaires pour assurer le remplacement des coll\u00e8gues absents, la baisse des effectifs et l\u2019annulation des fermetures de classes pr\u00e9vues \u00e0 la rentr\u00e9e.<\/p>\n\n\n\n<p>Pour le SNUDI-FO, la question d\u2019une mobilisation en direction du seul responsable de cette situation, le ministre, est clairement pos\u00e9e.<\/p>\n\n\n\n<p>Le SNUDI-FO appelle tous les personnels \u00e0 amplifier la col\u00e8re qui monte et \u00e0 s\u2019organiser par communes, par circonscriptions, par d\u00e9partements, y compris avec les parents d\u2019\u00e9l\u00e8ves !<\/p>\n\n\n\n<p>L\u2019heure est \u00e0 la multiplication des r\u00e9unions pour pr\u00e9parer la mobilisation !<\/p>\n\n\n\n<p class=\"has-text-align-right\"><em>Montreuil, le 12 mai 2021<\/em><\/p>\n\n\n\n<div class=\"wp-block-file\"><a href=\"https:\/\/snudifo37.fr\/wp-content\/uploads\/2021\/05\/210512-Communique-SNUDI-FO-manque-remplacants.pdf\">210512-Communique-SNUDI-FO-manque-remplacants<\/a><a href=\"https:\/\/snudifo37.fr\/wp-content\/uploads\/2021\/05\/210512-Communique-SNUDI-FO-manque-remplacants.pdf\" class=\"wp-block-file__button\" download>T\u00e9l\u00e9charger<\/a><\/div>\n<a class=\"synved-social-button synved-social-button-share synved-social-size-32 synved-social-resolution-single synved-social-provider-facebook nolightbox\" data-provider=\"facebook\" target=\"_blank\" rel=\"nofollow\" title=\"Faites le savoir \u00e0 vos amis via Facebook \" href=\"https:\/\/www.facebook.com\/sharer.php?u=https%3A%2F%2Fsnudifo37.fr%2Findex.php%2Fwp-json%2Fwp%2Fv2%2Fposts%2F3577&#038;t=Les%20personnels%20refusent%20la%20d%C3%A9gradation%20des%20conditions%20du%20travail%2C%20la%20casse%20du%20statut%20et%20de%20l%E2%80%99Ecole%20Publique%20%21%20Le%20ministre%20doit%20recruter%20%21&#038;s=100&#038;p&#091;url&#093;=https%3A%2F%2Fsnudifo37.fr%2Findex.php%2Fwp-json%2Fwp%2Fv2%2Fposts%2F3577&#038;p&#091;images&#093;&#091;0&#093;=https%3A%2F%2Fsnudifo37.fr%2Fwp-content%2Fuploads%2F2020%2F05%2FServicesPublics.jpg&#038;p&#091;title&#093;=Les%20personnels%20refusent%20la%20d%C3%A9gradation%20des%20conditions%20du%20travail%2C%20la%20casse%20du%20statut%20et%20de%20l%E2%80%99Ecole%20Publique%20%21%20Le%20ministre%20doit%20recruter%20%21\" style=\"font-size: 0px;width:32px;height:32px;margin:0;margin-bottom:20px;margin-right:20px\"><img loading=\"lazy\" decoding=\"async\" alt=\"Facebook\" title=\"Faites le savoir \u00e0 vos amis via Facebook \" class=\"synved-share-image synved-social-image synved-social-image-share\" width=\"32\" height=\"32\" style=\"display: inline;width:32px;height:32px;margin: 0;padding: 0;border: none;box-shadow: none\" src=\"https:\/\/snudifo37.fr\/wp-content\/plugins\/social-media-feather\/synved-social\/image\/social\/regular\/64x64\/facebook.png\" \/><\/a><a class=\"synved-social-button synved-social-button-share synved-social-size-32 synved-social-resolution-single synved-social-provider-twitter nolightbox\" data-provider=\"twitter\" target=\"_blank\" rel=\"nofollow\" title=\"Informez-en vos amis via Twitter\" href=\"https:\/\/twitter.com\/intent\/tweet?url=https%3A%2F%2Fsnudifo37.fr%2Findex.php%2Fwp-json%2Fwp%2Fv2%2Fposts%2F3577&#038;text=Le%20Snudi-Fo%20vous%20informe%3A\" style=\"font-size: 0px;width:32px;height:32px;margin:0;margin-bottom:20px;margin-right:20px\"><img loading=\"lazy\" decoding=\"async\" alt=\"twitter\" title=\"Informez-en vos amis via Twitter\" class=\"synved-share-image synved-social-image synved-social-image-share\" width=\"32\" height=\"32\" style=\"display: inline;width:32px;height:32px;margin: 0;padding: 0;border: none;box-shadow: none\" src=\"https:\/\/snudifo37.fr\/wp-content\/plugins\/social-media-feather\/synved-social\/image\/social\/regular\/64x64\/twitter.png\" \/><\/a><a class=\"synved-social-button synved-social-button-share synved-social-size-32 synved-social-resolution-single synved-social-provider-mail nolightbox\" data-provider=\"mail\" rel=\"nofollow\" title=\"Les derni\u00e8res informations du Snudi-Fo 37\" href=\"mailto:?subject=Les%20personnels%20refusent%20la%20d%C3%A9gradation%20des%20conditions%20du%20travail%2C%20la%20casse%20du%20statut%20et%20de%20l%E2%80%99Ecole%20Publique%20%21%20Le%20ministre%20doit%20recruter%20%21&#038;body=Le%20Snudi-Fo%20vous%20informe%3A:%20https%3A%2F%2Fsnudifo37.fr%2Findex.php%2Fwp-json%2Fwp%2Fv2%2Fposts%2F3577\" style=\"font-size: 0px;width:32px;height:32px;margin:0;margin-bottom:20px\"><img loading=\"lazy\" decoding=\"async\" alt=\"mail\" title=\"Les derni\u00e8res informations du Snudi-Fo 37\" class=\"synved-share-image synved-social-image synved-social-image-share\" width=\"32\" height=\"32\" style=\"display: inline;width:32px;height:32px;margin: 0;padding: 0;border: none;box-shadow: none\" src=\"https:\/\/snudifo37.fr\/wp-content\/plugins\/social-media-feather\/synved-social\/image\/social\/regular\/64x64\/mail.png\" \/><\/a>","protected":false},"excerpt":{"rendered":"<p>Les personnels sont confront\u00e9s quotidiennement au manque de rempla\u00e7ants et \u00e0 l\u2019application du nouveau protocole Blanquer qui pr\u00e9voit de renvoyer les \u00e9l\u00e8ves chez eux lorsqu\u2019un enseignant absent n\u2019est pas remplac\u00e9.<br \/>\nComme l\u2019indiquait le SNUDI-FO dans son communiqu\u00e9 du 23 avril : \u00ab Pour le SNUDI-FO, il est inadmissible que les coll\u00e8gues doivent accueillir les \u00e9l\u00e8ves des coll\u00e8gues absents faute de rempla\u00e7ants. Il est tout aussi inadmissible de renvoyer les \u00e9l\u00e8ves chez eux ! Le minist\u00e8re doit donc recruter imm\u00e9diatement ! \u00bb<\/p>\n","protected":false},"author":1,"featured_media":2289,"comment_status":"closed","ping_status":"closed","sticky":false,"template":"","format":"standard","meta":{"footnotes":""},"categories":[7],"tags":[375,155,177,1014,455,955,123,178],"class_list":["post-3577","post","type-post","status-publish","format-standard","has-post-thumbnail","hentry","category-syndicat","tag-casse","tag-conditions-de-travail","tag-degradation","tag-ecole-2","tag-recrutement","tag-remplacant","tag-remplacants","tag-statut"],"_links":{"self":[{"href":"https:\/\/snudifo37.fr\/index.php\/wp-json\/wp\/v2\/posts\/3577","targetHints":{"allow":["GET"]}}],"collection":[{"href":"https:\/\/snudifo37.fr\/index.php\/wp-json\/wp\/v2\/posts"}],"about":[{"href":"https:\/\/snudifo37.fr\/index.php\/wp-json\/wp\/v2\/types\/post"}],"author":[{"embeddable":true,"href":"https:\/\/snudifo37.fr\/index.php\/wp-json\/wp\/v2\/users\/1"}],"replies":[{"embeddable":true,"href":"https:\/\/snudifo37.fr\/index.php\/wp-json\/wp\/v2\/comments?post=3577"}],"version-history":[{"count":2,"href":"https:\/\/snudifo37.fr\/index.php\/wp-json\/wp\/v2\/posts\/3577\/revisions"}],"predecessor-version":[{"id":3580,"href":"https:\/\/snudifo37.fr\/index.php\/wp-json\/wp\/v2\/posts\/3577\/revisions\/3580"}],"wp:featuredmedia":[{"embeddable":true,"href":"https:\/\/snudifo37.fr\/index.php\/wp-json\/wp\/v2\/media\/2289"}],"wp:attachment":[{"href":"https:\/\/snudifo37.fr\/index.php\/wp-json\/wp\/v2\/media?parent=3577"}],"wp:term":[{"taxonomy":"category","embeddable":true,"href":"https:\/\/snudifo37.fr\/index.php\/wp-json\/wp\/v2\/categories?post=3577"},{"taxonomy":"post_tag","embeddable":true,"href":"https:\/\/snudifo37.fr\/index.php\/wp-json\/wp\/v2\/tags?post=3577"}],"curies":[{"name":"wp","href":"https:\/\/api.w.org\/{rel}","templated":true}]}}