{"id":3460,"date":"2021-04-05T14:49:53","date_gmt":"2021-04-05T12:49:53","guid":{"rendered":"https:\/\/snudifo37.fr\/?p=3460"},"modified":"2021-04-09T14:28:10","modified_gmt":"2021-04-09T12:28:10","slug":"aesh-contre-la-precarite-contre-les-pial-en-greve-le-8-avril-2","status":"publish","type":"post","link":"https:\/\/snudifo37.fr\/index.php\/2021\/04\/05\/aesh-contre-la-precarite-contre-les-pial-en-greve-le-8-avril-2\/","title":{"rendered":"AESH : contre la pr\u00e9carit\u00e9, contre les PIAL, en gr\u00e8ve le 8 avril !"},"content":{"rendered":"\n<p><strong>En r\u00e9ponse \u00e0 l\u2019obstination du ministre qui refuse de s\u2019engager vers une am\u00e9lioration des conditions d\u2019emploi des AESH et en r\u00e9ponse \u00e0 la d\u00e9gradation de leur mission depuis la cr\u00e9ation des PIAL, les organisations CGT \u00e9duc\u2019action, FNEC-FP-FO, FSU, SUD \u00e9ducation d\u2019Indre et Loire appellent les personnels \u00e0 la gr\u00e8ve le 8 avril.<\/strong><\/p>\n\n\n\n<p>Le ministre r\u00e9p\u00e8te que l\u2019inclusion scolaire des \u00e9l\u00e8ves en situation de handicap est une priorit\u00e9 de son minist\u00e8re. Pourtant, il fait le choix de maintenir dans la pr\u00e9carit\u00e9 les 110 000 AESH qui jouent un r\u00f4le essentiel dans l\u2019accompagnement de la scolarit\u00e9 de ces \u00e9l\u00e8ves.<\/p>\n\n\n\n<p>Malgr\u00e9 la promesse faite il y a un an d\u2019engager un chantier sur le temps de travail et la r\u00e9mun\u00e9ration, les AESH continuent de subir des temps de travail incomplets, pour 24 heures de travail hebdomadaires, soit 60% en moyenne, pour un salaire net de 760 euros par mois. Donc en-de\u00e7\u00e0 du seuil de pauvret\u00e9 !<\/p>\n\n\n\n<p>\u00c0 d\u00e9faut d\u2019un cadre d\u2019emploi reconnaissant leurs missions, ils et elles sont condamn\u00e9-e-s \u00e0 exercer sous contrat, sans pouvoir acc\u00e9der \u00e0 un statut leur assurant une garantie d\u2019emploi, de carri\u00e8re et de formation. On est encore loin d\u2019un v\u00e9ritable m\u00e9tier.<\/p>\n\n\n\n<p>La mise en place des PIAL a consid\u00e9rablement d\u00e9grad\u00e9 leurs conditions de travail, puisque les AESH sont d\u00e9sormais appel\u00e9-e-s \u00e0 intervenir dans plusieurs \u00e9coles ou \u00e9tablissements scolaires, \u00e0 multiplier les accompagnements d\u2019\u00e9l\u00e8ves. Ces services partag\u00e9s demandant plus d\u2019adaptabilit\u00e9 et de flexibilit\u00e9, nuisent \u00e0 la qualit\u00e9 de l\u2019accompagnement, conduisant \u00e0 du saupoudrage. Il s\u2019agit surtout d\u2019augmenter le nombre d\u2019\u00e9l\u00e8ves accompagn\u00e9-e-s en conservant le m\u00eame nombre de personnels !<\/p>\n\n\n\n<p>Un syst\u00e8me perdant pour tous : AESH, \u00e9l\u00e8ves, enseignant-e-s et la r\u00e9ussite du service public d\u2019\u00e9ducation !<\/p>\n\n\n\n<p>Nos organisations syndicales ont alert\u00e9 l\u2019administration de la situation alarmante des AESH \u00e0 tous les \u00e9chelons. L\u2019exasp\u00e9ration, le sentiment d\u2019abandon et la souffrance s\u2019expriment partout et se traduisent par des mobilisations tr\u00e8s suivies dans les d\u00e9partements, en particulier depuis la mise en \u0153uvre des PIAL.<\/p>\n\n\n\n<p>Pour nos organisations, il y a urgence \u00e0 :<\/p>\n\n\n\n<ul class=\"wp-block-list\"><li>engager une revalorisation des salaires et la possibilit\u00e9 de contrats \u00e0 temps complet pour permettre aux AESH de vivre dignement de leur travail ;<\/li><li>l\u2019abandon des PIAL et de la politique de mutualisation des moyens ;<\/li><li>cr\u00e9er un v\u00e9ritable statut de la Fonction Publique pour reconna\u00eetre le m\u00e9tier d\u2019AESH -recruter massivement des AESH pour permettre aux \u00e9l\u00e8ves ayant des notifications d\u2019\u00eatre accompagn\u00e9s \u00e0 hauteur des besoins.<\/li><\/ul>\n\n\n\n<p>Le sort r\u00e9serv\u00e9 aux AESH est le symbole d\u2019une politique de paup\u00e9risation qui touche l\u2019ensemble des personnels depuis 10 ans.<\/p>\n\n\n\n<h3 class=\"wp-block-heading\">Les syndicats CGT \u00e9duc\u2019action, FNEC-FP-FO, FSU, SUD \u00e9ducation :<\/h3>\n\n\n\n<ul class=\"wp-block-list\"><li>soutiennent tous les rassemblements appel\u00e9s dans les d\u00e9partements le 24 mars ;<\/li><li>appellent tous les personnels AESH \u00e0 faire entendre leurs revendications \u00e0 l\u2019occasion d\u2019une journ\u00e9e de gr\u00e8ve nationale le jeudi 8 avril ;<\/li><li>appellent tous les personnels de l\u2019\u00c9ducation nationale \u00e0 se joindre \u00e0 cette mobilisation, \u00e0 participer \u00e0 cette gr\u00e8ve au c\u00f4t\u00e9 des AESH pour faire valoir l\u2019ensemble des revendications en d\u00e9fense des postes, des statuts, des salaires en direction des IA-DASEN, des rectorats et du minist\u00e8re.<\/li><\/ul>\n\n\n\n<p>Le jeudi 8 avril, soyons nombreuses et nombreux en gr\u00e8ve, dans les manifestations et les rassemblements et en Assembl\u00e9es G\u00e9n\u00e9rales pour construire les suites de la mobilisation !<\/p>\n\n\n\n<h3 class=\"wp-block-heading\"><strong>Pour un vrai statut, pour l\u2019abandon des PIAL, toutes et tous devant les DSDEN, les rectorats et le minist\u00e8re, en gr\u00e8ve !<\/strong><\/h3>\n\n\n\n<h3 class=\"wp-block-heading\"><strong>La satisfaction des revendications des AESH serait un point d\u2019appui pour tous les personnels !<\/strong><\/h3>\n\n\n\n<p class=\"has-text-align-center has-background has-large-font-size\" style=\"background-color:#c3c5c6\"><strong>Rassemblement \u00e0 Tours (dans le respect des r\u00e8gles sanitaires)<\/strong><br><strong>\u00e0 15h devant la pr\u00e9fecture.<\/strong><br><strong>Une demande d\u2019audience a \u00e9t\u00e9 d\u00e9pos\u00e9e et un parcours de manifestation d\u00e9pos\u00e9.<\/strong><\/p>\n\n\n\n<div class=\"wp-block-file\"><a href=\"https:\/\/snudifo37.fr\/wp-content\/uploads\/2021\/04\/Greve-AESH-du-08.04.21.pdf\">Greve-AESH-du-08.04.21<\/a><a href=\"https:\/\/snudifo37.fr\/wp-content\/uploads\/2021\/04\/Greve-AESH-du-08.04.21.pdf\" class=\"wp-block-file__button\" download>T\u00e9l\u00e9charger<\/a><\/div>\n<a class=\"synved-social-button synved-social-button-share synved-social-size-32 synved-social-resolution-single synved-social-provider-facebook nolightbox\" data-provider=\"facebook\" target=\"_blank\" rel=\"nofollow\" title=\"Faites le savoir \u00e0 vos amis via Facebook \" href=\"https:\/\/www.facebook.com\/sharer.php?u=https%3A%2F%2Fsnudifo37.fr%2Findex.php%2Fwp-json%2Fwp%2Fv2%2Fposts%2F3460&#038;t=AESH%20%3A%20contre%20la%20pr%C3%A9carit%C3%A9%2C%20contre%20les%20PIAL%2C%20en%20gr%C3%A8ve%20le%208%20avril%20%21&#038;s=100&#038;p&#091;url&#093;=https%3A%2F%2Fsnudifo37.fr%2Findex.php%2Fwp-json%2Fwp%2Fv2%2Fposts%2F3460&#038;p&#091;images&#093;&#091;0&#093;=https%3A%2F%2Fsnudifo37.fr%2Fwp-content%2Fuploads%2F2020%2F11%2FMinManif.jpg&#038;p&#091;title&#093;=AESH%20%3A%20contre%20la%20pr%C3%A9carit%C3%A9%2C%20contre%20les%20PIAL%2C%20en%20gr%C3%A8ve%20le%208%20avril%20%21\" style=\"font-size: 0px;width:32px;height:32px;margin:0;margin-bottom:20px;margin-right:20px\"><img loading=\"lazy\" decoding=\"async\" alt=\"Facebook\" title=\"Faites le savoir \u00e0 vos amis via Facebook \" class=\"synved-share-image synved-social-image synved-social-image-share\" width=\"32\" height=\"32\" style=\"display: inline;width:32px;height:32px;margin: 0;padding: 0;border: none;box-shadow: none\" src=\"https:\/\/snudifo37.fr\/wp-content\/plugins\/social-media-feather\/synved-social\/image\/social\/regular\/64x64\/facebook.png\" \/><\/a><a class=\"synved-social-button synved-social-button-share synved-social-size-32 synved-social-resolution-single synved-social-provider-twitter nolightbox\" data-provider=\"twitter\" target=\"_blank\" rel=\"nofollow\" title=\"Informez-en vos amis via Twitter\" href=\"https:\/\/twitter.com\/intent\/tweet?url=https%3A%2F%2Fsnudifo37.fr%2Findex.php%2Fwp-json%2Fwp%2Fv2%2Fposts%2F3460&#038;text=Le%20Snudi-Fo%20vous%20informe%3A\" style=\"font-size: 0px;width:32px;height:32px;margin:0;margin-bottom:20px;margin-right:20px\"><img loading=\"lazy\" decoding=\"async\" alt=\"twitter\" title=\"Informez-en vos amis via Twitter\" class=\"synved-share-image synved-social-image synved-social-image-share\" width=\"32\" height=\"32\" style=\"display: inline;width:32px;height:32px;margin: 0;padding: 0;border: none;box-shadow: none\" src=\"https:\/\/snudifo37.fr\/wp-content\/plugins\/social-media-feather\/synved-social\/image\/social\/regular\/64x64\/twitter.png\" \/><\/a><a class=\"synved-social-button synved-social-button-share synved-social-size-32 synved-social-resolution-single synved-social-provider-mail nolightbox\" data-provider=\"mail\" rel=\"nofollow\" title=\"Les derni\u00e8res informations du Snudi-Fo 37\" href=\"mailto:?subject=AESH%20%3A%20contre%20la%20pr%C3%A9carit%C3%A9%2C%20contre%20les%20PIAL%2C%20en%20gr%C3%A8ve%20le%208%20avril%20%21&#038;body=Le%20Snudi-Fo%20vous%20informe%3A:%20https%3A%2F%2Fsnudifo37.fr%2Findex.php%2Fwp-json%2Fwp%2Fv2%2Fposts%2F3460\" style=\"font-size: 0px;width:32px;height:32px;margin:0;margin-bottom:20px\"><img loading=\"lazy\" decoding=\"async\" alt=\"mail\" title=\"Les derni\u00e8res informations du Snudi-Fo 37\" class=\"synved-share-image synved-social-image synved-social-image-share\" width=\"32\" height=\"32\" style=\"display: inline;width:32px;height:32px;margin: 0;padding: 0;border: none;box-shadow: none\" src=\"https:\/\/snudifo37.fr\/wp-content\/plugins\/social-media-feather\/synved-social\/image\/social\/regular\/64x64\/mail.png\" \/><\/a>","protected":false},"excerpt":{"rendered":"<p>En r\u00e9ponse \u00e0 l\u2019obstination du ministre qui refuse de s\u2019engager vers une am\u00e9lioration des conditions d\u2019emploi des AESH et en r\u00e9ponse \u00e0 la d\u00e9gradation de leur mission depuis la cr\u00e9ation des PIAL, les organisations CGT \u00e9duc\u2019action, FNEC-FP-FO, FSU, SUD \u00e9ducation d\u2019Indre et Loire appellent les personnels \u00e0 la gr\u00e8ve le 8 avril.<\/p>\n","protected":false},"author":1,"featured_media":2900,"comment_status":"closed","ping_status":"closed","sticky":false,"template":"","format":"standard","meta":{"footnotes":""},"categories":[1],"tags":[],"class_list":["post-3460","post","type-post","status-publish","format-standard","has-post-thumbnail","hentry","category-non-classe"],"_links":{"self":[{"href":"https:\/\/snudifo37.fr\/index.php\/wp-json\/wp\/v2\/posts\/3460","targetHints":{"allow":["GET"]}}],"collection":[{"href":"https:\/\/snudifo37.fr\/index.php\/wp-json\/wp\/v2\/posts"}],"about":[{"href":"https:\/\/snudifo37.fr\/index.php\/wp-json\/wp\/v2\/types\/post"}],"author":[{"embeddable":true,"href":"https:\/\/snudifo37.fr\/index.php\/wp-json\/wp\/v2\/users\/1"}],"replies":[{"embeddable":true,"href":"https:\/\/snudifo37.fr\/index.php\/wp-json\/wp\/v2\/comments?post=3460"}],"version-history":[{"count":1,"href":"https:\/\/snudifo37.fr\/index.php\/wp-json\/wp\/v2\/posts\/3460\/revisions"}],"predecessor-version":[{"id":3462,"href":"https:\/\/snudifo37.fr\/index.php\/wp-json\/wp\/v2\/posts\/3460\/revisions\/3462"}],"wp:featuredmedia":[{"embeddable":true,"href":"https:\/\/snudifo37.fr\/index.php\/wp-json\/wp\/v2\/media\/2900"}],"wp:attachment":[{"href":"https:\/\/snudifo37.fr\/index.php\/wp-json\/wp\/v2\/media?parent=3460"}],"wp:term":[{"taxonomy":"category","embeddable":true,"href":"https:\/\/snudifo37.fr\/index.php\/wp-json\/wp\/v2\/categories?post=3460"},{"taxonomy":"post_tag","embeddable":true,"href":"https:\/\/snudifo37.fr\/index.php\/wp-json\/wp\/v2\/tags?post=3460"}],"curies":[{"name":"wp","href":"https:\/\/api.w.org\/{rel}","templated":true}]}}