{"id":340,"date":"2019-05-24T21:39:44","date_gmt":"2019-05-24T19:39:44","guid":{"rendered":"http:\/\/snudifo37.fr\/?p=340"},"modified":"2019-05-31T10:03:31","modified_gmt":"2019-05-31T08:03:31","slug":"nouvelles-regles-du-mouvement-courrier-intersyndical-au-ministre","status":"publish","type":"post","link":"https:\/\/snudifo37.fr\/index.php\/2019\/05\/24\/nouvelles-regles-du-mouvement-courrier-intersyndical-au-ministre\/","title":{"rendered":"Nouvelles r\u00e8gles du mouvement: courrier intersyndical au ministre"},"content":{"rendered":"\n<div class=\"wp-block-image\"><figure class=\"aligncenter is-resized\"><img loading=\"lazy\" decoding=\"async\" src=\"http:\/\/snudifo37.fr\/wp-content\/uploads\/2019\/05\/Intersyndicale-1-1024x216.jpg\" alt=\"\" class=\"wp-image-392\" width=\"586\" height=\"124\"\/><\/figure><\/div>\n\n\n\n<p>Face au chaos provoqu\u00e9 par le changement arbitraire des r\u00e8gles du mouvement, <strong>Un courrier commun SNUDI FO, SNUipp, CGT, SE-UNSA, CFDT<\/strong>&nbsp;est envoy\u00e9 au ministre pour demander \u00ab&nbsp;dans l\u2019imm\u00e9diat&nbsp;\u00bb des garanties pour les coll\u00e8gues.<\/p>\n\n\n\n<div class=\"wp-block-file\"><a href=\"http:\/\/snudifo37.fr\/wp-content\/uploads\/2019\/05\/24_03_19_COURRIER_UNITAIRE_MEN_MOUVEMENT.pdf\">Courrier intersyndical concernant le \u00ab\u00a0nouveau\u00a0\u00bb mouvement<\/a><a href=\"http:\/\/snudifo37.fr\/wp-content\/uploads\/2019\/05\/24_03_19_COURRIER_UNITAIRE_MEN_MOUVEMENT.pdf\" class=\"wp-block-file__button\" download>T\u00e9l\u00e9charger<\/a><\/div>\n<a class=\"synved-social-button synved-social-button-share synved-social-size-32 synved-social-resolution-single synved-social-provider-facebook nolightbox\" data-provider=\"facebook\" target=\"_blank\" rel=\"nofollow\" title=\"Faites le savoir \u00e0 vos amis via Facebook \" href=\"https:\/\/www.facebook.com\/sharer.php?u=https%3A%2F%2Fsnudifo37.fr%2Findex.php%2Fwp-json%2Fwp%2Fv2%2Fposts%2F340&#038;t=Nouvelles%20r%C3%A8gles%20du%20mouvement%3A%20courrier%20intersyndical%20au%20ministre&#038;s=100&#038;p&#091;url&#093;=https%3A%2F%2Fsnudifo37.fr%2Findex.php%2Fwp-json%2Fwp%2Fv2%2Fposts%2F340&#038;p&#091;images&#093;&#091;0&#093;=http%3A%2F%2Fsnudifo37.fr%2Fwp-content%2Fuploads%2F2019%2F05%2FIntersyndicale-1-1024x216.jpg&#038;p&#091;title&#093;=Nouvelles%20r%C3%A8gles%20du%20mouvement%3A%20courrier%20intersyndical%20au%20ministre\" style=\"font-size: 0px;width:32px;height:32px;margin:0;margin-bottom:20px;margin-right:20px\"><img loading=\"lazy\" decoding=\"async\" alt=\"Facebook\" title=\"Faites le savoir \u00e0 vos amis via Facebook \" class=\"synved-share-image synved-social-image synved-social-image-share\" width=\"32\" height=\"32\" style=\"display: inline;width:32px;height:32px;margin: 0;padding: 0;border: none;box-shadow: none\" src=\"https:\/\/snudifo37.fr\/wp-content\/plugins\/social-media-feather\/synved-social\/image\/social\/regular\/64x64\/facebook.png\" \/><\/a><a class=\"synved-social-button synved-social-button-share synved-social-size-32 synved-social-resolution-single synved-social-provider-twitter nolightbox\" data-provider=\"twitter\" target=\"_blank\" rel=\"nofollow\" title=\"Informez-en vos amis via Twitter\" href=\"https:\/\/twitter.com\/intent\/tweet?url=https%3A%2F%2Fsnudifo37.fr%2Findex.php%2Fwp-json%2Fwp%2Fv2%2Fposts%2F340&#038;text=Le%20Snudi-Fo%20vous%20informe%3A\" style=\"font-size: 0px;width:32px;height:32px;margin:0;margin-bottom:20px;margin-right:20px\"><img loading=\"lazy\" decoding=\"async\" alt=\"twitter\" title=\"Informez-en vos amis via Twitter\" class=\"synved-share-image synved-social-image synved-social-image-share\" width=\"32\" height=\"32\" style=\"display: inline;width:32px;height:32px;margin: 0;padding: 0;border: none;box-shadow: none\" src=\"https:\/\/snudifo37.fr\/wp-content\/plugins\/social-media-feather\/synved-social\/image\/social\/regular\/64x64\/twitter.png\" \/><\/a><a class=\"synved-social-button synved-social-button-share synved-social-size-32 synved-social-resolution-single synved-social-provider-mail nolightbox\" data-provider=\"mail\" rel=\"nofollow\" title=\"Les derni\u00e8res informations du Snudi-Fo 37\" href=\"mailto:?subject=Nouvelles%20r%C3%A8gles%20du%20mouvement%3A%20courrier%20intersyndical%20au%20ministre&#038;body=Le%20Snudi-Fo%20vous%20informe%3A:%20https%3A%2F%2Fsnudifo37.fr%2Findex.php%2Fwp-json%2Fwp%2Fv2%2Fposts%2F340\" style=\"font-size: 0px;width:32px;height:32px;margin:0;margin-bottom:20px\"><img loading=\"lazy\" decoding=\"async\" alt=\"mail\" title=\"Les derni\u00e8res informations du Snudi-Fo 37\" class=\"synved-share-image synved-social-image synved-social-image-share\" width=\"32\" height=\"32\" style=\"display: inline;width:32px;height:32px;margin: 0;padding: 0;border: none;box-shadow: none\" src=\"https:\/\/snudifo37.fr\/wp-content\/plugins\/social-media-feather\/synved-social\/image\/social\/regular\/64x64\/mail.png\" \/><\/a>","protected":false},"excerpt":{"rendered":"<p>Face au chaos provoqu\u00e9 par le changement arbitraire des r\u00e8gles du mouvement, Un courrier commun SNUDI FO, SNUipp, CGT, SE-UNSA, CFDT est envoy\u00e9 au ministre pour demander \u00ab dans l\u2019imm\u00e9diat \u00bb des garanties pour les coll\u00e8gues.<\/p>\n","protected":false},"author":1,"featured_media":0,"comment_status":"closed","ping_status":"closed","sticky":false,"template":"","format":"standard","meta":{"footnotes":""},"categories":[7],"tags":[57,53,47,51,58,20,56],"class_list":["post-340","post","type-post","status-publish","format-standard","hentry","category-syndicat","tag-cgt","tag-courrier","tag-intersyndicale","tag-mouvement","tag-se-unsa","tag-snudi-fo","tag-snuipp"],"_links":{"self":[{"href":"https:\/\/snudifo37.fr\/index.php\/wp-json\/wp\/v2\/posts\/340","targetHints":{"allow":["GET"]}}],"collection":[{"href":"https:\/\/snudifo37.fr\/index.php\/wp-json\/wp\/v2\/posts"}],"about":[{"href":"https:\/\/snudifo37.fr\/index.php\/wp-json\/wp\/v2\/types\/post"}],"author":[{"embeddable":true,"href":"https:\/\/snudifo37.fr\/index.php\/wp-json\/wp\/v2\/users\/1"}],"replies":[{"embeddable":true,"href":"https:\/\/snudifo37.fr\/index.php\/wp-json\/wp\/v2\/comments?post=340"}],"version-history":[{"count":2,"href":"https:\/\/snudifo37.fr\/index.php\/wp-json\/wp\/v2\/posts\/340\/revisions"}],"predecessor-version":[{"id":393,"href":"https:\/\/snudifo37.fr\/index.php\/wp-json\/wp\/v2\/posts\/340\/revisions\/393"}],"wp:attachment":[{"href":"https:\/\/snudifo37.fr\/index.php\/wp-json\/wp\/v2\/media?parent=340"}],"wp:term":[{"taxonomy":"category","embeddable":true,"href":"https:\/\/snudifo37.fr\/index.php\/wp-json\/wp\/v2\/categories?post=340"},{"taxonomy":"post_tag","embeddable":true,"href":"https:\/\/snudifo37.fr\/index.php\/wp-json\/wp\/v2\/tags?post=340"}],"curies":[{"name":"wp","href":"https:\/\/api.w.org\/{rel}","templated":true}]}}