{"id":3381,"date":"2021-03-22T22:00:36","date_gmt":"2021-03-22T21:00:36","guid":{"rendered":"https:\/\/snudifo37.fr\/?p=3381"},"modified":"2021-03-22T22:00:37","modified_gmt":"2021-03-22T21:00:37","slug":"carte-scolaire-aucune-reponse-du-snuipp-fsu-37-pour-un-rassemblement-dans-lunite-contre-les-fermetures-de-classes","status":"publish","type":"post","link":"https:\/\/snudifo37.fr\/index.php\/2021\/03\/22\/carte-scolaire-aucune-reponse-du-snuipp-fsu-37-pour-un-rassemblement-dans-lunite-contre-les-fermetures-de-classes\/","title":{"rendered":"Carte Scolaire: Aucune r\u00e9ponse du Snuipp-FSU 37 pour un rassemblement dans l&rsquo;unit\u00e9 contre les fermetures de classes."},"content":{"rendered":"\n<h4 class=\"has-text-align-center wp-block-heading\"><strong><span class=\"has-inline-color has-vivid-red-color\">Carte scolaire : sans r\u00e9ponse du SNUipp-FSU 37 pour un rassemblement dans l&rsquo;unit\u00e9 demain soir devant la pr\u00e9fecture lors du CDEN, les d\u00e9l\u00e9gu\u00e9s FO si\u00e9geront et d\u00e9fendront toutes les \u00e9coles menac\u00e9es de fermetures et les demandes d&rsquo;ouvertures.<\/span><\/strong><\/h4>\n\n\n\n<h4 class=\"has-text-align-center wp-block-heading\"><strong>Nous regrettons ce refus de d\u00e9marche unitaire pour bloquer les d\u00e9cisions de fermetures ou de non ouvertures alors que, dans la Creuse, la mobilisation a permis&nbsp; d&rsquo;obtenir une rallonge de postes.<\/strong><\/h4>\n\n\n\n<h4 class=\"has-text-align-center wp-block-heading\"><strong><span class=\"has-inline-color has-vivid-red-color\">Nous esp\u00e9rons que nous pourrons retrouver l&rsquo;unit\u00e9 syndicale sur les dossiers \u00e0 venir&#8230;<\/span><\/strong><\/h4>\n\n\n\n<p>Le SNUDI-FO interviendra au CDEN demain pour d\u00e9fendre chaque \u00e9cole menac\u00e9e de fermeture notamment celles qui se sont mobilis\u00e9es depuis des semaines avec les parents, \u00e9lus, enseignants et FO.<\/p>\n\n\n\n<p>Nous demanderons le respect des engagements de la secr\u00e9taire d&rsquo;Etat Elimas qui avait affirm\u00e9 au S\u00e9nat que <strong>le moratoire sur les communes de 5000 habitants serait maintenu<\/strong> !<\/p>\n\n\n\n<p>Nous demanderons \u00e0 l&rsquo;IA-DASEN de <strong>renoncer aux cr\u00e9ations de postes de conseillers p\u00e9dagogiques, postes r\u00e9f\u00e9rents et autres postes vou\u00e9s \u00e0 appliquer les contre-r\u00e9formes minist\u00e9rielles,<\/strong> une v\u00e9ritable provocation dans le contexte actuel ! Ce dont ont besoin les \u00e9coles, c&rsquo;est de maitresses et de ma\u00eetres dans chaque classe! Nous demanderons la cr\u00e9ations de postes de rempla\u00e7ants et de RASED.<\/p>\n<a class=\"synved-social-button synved-social-button-share synved-social-size-32 synved-social-resolution-single synved-social-provider-facebook nolightbox\" data-provider=\"facebook\" target=\"_blank\" rel=\"nofollow\" title=\"Faites le savoir \u00e0 vos amis via Facebook \" href=\"https:\/\/www.facebook.com\/sharer.php?u=https%3A%2F%2Fsnudifo37.fr%2Findex.php%2Fwp-json%2Fwp%2Fv2%2Fposts%2F3381&#038;t=Carte%20Scolaire%3A%20Aucune%20r%C3%A9ponse%20du%20Snuipp-FSU%2037%20pour%20un%20rassemblement%20dans%20l%E2%80%99unit%C3%A9%20contre%20les%20fermetures%20de%20classes.&#038;s=100&#038;p&#091;url&#093;=https%3A%2F%2Fsnudifo37.fr%2Findex.php%2Fwp-json%2Fwp%2Fv2%2Fposts%2F3381&#038;p&#091;images&#093;&#091;0&#093;=&#038;p&#091;title&#093;=Carte%20Scolaire%3A%20Aucune%20r%C3%A9ponse%20du%20Snuipp-FSU%2037%20pour%20un%20rassemblement%20dans%20l%E2%80%99unit%C3%A9%20contre%20les%20fermetures%20de%20classes.\" style=\"font-size: 0px;width:32px;height:32px;margin:0;margin-bottom:20px;margin-right:20px\"><img loading=\"lazy\" decoding=\"async\" alt=\"Facebook\" title=\"Faites le savoir \u00e0 vos amis via Facebook \" class=\"synved-share-image synved-social-image synved-social-image-share\" width=\"32\" height=\"32\" style=\"display: inline;width:32px;height:32px;margin: 0;padding: 0;border: none;box-shadow: none\" src=\"https:\/\/snudifo37.fr\/wp-content\/plugins\/social-media-feather\/synved-social\/image\/social\/regular\/64x64\/facebook.png\" \/><\/a><a class=\"synved-social-button synved-social-button-share synved-social-size-32 synved-social-resolution-single synved-social-provider-twitter nolightbox\" data-provider=\"twitter\" target=\"_blank\" rel=\"nofollow\" title=\"Informez-en vos amis via Twitter\" href=\"https:\/\/twitter.com\/intent\/tweet?url=https%3A%2F%2Fsnudifo37.fr%2Findex.php%2Fwp-json%2Fwp%2Fv2%2Fposts%2F3381&#038;text=Le%20Snudi-Fo%20vous%20informe%3A\" style=\"font-size: 0px;width:32px;height:32px;margin:0;margin-bottom:20px;margin-right:20px\"><img loading=\"lazy\" decoding=\"async\" alt=\"twitter\" title=\"Informez-en vos amis via Twitter\" class=\"synved-share-image synved-social-image synved-social-image-share\" width=\"32\" height=\"32\" style=\"display: inline;width:32px;height:32px;margin: 0;padding: 0;border: none;box-shadow: none\" src=\"https:\/\/snudifo37.fr\/wp-content\/plugins\/social-media-feather\/synved-social\/image\/social\/regular\/64x64\/twitter.png\" \/><\/a><a class=\"synved-social-button synved-social-button-share synved-social-size-32 synved-social-resolution-single synved-social-provider-mail nolightbox\" data-provider=\"mail\" rel=\"nofollow\" title=\"Les derni\u00e8res informations du Snudi-Fo 37\" href=\"mailto:?subject=Carte%20Scolaire%3A%20Aucune%20r%C3%A9ponse%20du%20Snuipp-FSU%2037%20pour%20un%20rassemblement%20dans%20l%E2%80%99unit%C3%A9%20contre%20les%20fermetures%20de%20classes.&#038;body=Le%20Snudi-Fo%20vous%20informe%3A:%20https%3A%2F%2Fsnudifo37.fr%2Findex.php%2Fwp-json%2Fwp%2Fv2%2Fposts%2F3381\" style=\"font-size: 0px;width:32px;height:32px;margin:0;margin-bottom:20px\"><img loading=\"lazy\" decoding=\"async\" alt=\"mail\" title=\"Les derni\u00e8res informations du Snudi-Fo 37\" class=\"synved-share-image synved-social-image synved-social-image-share\" width=\"32\" height=\"32\" style=\"display: inline;width:32px;height:32px;margin: 0;padding: 0;border: none;box-shadow: none\" src=\"https:\/\/snudifo37.fr\/wp-content\/plugins\/social-media-feather\/synved-social\/image\/social\/regular\/64x64\/mail.png\" \/><\/a>","protected":false},"excerpt":{"rendered":"<p>Sans r\u00e9ponse du SNUipp-FSU 37 pour un rassemblement dans l&rsquo;unit\u00e9 demain soir devant la pr\u00e9fecture lors du CDEN, les d\u00e9l\u00e9gu\u00e9s FO si\u00e9geront et d\u00e9fendront toutes les \u00e9coles menac\u00e9es de fermetures et les demandes d&rsquo;ouvertures.<\/p>\n<p>Nous regrettons ce refus de d\u00e9marche unitaire pour bloquer les d\u00e9cisions de fermetures ou de non ouvertures alors que, dans la Creuse, la mobilisation a permis  d&rsquo;obtenir une rallonge de postes.<\/p>\n<p>Nous esp\u00e9rons que nous pourrons retrouver l&rsquo;unit\u00e9 syndicale sur les dossiers \u00e0 venir&#8230;<\/p>\n","protected":false},"author":1,"featured_media":0,"comment_status":"closed","ping_status":"closed","sticky":false,"template":"","format":"standard","meta":{"footnotes":""},"categories":[7],"tags":[85,211,323,46,56,939],"class_list":["post-3381","post","type-post","status-publish","format-standard","hentry","category-syndicat","tag-carte-scolaire","tag-cden","tag-fsu","tag-rassemblement","tag-snuipp","tag-unite"],"_links":{"self":[{"href":"https:\/\/snudifo37.fr\/index.php\/wp-json\/wp\/v2\/posts\/3381","targetHints":{"allow":["GET"]}}],"collection":[{"href":"https:\/\/snudifo37.fr\/index.php\/wp-json\/wp\/v2\/posts"}],"about":[{"href":"https:\/\/snudifo37.fr\/index.php\/wp-json\/wp\/v2\/types\/post"}],"author":[{"embeddable":true,"href":"https:\/\/snudifo37.fr\/index.php\/wp-json\/wp\/v2\/users\/1"}],"replies":[{"embeddable":true,"href":"https:\/\/snudifo37.fr\/index.php\/wp-json\/wp\/v2\/comments?post=3381"}],"version-history":[{"count":1,"href":"https:\/\/snudifo37.fr\/index.php\/wp-json\/wp\/v2\/posts\/3381\/revisions"}],"predecessor-version":[{"id":3382,"href":"https:\/\/snudifo37.fr\/index.php\/wp-json\/wp\/v2\/posts\/3381\/revisions\/3382"}],"wp:attachment":[{"href":"https:\/\/snudifo37.fr\/index.php\/wp-json\/wp\/v2\/media?parent=3381"}],"wp:term":[{"taxonomy":"category","embeddable":true,"href":"https:\/\/snudifo37.fr\/index.php\/wp-json\/wp\/v2\/categories?post=3381"},{"taxonomy":"post_tag","embeddable":true,"href":"https:\/\/snudifo37.fr\/index.php\/wp-json\/wp\/v2\/tags?post=3381"}],"curies":[{"name":"wp","href":"https:\/\/api.w.org\/{rel}","templated":true}]}}