{"id":337,"date":"2019-05-24T21:33:32","date_gmt":"2019-05-24T19:33:32","guid":{"rendered":"http:\/\/snudifo37.fr\/?p=337"},"modified":"2019-05-31T10:04:12","modified_gmt":"2019-05-31T08:04:12","slug":"courrier-du-snudi-fo-au-ministre-concernant-les-petits-dejeuners-a-lecole","status":"publish","type":"post","link":"https:\/\/snudifo37.fr\/index.php\/2019\/05\/24\/courrier-du-snudi-fo-au-ministre-concernant-les-petits-dejeuners-a-lecole\/","title":{"rendered":"Courrier du Snudi-FO au ministre concernant les \u00ab\u00a0petits d\u00e9jeuners \u00e0 l&rsquo;\u00e9cole\u00a0\u00bb"},"content":{"rendered":"\n<div class=\"wp-block-image\"><figure class=\"aligncenter is-resized\"><img loading=\"lazy\" decoding=\"async\" src=\"http:\/\/snudifo37.fr\/wp-content\/uploads\/2019\/04\/SnudiFo-1.jpg\" alt=\"\" class=\"wp-image-13\" width=\"206\" height=\"203\"\/><figcaption>Rejoignez un syndicat combatif et revendicatif !<\/figcaption><\/figure><\/div>\n\n\n\n<p>Retrouvez ici le courrier du Snudi-FO adress\u00e9 au ministre soulignant les irr\u00e9gularit\u00e9s du dispositif \u00ab\u00a0Petits D\u00e9jeuners \u00e0 l&rsquo;\u00e9cole\u00a0\u00bb, plus particuli\u00e8rement sur l&rsquo;organisation de celui-ci et son impact probable sur le temps de travail des professeurs des \u00e9coles.<\/p>\n\n\n\n<div class=\"wp-block-file\"><a href=\"http:\/\/snudifo37.fr\/wp-content\/uploads\/2019\/05\/Courrier-petits-d\u00e9jeuners.pdf\">Courrier de Norbert Trichard au ministre sur les \u00ab\u00a0Petits D\u00e9jeuners \u00e0 l&rsquo;\u00e9cole\u00a0\u00bb<\/a><a href=\"http:\/\/snudifo37.fr\/wp-content\/uploads\/2019\/05\/Courrier-petits-d\u00e9jeuners.pdf\" class=\"wp-block-file__button\" download>T\u00e9l\u00e9charger<\/a><\/div>\n<a class=\"synved-social-button synved-social-button-share synved-social-size-32 synved-social-resolution-single synved-social-provider-facebook nolightbox\" data-provider=\"facebook\" target=\"_blank\" rel=\"nofollow\" title=\"Faites le savoir \u00e0 vos amis via Facebook \" href=\"https:\/\/www.facebook.com\/sharer.php?u=https%3A%2F%2Fsnudifo37.fr%2Findex.php%2Fwp-json%2Fwp%2Fv2%2Fposts%2F337&#038;t=Courrier%20du%20Snudi-FO%20au%20ministre%20concernant%20les%20%C2%AB%C2%A0petits%20d%C3%A9jeuners%20%C3%A0%20l%E2%80%99%C3%A9cole%C2%A0%C2%BB&#038;s=100&#038;p&#091;url&#093;=https%3A%2F%2Fsnudifo37.fr%2Findex.php%2Fwp-json%2Fwp%2Fv2%2Fposts%2F337&#038;p&#091;images&#093;&#091;0&#093;=http%3A%2F%2Fsnudifo37.fr%2Fwp-content%2Fuploads%2F2019%2F04%2FSnudiFo-1.jpg&#038;p&#091;title&#093;=Courrier%20du%20Snudi-FO%20au%20ministre%20concernant%20les%20%C2%AB%C2%A0petits%20d%C3%A9jeuners%20%C3%A0%20l%E2%80%99%C3%A9cole%C2%A0%C2%BB\" style=\"font-size: 0px;width:32px;height:32px;margin:0;margin-bottom:20px;margin-right:20px\"><img loading=\"lazy\" decoding=\"async\" alt=\"Facebook\" title=\"Faites le savoir \u00e0 vos amis via Facebook \" class=\"synved-share-image synved-social-image synved-social-image-share\" width=\"32\" height=\"32\" style=\"display: inline;width:32px;height:32px;margin: 0;padding: 0;border: none;box-shadow: none\" src=\"https:\/\/snudifo37.fr\/wp-content\/plugins\/social-media-feather\/synved-social\/image\/social\/regular\/64x64\/facebook.png\" \/><\/a><a class=\"synved-social-button synved-social-button-share synved-social-size-32 synved-social-resolution-single synved-social-provider-twitter nolightbox\" data-provider=\"twitter\" target=\"_blank\" rel=\"nofollow\" title=\"Informez-en vos amis via Twitter\" href=\"https:\/\/twitter.com\/intent\/tweet?url=https%3A%2F%2Fsnudifo37.fr%2Findex.php%2Fwp-json%2Fwp%2Fv2%2Fposts%2F337&#038;text=Le%20Snudi-Fo%20vous%20informe%3A\" style=\"font-size: 0px;width:32px;height:32px;margin:0;margin-bottom:20px;margin-right:20px\"><img loading=\"lazy\" decoding=\"async\" alt=\"twitter\" title=\"Informez-en vos amis via Twitter\" class=\"synved-share-image synved-social-image synved-social-image-share\" width=\"32\" height=\"32\" style=\"display: inline;width:32px;height:32px;margin: 0;padding: 0;border: none;box-shadow: none\" src=\"https:\/\/snudifo37.fr\/wp-content\/plugins\/social-media-feather\/synved-social\/image\/social\/regular\/64x64\/twitter.png\" \/><\/a><a class=\"synved-social-button synved-social-button-share synved-social-size-32 synved-social-resolution-single synved-social-provider-mail nolightbox\" data-provider=\"mail\" rel=\"nofollow\" title=\"Les derni\u00e8res informations du Snudi-Fo 37\" href=\"mailto:?subject=Courrier%20du%20Snudi-FO%20au%20ministre%20concernant%20les%20%C2%AB%C2%A0petits%20d%C3%A9jeuners%20%C3%A0%20l%E2%80%99%C3%A9cole%C2%A0%C2%BB&#038;body=Le%20Snudi-Fo%20vous%20informe%3A:%20https%3A%2F%2Fsnudifo37.fr%2Findex.php%2Fwp-json%2Fwp%2Fv2%2Fposts%2F337\" style=\"font-size: 0px;width:32px;height:32px;margin:0;margin-bottom:20px\"><img loading=\"lazy\" decoding=\"async\" alt=\"mail\" title=\"Les derni\u00e8res informations du Snudi-Fo 37\" class=\"synved-share-image synved-social-image synved-social-image-share\" width=\"32\" height=\"32\" style=\"display: inline;width:32px;height:32px;margin: 0;padding: 0;border: none;box-shadow: none\" src=\"https:\/\/snudifo37.fr\/wp-content\/plugins\/social-media-feather\/synved-social\/image\/social\/regular\/64x64\/mail.png\" \/><\/a>","protected":false},"excerpt":{"rendered":"<p>Retrouvez ici le courrier du Snudi-FO adress\u00e9 au ministre soulignant les irr\u00e9gularit\u00e9s du dispositif \u00ab\u00a0Petits D\u00e9jeuners \u00e0 l&rsquo;\u00e9cole\u00a0\u00bb, plus particuli\u00e8rement sur l&rsquo;organisation de celui-ci et son impact probable sur le temps de travail des professeurs des \u00e9coles.<\/p>\n","protected":false},"author":1,"featured_media":0,"comment_status":"closed","ping_status":"closed","sticky":false,"template":"","format":"standard","meta":{"footnotes":""},"categories":[7],"tags":[22,36,53,54,20],"class_list":["post-337","post","type-post","status-publish","format-standard","hentry","category-syndicat","tag-22","tag-communiques","tag-courrier","tag-ministere","tag-snudi-fo"],"_links":{"self":[{"href":"https:\/\/snudifo37.fr\/index.php\/wp-json\/wp\/v2\/posts\/337","targetHints":{"allow":["GET"]}}],"collection":[{"href":"https:\/\/snudifo37.fr\/index.php\/wp-json\/wp\/v2\/posts"}],"about":[{"href":"https:\/\/snudifo37.fr\/index.php\/wp-json\/wp\/v2\/types\/post"}],"author":[{"embeddable":true,"href":"https:\/\/snudifo37.fr\/index.php\/wp-json\/wp\/v2\/users\/1"}],"replies":[{"embeddable":true,"href":"https:\/\/snudifo37.fr\/index.php\/wp-json\/wp\/v2\/comments?post=337"}],"version-history":[{"count":2,"href":"https:\/\/snudifo37.fr\/index.php\/wp-json\/wp\/v2\/posts\/337\/revisions"}],"predecessor-version":[{"id":394,"href":"https:\/\/snudifo37.fr\/index.php\/wp-json\/wp\/v2\/posts\/337\/revisions\/394"}],"wp:attachment":[{"href":"https:\/\/snudifo37.fr\/index.php\/wp-json\/wp\/v2\/media?parent=337"}],"wp:term":[{"taxonomy":"category","embeddable":true,"href":"https:\/\/snudifo37.fr\/index.php\/wp-json\/wp\/v2\/categories?post=337"},{"taxonomy":"post_tag","embeddable":true,"href":"https:\/\/snudifo37.fr\/index.php\/wp-json\/wp\/v2\/tags?post=337"}],"curies":[{"name":"wp","href":"https:\/\/api.w.org\/{rel}","templated":true}]}}