{"id":3333,"date":"2021-03-19T09:08:19","date_gmt":"2021-03-19T08:08:19","guid":{"rendered":"https:\/\/snudifo37.fr\/?p=3333"},"modified":"2021-03-19T09:08:20","modified_gmt":"2021-03-19T08:08:20","slug":"manque-de-remplacants-pas-dautres-solutions-que-le-recrutement-massif-et-immediat-sur-la-liste-complementaire","status":"publish","type":"post","link":"https:\/\/snudifo37.fr\/index.php\/2021\/03\/19\/manque-de-remplacants-pas-dautres-solutions-que-le-recrutement-massif-et-immediat-sur-la-liste-complementaire\/","title":{"rendered":"Manque de rempla\u00e7ants : pas d\u2019autres solutions que le recrutement massif et imm\u00e9diat sur la liste compl\u00e9mentaire !"},"content":{"rendered":"\n<p>Les cons\u00e9quences de la d\u00e9cision du ministre Blanquer de ne pas recruter en urgence la totalit\u00e9 des candidats aux concours de professeur des \u00e9coles inscrits sur les listes compl\u00e9mentaires et de r\u00e9abonder celles-ci sont d\u00e9sastreuses dans les \u00e9coles. Partout les rempla\u00e7ants manquent !<\/p>\n\n\n\n<p><strong>Le non-remplacement d\u2019un enseignant en cong\u00e9 est devenu la norme :<\/strong><\/p>\n\n\n\n<ul class=\"wp-block-list\"><li>dans certains d\u00e9partements, <strong>il est fait appel aux personnels RASED pour effectuer des remplacements<\/strong> alors que ce n\u2019est pas leur mission ;<\/li><li>dans d&rsquo;autres, il est annonc\u00e9 que <strong>les enseignants en \u00e9ducation prioritaire ne seront plus remplac\u00e9s et que ce sera aux enseignants affect\u00e9s sur des CP ou CE1 d\u00e9doubl\u00e9s d\u2019assurer les remplacements<\/strong> ;<\/li><li>dans d\u2019autres encore, <strong>on annonce aux directeurs d\u2019\u00e9coles de 1 \u00e0 3 classes que leurs d\u00e9charges ne seront plus assur\u00e9es<\/strong> ;<\/li><li>dans certaines \u00e9coles, <strong>les directeurs sont contraints de prendre des classes sur leur temps de d\u00e9charge<\/strong>.<\/li><\/ul>\n\n\n\n<p>Partout les \u00e9l\u00e8ves sans enseignants sont r\u00e9partis dans les autres classes au m\u00e9pris des conditions de travail des personnels et des conditions d\u2019apprentissage des \u00e9l\u00e8ves \u2026 et ces r\u00e9partitions ne semblent d\u2019ailleurs pas d\u00e9ranger le ministre dont le protocole pr\u00e9conise le non-brassage des \u00e9l\u00e8ves !<\/p>\n\n\n\n<p>Pire, dans les Yvelines, il est demand\u00e9 aux enseignants de pallier le manque de rempla\u00e7ants en assurant \u00e0&nbsp; distance la classe pour les \u00e9l\u00e8ves qui seraient renvoy\u00e9s chez eux faute de personnels ou en organisant une alternance \u201c<em>un enseignant pourra, \u00e0 l&rsquo;\u00e9cole, prendre en charge sa classe les lundis et mardis alors qu&rsquo;il prendra en charge les \u00e9l\u00e8ves d&rsquo;une coll\u00e8gue absente les jeudis et vendredis pendant que ses propres \u00e9l\u00e8ves seront en&nbsp; distanciel <\/em>\u00bb.<\/p>\n\n\n\n<p>En audience, le DASEN r\u00e9pond que les moyens en personnels n\u2019ont pas prouv\u00e9 leur efficacit\u00e9 contrairement aux \u00ab <em>dynamiques d\u2019\u00e9quipes autour de projet<\/em> \u00bb. La boucle est boucl\u00e9e ! <strong>Pas de personnels suppl\u00e9mentaires pour assurer le remplacement des personnels absents, mais une dynamique d\u2019\u00e9quipe pour mettre en place du distanciel, pour casser le principe d\u2019une classe = un enseignant, pour d\u00e9truire le statut du professeur des \u00e9coles !<\/strong><\/p>\n\n\n\n<p>Aussi, dans plusieurs d\u00e9partements, <strong>les enseignants en ASA sont plac\u00e9s en t\u00e9l\u00e9travail et invit\u00e9s \u00e0 assurer la classe \u00e0 distance pour des \u00e9l\u00e8ves<\/strong>, des classes qui ne sont pas les leurs, devenant ainsi des rempla\u00e7ants \u00e0 distance !<\/p>\n\n\n\n<p>Force est de constater que <strong>la seule mesures prise par le ministre c\u2019est d\u2019accentuer l\u2019ub\u00e9risation de\u00a0 l\u2019Ecole Publique<\/strong> en recrutant des enseignants contractuels en CDD, contractuels que les recteurs et inspecteurs d\u2019acad\u00e9mie ont d\u2019ailleurs bien du mal \u00e0 recruter !<\/p>\n\n\n\n<p>Si les CDD des enseignants contractuels, \u00e0 l\u2019origine pr\u00e9vus pour 3 mois, ont \u00e9t\u00e9 prolong\u00e9s, aucune proposition n\u2019a \u00e9t\u00e9 faite \u00e0 ces coll\u00e8gues pour int\u00e9grer le corps des professeurs des \u00e9coles ! <strong>Cerise sur le g\u00e2teau, leur contrat a \u00e9t\u00e9 interrompu pendant les vacances, \u00e9conomies obligent !<\/strong><\/p>\n\n\n\n<p>En organisant la p\u00e9nurie de personnels, alors que l\u2019Etat est responsable de donner tous les moyens n\u00e9cessaires \u00e0 la continuit\u00e9 du service public, <strong>le Ministre cherche \u00e0 modifier en profondeur notre statut et nos obligations r\u00e9glementaires de services.<\/strong><\/p>\n\n\n\n<p>Les personnels ne supportent plus cette situation o\u00f9 le manque de rempla\u00e7ants et le manque de postes d\u00e9gradent leurs conditions de travail. Ils l\u2019ont exprim\u00e9 lors des nombreux rassemblements et gr\u00e8ves qui se sont d\u00e9roul\u00e9s&nbsp; dans les d\u00e9partements au c\u00f4t\u00e9 des parents d\u2019\u00e9l\u00e8ves et des \u00e9lus locaux.<\/p>\n\n\n\n<h3 class=\"wp-block-heading\">Le SNUDI-FO revendique :<\/h3>\n\n\n\n<ul class=\"wp-block-list\"><li>le recrutement imm\u00e9diat de tous les candidats aux concours inscrits sur les listes compl\u00e9mentaires et le r\u00e9abondement de celles-ci, ce qui est possible jusqu\u2019\u00e0 la date du concours 2021, c\u2019est-\u00e0-dire le 12 avril ;<\/li><li>la stagiairisation ou la titularisation de tous les contractuels qui le souhaitent ;<\/li><li>l\u2019int\u00e9gration massive des PE dans les d\u00e9partements via les ineat ;<\/li><li>le maintien du principe un ma\u00eetre-une classe, le respect du statut et des obligations de service de chaque enseignant ;<\/li><li>le respect de la r\u00e9glementation concernant les ASA pour les personnels vuln\u00e9rables.<\/li><\/ul>\n\n\n\n<p>Le SNUDI-FO interpelle imm\u00e9diatement le ministre sur la base de ces exigences.<\/p>\n\n\n\n<p><strong>Le SNUDI-FO rappelle que la FNEC FP-FO a d\u00e9pos\u00e9 un pr\u00e9avis de gr\u00e8ve jusqu\u2019au 31 mars et soutiendra toutes les mobilisations visant \u00e0 satisfaire ces revendications.<\/strong><\/p>\n\n\n\n<p class=\"has-text-align-right\"><em>Montreuil, le 18 mars 2021<\/em><\/p>\n\n\n\n<div class=\"wp-block-file\"><a href=\"https:\/\/snudifo37.fr\/wp-content\/uploads\/2021\/03\/210318-Communique-SNUDI-FO-Manque-de-remplacants.pdf\">210318-Communique-SNUDI-FO-Manque-de-remplacants<\/a><a href=\"https:\/\/snudifo37.fr\/wp-content\/uploads\/2021\/03\/210318-Communique-SNUDI-FO-Manque-de-remplacants.pdf\" class=\"wp-block-file__button\" download>T\u00e9l\u00e9charger<\/a><\/div>\n<a class=\"synved-social-button synved-social-button-share synved-social-size-32 synved-social-resolution-single synved-social-provider-facebook nolightbox\" data-provider=\"facebook\" target=\"_blank\" rel=\"nofollow\" title=\"Faites le savoir \u00e0 vos amis via Facebook \" href=\"https:\/\/www.facebook.com\/sharer.php?u=https%3A%2F%2Fsnudifo37.fr%2Findex.php%2Fwp-json%2Fwp%2Fv2%2Fposts%2F3333&#038;t=Manque%20de%20rempla%C3%A7ants%20%3A%20pas%20d%E2%80%99autres%20solutions%20que%20le%20recrutement%20massif%20et%20imm%C3%A9diat%20sur%20la%20liste%20compl%C3%A9mentaire%20%21&#038;s=100&#038;p&#091;url&#093;=https%3A%2F%2Fsnudifo37.fr%2Findex.php%2Fwp-json%2Fwp%2Fv2%2Fposts%2F3333&#038;p&#091;images&#093;&#091;0&#093;=https%3A%2F%2Fsnudifo37.fr%2Fwp-content%2Fuploads%2F2020%2F05%2FServicesPublics.jpg&#038;p&#091;title&#093;=Manque%20de%20rempla%C3%A7ants%20%3A%20pas%20d%E2%80%99autres%20solutions%20que%20le%20recrutement%20massif%20et%20imm%C3%A9diat%20sur%20la%20liste%20compl%C3%A9mentaire%20%21\" style=\"font-size: 0px;width:32px;height:32px;margin:0;margin-bottom:20px;margin-right:20px\"><img loading=\"lazy\" decoding=\"async\" alt=\"Facebook\" title=\"Faites le savoir \u00e0 vos amis via Facebook \" class=\"synved-share-image synved-social-image synved-social-image-share\" width=\"32\" height=\"32\" style=\"display: inline;width:32px;height:32px;margin: 0;padding: 0;border: none;box-shadow: none\" src=\"https:\/\/snudifo37.fr\/wp-content\/plugins\/social-media-feather\/synved-social\/image\/social\/regular\/64x64\/facebook.png\" \/><\/a><a class=\"synved-social-button synved-social-button-share synved-social-size-32 synved-social-resolution-single synved-social-provider-twitter nolightbox\" data-provider=\"twitter\" target=\"_blank\" rel=\"nofollow\" title=\"Informez-en vos amis via Twitter\" href=\"https:\/\/twitter.com\/intent\/tweet?url=https%3A%2F%2Fsnudifo37.fr%2Findex.php%2Fwp-json%2Fwp%2Fv2%2Fposts%2F3333&#038;text=Le%20Snudi-Fo%20vous%20informe%3A\" style=\"font-size: 0px;width:32px;height:32px;margin:0;margin-bottom:20px;margin-right:20px\"><img loading=\"lazy\" decoding=\"async\" alt=\"twitter\" title=\"Informez-en vos amis via Twitter\" class=\"synved-share-image synved-social-image synved-social-image-share\" width=\"32\" height=\"32\" style=\"display: inline;width:32px;height:32px;margin: 0;padding: 0;border: none;box-shadow: none\" src=\"https:\/\/snudifo37.fr\/wp-content\/plugins\/social-media-feather\/synved-social\/image\/social\/regular\/64x64\/twitter.png\" \/><\/a><a class=\"synved-social-button synved-social-button-share synved-social-size-32 synved-social-resolution-single synved-social-provider-mail nolightbox\" data-provider=\"mail\" rel=\"nofollow\" title=\"Les derni\u00e8res informations du Snudi-Fo 37\" href=\"mailto:?subject=Manque%20de%20rempla%C3%A7ants%20%3A%20pas%20d%E2%80%99autres%20solutions%20que%20le%20recrutement%20massif%20et%20imm%C3%A9diat%20sur%20la%20liste%20compl%C3%A9mentaire%20%21&#038;body=Le%20Snudi-Fo%20vous%20informe%3A:%20https%3A%2F%2Fsnudifo37.fr%2Findex.php%2Fwp-json%2Fwp%2Fv2%2Fposts%2F3333\" style=\"font-size: 0px;width:32px;height:32px;margin:0;margin-bottom:20px\"><img loading=\"lazy\" decoding=\"async\" alt=\"mail\" title=\"Les derni\u00e8res informations du Snudi-Fo 37\" class=\"synved-share-image synved-social-image synved-social-image-share\" width=\"32\" height=\"32\" style=\"display: inline;width:32px;height:32px;margin: 0;padding: 0;border: none;box-shadow: none\" src=\"https:\/\/snudifo37.fr\/wp-content\/plugins\/social-media-feather\/synved-social\/image\/social\/regular\/64x64\/mail.png\" \/><\/a>","protected":false},"excerpt":{"rendered":"<p>Les cons\u00e9quences de la d\u00e9cision du ministre Blanquer de ne pas recruter en urgence la totalit\u00e9 des candidats aux concours de professeur des \u00e9coles inscrits sur les listes compl\u00e9mentaires et de r\u00e9abonder celles-ci sont d\u00e9sastreuses dans les \u00e9coles. Partout les rempla\u00e7ants manquent !<\/p>\n","protected":false},"author":1,"featured_media":2289,"comment_status":"closed","ping_status":"closed","sticky":false,"template":"","format":"standard","meta":{"footnotes":""},"categories":[7],"tags":[964,358,243,812,715,954,163,955,123,172,173,965,178],"class_list":["post-3333","post","type-post","status-publish","format-standard","has-post-thumbnail","hentry","category-syndicat","tag-classes-dedoublees","tag-directeur","tag-directeurs","tag-distanciel","tag-rased","tag-remplacement","tag-remplacements","tag-remplacant","tag-remplacants","tag-rep","tag-rep-2","tag-reglementation","tag-statut"],"_links":{"self":[{"href":"https:\/\/snudifo37.fr\/index.php\/wp-json\/wp\/v2\/posts\/3333","targetHints":{"allow":["GET"]}}],"collection":[{"href":"https:\/\/snudifo37.fr\/index.php\/wp-json\/wp\/v2\/posts"}],"about":[{"href":"https:\/\/snudifo37.fr\/index.php\/wp-json\/wp\/v2\/types\/post"}],"author":[{"embeddable":true,"href":"https:\/\/snudifo37.fr\/index.php\/wp-json\/wp\/v2\/users\/1"}],"replies":[{"embeddable":true,"href":"https:\/\/snudifo37.fr\/index.php\/wp-json\/wp\/v2\/comments?post=3333"}],"version-history":[{"count":1,"href":"https:\/\/snudifo37.fr\/index.php\/wp-json\/wp\/v2\/posts\/3333\/revisions"}],"predecessor-version":[{"id":3335,"href":"https:\/\/snudifo37.fr\/index.php\/wp-json\/wp\/v2\/posts\/3333\/revisions\/3335"}],"wp:featuredmedia":[{"embeddable":true,"href":"https:\/\/snudifo37.fr\/index.php\/wp-json\/wp\/v2\/media\/2289"}],"wp:attachment":[{"href":"https:\/\/snudifo37.fr\/index.php\/wp-json\/wp\/v2\/media?parent=3333"}],"wp:term":[{"taxonomy":"category","embeddable":true,"href":"https:\/\/snudifo37.fr\/index.php\/wp-json\/wp\/v2\/categories?post=3333"},{"taxonomy":"post_tag","embeddable":true,"href":"https:\/\/snudifo37.fr\/index.php\/wp-json\/wp\/v2\/tags?post=3333"}],"curies":[{"name":"wp","href":"https:\/\/api.w.org\/{rel}","templated":true}]}}