{"id":3262,"date":"2021-02-20T14:23:15","date_gmt":"2021-02-20T13:23:15","guid":{"rendered":"https:\/\/snudifo37.fr\/?p=3262"},"modified":"2021-02-20T14:23:16","modified_gmt":"2021-02-20T13:23:16","slug":"compte-rendu-du-ctsd-du-17-fevrier","status":"publish","type":"post","link":"https:\/\/snudifo37.fr\/index.php\/2021\/02\/20\/compte-rendu-du-ctsd-du-17-fevrier\/","title":{"rendered":"Compte-Rendu du CTSD du 17 f\u00e9vrier"},"content":{"rendered":"\n<p>L&rsquo;IA-DASEN envisage l&rsquo;extension des constellations pour des domaines qui viendront s&rsquo;ajouter aux math\u00e9matiques et fran\u00e7ais et maintient la cr\u00e9ation de 6 postes (CPC, BD RASED, ..) pour mettre en oeuvre la politique minist\u00e9rielle, c&rsquo;est-\u00e0-dire l&rsquo;accompagnement-suivi de tous les coll\u00e8gues dans le cadre de PPCR !<\/p>\n\n\n\n<p>Une v\u00e9ritable provocation du Ministre qui ferme des classes et n&rsquo;abonde ni les rempla\u00e7ants ni les RASED !<\/p>\n\n\n\n<p>Il est temps de monter d&rsquo;un cran : signez, faites signer notre p\u00e9tition qui a d\u00e9j\u00e0 recueilli plus de 150 signatures !<\/p>\n\n\n\n<p class=\"has-text-align-center\"><a href=\"https:\/\/framaforms.org\/non-a-la-creation-de-postes-de-conseillers-pedagogiques-pour-laccompagnement-ppcr-1612988908\" target=\"_blank\" rel=\"noreferrer noopener\">NON aux cr\u00e9ations de postes de CPC accompagnement, OUI aux postes de rempla\u00e7ants et aux annulations de suppressions de classes !<\/a><\/p>\n\n\n\n<p>Nos d\u00e9l\u00e9gu\u00e9s se sont saisis du CTSD 2nd degr\u00e9 pour exiger des r\u00e9ponses aux questions pos\u00e9es et \u00e0 nos avis d\u00e9pos\u00e9s lors du pr\u00e9c\u00e9dent CTSD (relisez nos avis avec les votes de chacun ici).<\/p>\n\n\n\n<h3 class=\"has-vivid-red-color has-text-color wp-block-heading\">Temps partiels \u00e0 80 % : la remise en cause de ce droit continue !<\/h3>\n\n\n\n<p>Concernant les demandes sur autorisation, nous avons demand\u00e9 qu&rsquo;elles soient toutes accept\u00e9es. <strong>Elles seront \u00e9tudi\u00e9es au cas par cas<\/strong>, mais l&rsquo;IA-DASEN refuse de les autoriser de mani\u00e8re automatique, cela d\u00e9pendant, selon lui, des besoins en RH qui peuvent fluctuer d&rsquo;une ann\u00e9e sur l&rsquo;autre!<\/p>\n\n\n\n<p>Les dossiers seront examin\u00e9s : les crit\u00e8res familiaux seront privil\u00e9gi\u00e9s, notamment concernant le temps pour les enfants.<\/p>\n\n\n\n<p>Concernant les personnels \u00e0 80%, l&rsquo;administration attend d&rsquo;eux que \u00ab\u00a0<em>le temps r\u00e9siduel d\u00fb soit compens\u00e9 par des besoins signal\u00e9s par la circonscription (remplacement ou ma\u00eetre surnum\u00e9raire) dans un p\u00e9rim\u00e8tre raisonnable autour de la circonscription, avec gestion humaine<\/em>\u00ab\u00a0. Les directeurs ne seront pas concern\u00e9s !<\/p>\n\n\n\n<p><strong>Le SNUDI-FO r\u00e9\u00e9crit aux IEN pour leur demander de laisser les coll\u00e8gues concern\u00e9s dans leur \u00e9cole.<\/strong><\/p>\n\n\n\n<p><a href=\"https:\/\/framaforms.org\/temps-partiel-snudi-fo-1581892663\" target=\"_blank\" rel=\"noreferrer noopener\"><strong>Remplissez la fiche de contr\u00f4le temps partiel ici !<\/strong><\/a><\/p>\n\n\n\n<p><strong><span class=\"has-inline-color has-vivid-red-color\">Rappel <\/span><\/strong>: <strong>un temps partiel ne peut \u00eatre refus\u00e9 sans que le coll\u00e8gue n&rsquo;ait \u00e9t\u00e9 re\u00e7u en entretien<\/strong> (Demandez aux d\u00e9l\u00e9gu\u00e9s FO de vous y accompagner!). En cas de refus de temps partiel, le coll\u00e8gue peut saisir la CAPD !<\/p>\n\n\n\n<p>Contactez-nous \u00e0 <a href=\"mailto:fo-snudi@wanadoo.fr\">fo-snudi@wanadoo.fr<\/a> pour toute question sur ce sujet!<\/p>\n\n\n\n<h3 class=\"has-vivid-red-color has-text-color wp-block-heading\">Abandon des travaux \u00e9crits suite au temps 2 des animations p\u00e9dagogiques<\/h3>\n\n\n\n<p>L&rsquo;IA-DASEN refuse \u00ab\u00a0<em>de l\u00e9gif\u00e9rer \u00e0 la place des formateurs qui ont toute libert\u00e9 p\u00e9dagogique d&rsquo;\u00e9valuer leurs publics.<\/em>\u00ab\u00a0<\/p>\n\n\n\n<p>Nous avons rappel\u00e9 que <strong>cette demande ne pouvait \u00eatre impos\u00e9e car non r\u00e9glementaire !<\/strong> Pour toute question, <a rel=\"noreferrer noopener\" href=\"mailto:fo-snudi@wanadoo.fr\" target=\"_blank\">fo-snudi@wanadoo.fr<\/a><\/p>\n\n\n\n<h3 class=\"has-vivid-red-color has-text-color wp-block-heading\">Sur les postes de \u00ab\u00a0BD RASED\u00a0\u00bb<\/h3>\n\n\n\n<p>L&rsquo;IA-DASEN maintient son exp\u00e9rimentation de personnel \u00ab\u00a0pompier volant\u00a0\u00bb qui viendra dans votre \u00e9cole en cas de situation de crise d&rsquo;un \u00e9l\u00e8ve, vous culpabilisant en vous expliquant comment vous auriez pu \u00e9viter cette crise !<\/p>\n\n\n\n<p>Cette d\u00e9cision s&rsquo;inscrit dans la logique de dislocation de l&rsquo;enseignement sp\u00e9cialis\u00e9 avec la transformation des personnels sp\u00e9cialis\u00e9s en personnels ressources charg\u00e9s d&rsquo;expliquer comment les \u00e9l\u00e8ves doivent se passer des soins et structures auxquels ils peuvent pr\u00e9tendre. Le SNUDI-FO continue de s&rsquo;opposer fermement \u00e0 cette destruction qui impacte tous les personnels et \u00e9l\u00e8ves !<\/p>\n\n\n\n<p><a href=\"https:\/\/snudifo37.fr\/wp-content\/uploads\/2020\/11\/4-pages-inclusion_scolaire_11-2020.pdf\" target=\"_blank\" rel=\"noreferrer noopener\"><strong>Lire notre 4 pages \u00ab\u00a0\u00e9cole inclusive\u00a0\u00bb.<\/strong><\/a><\/p>\n\n\n\n<h3 class=\"has-vivid-red-color has-text-color wp-block-heading\">Sur l&rsquo;avis des REP\/REP+ et le respect de la d\u00e9cision des directeurs de r\u00e9partir les \u00e9l\u00e8ves conform\u00e9ment \u00e0 la r\u00e9glementation<\/h3>\n\n\n\n<p>Refus de l&rsquo;IA-DASEN parce que cela remettrait en cause le d\u00e9doublement dans les classes vis\u00e9es. C&rsquo;est ainsi qu&rsquo;on se retrouve dans des \u00e9coles avec des classes all\u00e9g\u00e9es \u00e0 c\u00f4t\u00e9 de classes tr\u00e8s charg\u00e9es !<\/p>\n\n\n\n<p><strong>Le Ministre Blanquer s&rsquo;assoit encore une fois sur la r\u00e9glementation !<\/strong><\/p>\n\n\n\n<h2 class=\"has-vivid-red-color has-text-color wp-block-heading\">La FNEC FP-FO a d\u00e9pos\u00e9 deux avis lors du CTSD<\/h2>\n\n\n\n<p><strong>Avis n\u00b01:<\/strong> \u00ab\u00a0<em>Le CTSD se prononce pour le recrutement imm\u00e9diat d\u2019AESH afin de satisfaire aux besoins des \u00e9l\u00e8ves du d\u00e9partement.<\/em>\u00ab\u00a0<\/p>\n\n\n\n<ul class=\"wp-block-list\"><li>Pour : FO, FSU, CGT, UNSA<\/li><li>Contre<\/li><\/ul>\n\n\n\n<p><strong>Avis n\u00b02:<\/strong>\u00ab\u00a0<em>Le CTSD se prononce pour le prolongement imm\u00e9diat des contrats des contractuels actuellement en poste ainsi que leur stagiairisation au terme de leur contrat et le prolongement des contrats des AED.<\/em>\u00ab\u00a0<\/p>\n\n\n\n<ul class=\"wp-block-list\"><li>Pour: FO, CGT, UNSA<\/li><li>Contre: FSU<\/li><\/ul>\n<a class=\"synved-social-button synved-social-button-share synved-social-size-32 synved-social-resolution-single synved-social-provider-facebook nolightbox\" data-provider=\"facebook\" target=\"_blank\" rel=\"nofollow\" title=\"Faites le savoir \u00e0 vos amis via Facebook \" href=\"https:\/\/www.facebook.com\/sharer.php?u=https%3A%2F%2Fsnudifo37.fr%2Findex.php%2Fwp-json%2Fwp%2Fv2%2Fposts%2F3262&#038;t=Compte-Rendu%20du%20CTSD%20du%2017%20f%C3%A9vrier&#038;s=100&#038;p&#091;url&#093;=https%3A%2F%2Fsnudifo37.fr%2Findex.php%2Fwp-json%2Fwp%2Fv2%2Fposts%2F3262&#038;p&#091;images&#093;&#091;0&#093;=https%3A%2F%2Fsnudifo37.fr%2Fwp-content%2Fuploads%2F2019%2F05%2FCTSD.png&#038;p&#091;title&#093;=Compte-Rendu%20du%20CTSD%20du%2017%20f%C3%A9vrier\" style=\"font-size: 0px;width:32px;height:32px;margin:0;margin-bottom:20px;margin-right:20px\"><img loading=\"lazy\" decoding=\"async\" alt=\"Facebook\" title=\"Faites le savoir \u00e0 vos amis via Facebook \" class=\"synved-share-image synved-social-image synved-social-image-share\" width=\"32\" height=\"32\" style=\"display: inline;width:32px;height:32px;margin: 0;padding: 0;border: none;box-shadow: none\" src=\"https:\/\/snudifo37.fr\/wp-content\/plugins\/social-media-feather\/synved-social\/image\/social\/regular\/64x64\/facebook.png\" \/><\/a><a class=\"synved-social-button synved-social-button-share synved-social-size-32 synved-social-resolution-single synved-social-provider-twitter nolightbox\" data-provider=\"twitter\" target=\"_blank\" rel=\"nofollow\" title=\"Informez-en vos amis via Twitter\" href=\"https:\/\/twitter.com\/intent\/tweet?url=https%3A%2F%2Fsnudifo37.fr%2Findex.php%2Fwp-json%2Fwp%2Fv2%2Fposts%2F3262&#038;text=Le%20Snudi-Fo%20vous%20informe%3A\" style=\"font-size: 0px;width:32px;height:32px;margin:0;margin-bottom:20px;margin-right:20px\"><img loading=\"lazy\" decoding=\"async\" alt=\"twitter\" title=\"Informez-en vos amis via Twitter\" class=\"synved-share-image synved-social-image synved-social-image-share\" width=\"32\" height=\"32\" style=\"display: inline;width:32px;height:32px;margin: 0;padding: 0;border: none;box-shadow: none\" src=\"https:\/\/snudifo37.fr\/wp-content\/plugins\/social-media-feather\/synved-social\/image\/social\/regular\/64x64\/twitter.png\" \/><\/a><a class=\"synved-social-button synved-social-button-share synved-social-size-32 synved-social-resolution-single synved-social-provider-mail nolightbox\" data-provider=\"mail\" rel=\"nofollow\" title=\"Les derni\u00e8res informations du Snudi-Fo 37\" href=\"mailto:?subject=Compte-Rendu%20du%20CTSD%20du%2017%20f%C3%A9vrier&#038;body=Le%20Snudi-Fo%20vous%20informe%3A:%20https%3A%2F%2Fsnudifo37.fr%2Findex.php%2Fwp-json%2Fwp%2Fv2%2Fposts%2F3262\" style=\"font-size: 0px;width:32px;height:32px;margin:0;margin-bottom:20px\"><img loading=\"lazy\" decoding=\"async\" alt=\"mail\" title=\"Les derni\u00e8res informations du Snudi-Fo 37\" class=\"synved-share-image synved-social-image synved-social-image-share\" width=\"32\" height=\"32\" style=\"display: inline;width:32px;height:32px;margin: 0;padding: 0;border: none;box-shadow: none\" src=\"https:\/\/snudifo37.fr\/wp-content\/plugins\/social-media-feather\/synved-social\/image\/social\/regular\/64x64\/mail.png\" \/><\/a>","protected":false},"excerpt":{"rendered":"<p>Nos d\u00e9l\u00e9gu\u00e9s se sont saisis du CTSD 2nd degr\u00e9 pour exiger des r\u00e9ponses aux questions pos\u00e9es et \u00e0 nos avis d\u00e9pos\u00e9s lors du pr\u00e9c\u00e9dent CTSD<\/p>\n","protected":false},"author":1,"featured_media":289,"comment_status":"closed","ping_status":"closed","sticky":false,"template":"","format":"standard","meta":{"footnotes":""},"categories":[10,8],"tags":[839,122,573,944,82,901,945,902,68,404],"class_list":["post-3262","post","type-post","status-publish","format-standard","has-post-thumbnail","hentry","category-csa","category-instances","tag-839","tag-animations-pedagogiques","tag-avis","tag-bd-rased","tag-ctsd","tag-ecrits","tag-rep-rep","tag-temps-2","tag-temps-partiel","tag-temps-partiels"],"_links":{"self":[{"href":"https:\/\/snudifo37.fr\/index.php\/wp-json\/wp\/v2\/posts\/3262","targetHints":{"allow":["GET"]}}],"collection":[{"href":"https:\/\/snudifo37.fr\/index.php\/wp-json\/wp\/v2\/posts"}],"about":[{"href":"https:\/\/snudifo37.fr\/index.php\/wp-json\/wp\/v2\/types\/post"}],"author":[{"embeddable":true,"href":"https:\/\/snudifo37.fr\/index.php\/wp-json\/wp\/v2\/users\/1"}],"replies":[{"embeddable":true,"href":"https:\/\/snudifo37.fr\/index.php\/wp-json\/wp\/v2\/comments?post=3262"}],"version-history":[{"count":1,"href":"https:\/\/snudifo37.fr\/index.php\/wp-json\/wp\/v2\/posts\/3262\/revisions"}],"predecessor-version":[{"id":3263,"href":"https:\/\/snudifo37.fr\/index.php\/wp-json\/wp\/v2\/posts\/3262\/revisions\/3263"}],"wp:featuredmedia":[{"embeddable":true,"href":"https:\/\/snudifo37.fr\/index.php\/wp-json\/wp\/v2\/media\/289"}],"wp:attachment":[{"href":"https:\/\/snudifo37.fr\/index.php\/wp-json\/wp\/v2\/media?parent=3262"}],"wp:term":[{"taxonomy":"category","embeddable":true,"href":"https:\/\/snudifo37.fr\/index.php\/wp-json\/wp\/v2\/categories?post=3262"},{"taxonomy":"post_tag","embeddable":true,"href":"https:\/\/snudifo37.fr\/index.php\/wp-json\/wp\/v2\/tags?post=3262"}],"curies":[{"name":"wp","href":"https:\/\/api.w.org\/{rel}","templated":true}]}}