{"id":3240,"date":"2021-02-14T20:47:12","date_gmt":"2021-02-14T19:47:12","guid":{"rendered":"https:\/\/snudifo37.fr\/?p=3240"},"modified":"2021-02-14T20:47:13","modified_gmt":"2021-02-14T19:47:13","slug":"carte-scolaire-la-mobilisation-samplifie","status":"publish","type":"post","link":"https:\/\/snudifo37.fr\/index.php\/2021\/02\/14\/carte-scolaire-la-mobilisation-samplifie\/","title":{"rendered":"Carte scolaire : la mobilisation s&rsquo;amplifie !"},"content":{"rendered":"\n<p>Les parents, les enseignants et les \u00e9lus ont raison : <strong>dans l&rsquo;unit\u00e9 rassemblement mercredi 17 f\u00e9vrier \u00e0 14h devant la DSDEN<\/strong> (o\u00f9 se tiendra le CTSD 2nd degr\u00e9) <strong>pour obtenir d&rsquo;\u00eatre re\u00e7us et arracher le maintien des classes et des postes ainsi que les postes de rempla\u00e7ants \u00e0 la place de CPC<\/strong> !<\/p>\n\n\n\n<p>Apr\u00e8s les premiers reculs de l&rsquo;IA-DASEN au CTSD du 9 f\u00e9vrier qui a d\u00fb annuler des suppressions de classes l\u00e0 o\u00f9 la protestation montait&#8230; la mobilisation s&rsquo;amplifie dans d&rsquo;autres communes pour lesquelles les suppressions sont actuellement maintenues !<\/p>\n\n\n\n<p>Comme l&rsquo;expriment tr\u00e8s justement des coll\u00e8gues et parents : \u00ab\u00a0<em>C&rsquo;est incompr\u00e9hensible qu&rsquo;il y ait des fermetures de classes dans le contexte que l&rsquo;on vit actuellement ! <\/em>\u00a0\u00bb <br><br>A Saint-Pierre-des-Corps, vendredi, lors d&rsquo;une r\u00e9union d&rsquo;une trentaine d&rsquo;enseignants et de parents en pr\u00e9sence du SNUDI-FO, a \u00e9t\u00e9 d\u00e9cid\u00e9 pour le maintien du demi-poste d&rsquo;animation lecture existant avec ses missions actuelles:<\/p>\n\n\n\n<ul class=\"wp-block-list\"><li>Un v\u0153u demandant le maintien du poste actuel sera pr\u00e9sent\u00e9 au conseil municipal qui se tiendra mardi 16 f\u00e9vrier \u00e0 16h30<\/li><li>la sollicitation des auteurs ayant travaill\u00e9 en partenariat avec les personnels exer\u00e7ant sur ce poste pour t\u00e9moignages<\/li><li><strong>la participation au rassemblement devant la DSDEN pour obtenir une audience mercredi \u00e0 14h lors du CTSD 2nd degr\u00e9<\/strong><\/li><li>de demander qu\u2019une audience soit accord\u00e9e mercredi \u00e014h \u00e0 une d\u00e9l\u00e9gation : la coll\u00e8gue titulaire du poste, parents, \u00e9lus, syndicats (<em>Le SNUDI-FO a d\u00e9pose hier apr\u00e8s-midi une demande d\u2019audience aupr\u00e8s de l\u2019IA-DASEN conform\u00e9ment au mandat donn\u00e9<\/em>).<\/li><li>une p\u00e9tition des parents \/ association de lecture de St Pierre des Corps (march\u00e9, sorties d\u2019\u00e9coles\u2026)<\/li><li>que la presse soit inform\u00e9e de nos d\u00e9marches (avec photo de la r\u00e9union)<\/li><li>de diffuser l\u2019information du rassemblement de mercredi : envoi de mails syndicaux aux coll\u00e8gues, sollicitation des \u00e9lus notamment lors du conseil municipal.<\/li><\/ul>\n\n\n\n<p>A Cangey, une p\u00e9tition est lanc\u00e9e avec un courrier \u00e0 l&rsquo;IA-DASEN pour exiger une audience. Une mobilisation devant l&rsquo;\u00e9cole aura lieu lundi avec la presse. Des parents, le Maire&#8230; seront pr\u00e9sents au rassemblement de mercredi !<\/p>\n\n\n\n<p>D&rsquo;autres communes frapp\u00e9es de fermeture s&rsquo;organisent \u00e9galement pour \u00eatre repr\u00e9sent\u00e9es&#8230;<\/p>\n\n\n\n<p>Le SNUDI-FO continue d&rsquo;apporter son aide \u00e0 la mobilisation pour obtenir satisfaction (<em>par ailleurs, nous avons d\u00e9clar\u00e9 le rassemblement en pr\u00e9fecture<\/em>).<\/p>\n\n\n\n<p>En m\u00eame temps, de nombreux coll\u00e8gues, scandalis\u00e9s \u00e0 juste titre, se saisissent de notre p\u00e9tition pour la transformation des cr\u00e9ations de postes de conseillers p\u00e9dagogiques vou\u00e9s \u00e0 l&rsquo;accompagnement rejet\u00e9 par les coll\u00e8gues en postes de titulaires rempla\u00e7ants. <\/p>\n\n\n\n<p>Qui peut accepter que l&rsquo;IA-DASEN ouvre des postes de conseillers p\u00e9dagogiques vou\u00e9s \u00e0 mettre en place l&rsquo;accompagnement PPCR perp\u00e9tuel de tous les coll\u00e8gues alors qu&rsquo;il manque des postes de rempla\u00e7ants dans les \u00e9coles et que des classes sont ferm\u00e9es ?<\/p>\n\n\n\n<p class=\"has-text-align-center\"><strong><a href=\"https:\/\/framaforms.org\/non-a-la-creation-de-postes-de-conseillers-pedagogiques-pour-laccompagnement-ppcr-1612988908\" target=\"_blank\" rel=\"noreferrer noopener\">D\u00e9j\u00e0 des dizaines de signatures en seulement quelques heures ! CONTINUEZ DE SIGNER NOTRE PETITION EN LIGNE ! <\/a><\/strong><\/p>\n\n\n\n<p class=\"has-text-align-center\"><strong>La carte scolaire est l&rsquo;affaire de tous les enseignants ! <\/strong><br><strong><span class=\"has-inline-color has-vivid-red-color\">SOYONS NOMBREUX MERCREDI A 14h DEVANT LA DSDEN 37.<\/span><\/strong><\/p>\n<a class=\"synved-social-button synved-social-button-share synved-social-size-32 synved-social-resolution-single synved-social-provider-facebook nolightbox\" data-provider=\"facebook\" target=\"_blank\" rel=\"nofollow\" title=\"Faites le savoir \u00e0 vos amis via Facebook \" href=\"https:\/\/www.facebook.com\/sharer.php?u=https%3A%2F%2Fsnudifo37.fr%2Findex.php%2Fwp-json%2Fwp%2Fv2%2Fposts%2F3240&#038;t=Carte%20scolaire%20%3A%20la%20mobilisation%20s%E2%80%99amplifie%20%21&#038;s=100&#038;p&#091;url&#093;=https%3A%2F%2Fsnudifo37.fr%2Findex.php%2Fwp-json%2Fwp%2Fv2%2Fposts%2F3240&#038;p&#091;images&#093;&#091;0&#093;=&#038;p&#091;title&#093;=Carte%20scolaire%20%3A%20la%20mobilisation%20s%E2%80%99amplifie%20%21\" style=\"font-size: 0px;width:32px;height:32px;margin:0;margin-bottom:20px;margin-right:20px\"><img loading=\"lazy\" decoding=\"async\" alt=\"Facebook\" title=\"Faites le savoir \u00e0 vos amis via Facebook \" class=\"synved-share-image synved-social-image synved-social-image-share\" width=\"32\" height=\"32\" style=\"display: inline;width:32px;height:32px;margin: 0;padding: 0;border: none;box-shadow: none\" src=\"https:\/\/snudifo37.fr\/wp-content\/plugins\/social-media-feather\/synved-social\/image\/social\/regular\/64x64\/facebook.png\" \/><\/a><a class=\"synved-social-button synved-social-button-share synved-social-size-32 synved-social-resolution-single synved-social-provider-twitter nolightbox\" data-provider=\"twitter\" target=\"_blank\" rel=\"nofollow\" title=\"Informez-en vos amis via Twitter\" href=\"https:\/\/twitter.com\/intent\/tweet?url=https%3A%2F%2Fsnudifo37.fr%2Findex.php%2Fwp-json%2Fwp%2Fv2%2Fposts%2F3240&#038;text=Le%20Snudi-Fo%20vous%20informe%3A\" style=\"font-size: 0px;width:32px;height:32px;margin:0;margin-bottom:20px;margin-right:20px\"><img loading=\"lazy\" decoding=\"async\" alt=\"twitter\" title=\"Informez-en vos amis via Twitter\" class=\"synved-share-image synved-social-image synved-social-image-share\" width=\"32\" height=\"32\" style=\"display: inline;width:32px;height:32px;margin: 0;padding: 0;border: none;box-shadow: none\" src=\"https:\/\/snudifo37.fr\/wp-content\/plugins\/social-media-feather\/synved-social\/image\/social\/regular\/64x64\/twitter.png\" \/><\/a><a class=\"synved-social-button synved-social-button-share synved-social-size-32 synved-social-resolution-single synved-social-provider-mail nolightbox\" data-provider=\"mail\" rel=\"nofollow\" title=\"Les derni\u00e8res informations du Snudi-Fo 37\" href=\"mailto:?subject=Carte%20scolaire%20%3A%20la%20mobilisation%20s%E2%80%99amplifie%20%21&#038;body=Le%20Snudi-Fo%20vous%20informe%3A:%20https%3A%2F%2Fsnudifo37.fr%2Findex.php%2Fwp-json%2Fwp%2Fv2%2Fposts%2F3240\" style=\"font-size: 0px;width:32px;height:32px;margin:0;margin-bottom:20px\"><img loading=\"lazy\" decoding=\"async\" alt=\"mail\" title=\"Les derni\u00e8res informations du Snudi-Fo 37\" class=\"synved-share-image synved-social-image synved-social-image-share\" width=\"32\" height=\"32\" style=\"display: inline;width:32px;height:32px;margin: 0;padding: 0;border: none;box-shadow: none\" src=\"https:\/\/snudifo37.fr\/wp-content\/plugins\/social-media-feather\/synved-social\/image\/social\/regular\/64x64\/mail.png\" \/><\/a>","protected":false},"excerpt":{"rendered":"<p>Les parents, les enseignants et les \u00e9lus ont raison : dans l&rsquo;unit\u00e9 rassemblement mercredi 17 f\u00e9vrier \u00e0 14h devant la DSDEN (o\u00f9 se tiendra le CTSD 2nd degr\u00e9) pour obtenir d&rsquo;\u00eatre re\u00e7us et arracher le maintien des classes et des postes ainsi que les postes de rempla\u00e7ants \u00e0 la place de CPC !<\/p>\n","protected":false},"author":1,"featured_media":0,"comment_status":"closed","ping_status":"closed","sticky":false,"template":"","format":"standard","meta":{"footnotes":""},"categories":[7],"tags":[43,85,371,82,203,937,770,66,46,123],"class_list":["post-3240","post","type-post","status-publish","format-standard","hentry","category-syndicat","tag-audience","tag-carte-scolaire","tag-cpc","tag-ctsd","tag-dsden","tag-mercredi-17-fevrier","tag-parents-deleves","tag-petition","tag-rassemblement","tag-remplacants"],"_links":{"self":[{"href":"https:\/\/snudifo37.fr\/index.php\/wp-json\/wp\/v2\/posts\/3240","targetHints":{"allow":["GET"]}}],"collection":[{"href":"https:\/\/snudifo37.fr\/index.php\/wp-json\/wp\/v2\/posts"}],"about":[{"href":"https:\/\/snudifo37.fr\/index.php\/wp-json\/wp\/v2\/types\/post"}],"author":[{"embeddable":true,"href":"https:\/\/snudifo37.fr\/index.php\/wp-json\/wp\/v2\/users\/1"}],"replies":[{"embeddable":true,"href":"https:\/\/snudifo37.fr\/index.php\/wp-json\/wp\/v2\/comments?post=3240"}],"version-history":[{"count":1,"href":"https:\/\/snudifo37.fr\/index.php\/wp-json\/wp\/v2\/posts\/3240\/revisions"}],"predecessor-version":[{"id":3241,"href":"https:\/\/snudifo37.fr\/index.php\/wp-json\/wp\/v2\/posts\/3240\/revisions\/3241"}],"wp:attachment":[{"href":"https:\/\/snudifo37.fr\/index.php\/wp-json\/wp\/v2\/media?parent=3240"}],"wp:term":[{"taxonomy":"category","embeddable":true,"href":"https:\/\/snudifo37.fr\/index.php\/wp-json\/wp\/v2\/categories?post=3240"},{"taxonomy":"post_tag","embeddable":true,"href":"https:\/\/snudifo37.fr\/index.php\/wp-json\/wp\/v2\/tags?post=3240"}],"curies":[{"name":"wp","href":"https:\/\/api.w.org\/{rel}","templated":true}]}}