{"id":3236,"date":"2021-02-14T13:53:17","date_gmt":"2021-02-14T12:53:17","guid":{"rendered":"https:\/\/snudifo37.fr\/?p=3236"},"modified":"2021-02-14T14:01:12","modified_gmt":"2021-02-14T13:01:12","slug":"des-personnels-titulaires-tout-de-suite-ouverture-des-postes-necessaires-annulation-des-fermetures-dans-le-rural-comme-ailleurs","status":"publish","type":"post","link":"https:\/\/snudifo37.fr\/index.php\/2021\/02\/14\/des-personnels-titulaires-tout-de-suite-ouverture-des-postes-necessaires-annulation-des-fermetures-dans-le-rural-comme-ailleurs\/","title":{"rendered":"Des personnels titulaires, tout de suite ! Ouverture des postes n\u00e9cessaires, annulation des fermetures, dans le rural comme ailleurs !"},"content":{"rendered":"\n<p>Le manque r\u00e9current d\u2019enseignants titulaires rempla\u00e7ants conduit chaque ann\u00e9e \u00e0 des p\u00e9riodes critiques. Mais force est de constater que tous les records sont actuellement battus, le probl\u00e8me \u00e9tant aggrav\u00e9 par la situation de crise sanitaire.<\/p>\n\n\n\n<h3 class=\"wp-block-heading\">Des personnels statutaires, tout de suite !<\/h3>\n\n\n\n<p>Aucune mesure s\u00e9rieuse n\u2019a \u00e9t\u00e9 prise par le ministre pour faire face aux probl\u00e8mes de remplacement, pour r\u00e9pondre aux l\u00e9gitimes demandes de baisse imm\u00e9diate des effectifs revendiqu\u00e9es par les personnels, contraints de devoir faire classe \u00e0 plus de 30 \u00e9l\u00e8ves (et parfois bien plus en cas de r\u00e9partitions d\u2019\u00e9l\u00e8ves). Il a pourtant tout loisir de recourir \u00e0 la liste compl\u00e9mentaire du concours, comme lui demande sans rel\u00e2che le SNUDI-FO, d\u2019autant que plus de 200 millions pr\u00e9vus au budget (l\u2019\u00e9quivalent de 4200 postes) n\u2019ont pas \u00e9t\u00e9 d\u00e9pens\u00e9s par le ministre !<\/p>\n\n\n\n<p>Le manque de rempla\u00e7ants conduit \u00e0 des conditions de travail totalement d\u00e9grad\u00e9es pour les personnels et des conditions d\u2019apprentissages indignes pour les \u00e9l\u00e8ves. Dans certains d\u00e9partements, des consignes ont \u00e9t\u00e9 donn\u00e9es pour que les \u00e9l\u00e8ves soient syst\u00e9matiquement renvoy\u00e9s chez eux, faute de rempla\u00e7ants ! C\u2019est cela l\u2019Ecole de la R\u00e9publique du ministre Blanquer !<\/p>\n\n\n\n<p>Les moyens totalement insuffisants mis en place en novembre \u2013 professeurs des \u00e9coles \u00ab uberis\u00e9s \u00bb recrut\u00e9s sur des contrats de 3 mois \u2013 arrivent \u00e0 \u00e9ch\u00e9ance. Dans de nombreux d\u00e9partements, les IA-DASEN indiquent que les cr\u00e9dits sont \u00e9puis\u00e9s et qu\u2019il n\u2019y aurait pas de prolongation. Inacceptable ! Interpel\u00e9 par FO lors du Comit\u00e9 Technique Minist\u00e9riel du 9 f\u00e9vrier, la direction g\u00e9n\u00e9rale des affaires scolaires a \u00ab <em>entendu la demande unanime de prolongation de ceux-ci jusqu<\/em><em>\u2019<\/em><em>\u00e0 la fin de l<\/em><em>\u2019<\/em><em>ann\u00e9e scolaire et confirme que la DEGESCO essaie de consolider les besoins de remplacement. <\/em>\u00bb Des promesses qui ne garantissent rien donc\u2026<\/p>\n\n\n\n<h3 class=\"wp-block-heading\">Annulation des fermetures de classes ! Cr\u00e9ation des postes n\u00e9cessaires !<\/h3>\n\n\n\n<p>Toujours au CTM, FO a propos\u00e9 le v\u0153u suivant (*) : \u00ab <em>Parlant au nom de Monsieur le ministre de l\u2019\u00c9ducation nationale, Madame Elimas, secr\u00e9taire d\u2019\u00c9tat charg\u00e9e de l\u2019\u00c9ducation Prioritaire, a affirm\u00e9 le mercredi 3 f\u00e9vrier 2021 devant&nbsp; le S\u00e9nat : \u00ab Depuis la rentr\u00e9e 2020, aucune fermeture de classe ne s\u2019est faite dans les communes de moins de 5 000 habitants sans l\u2019accord du maire. Il n\u2019y a pas de raison que cela change. \u00bb Les membres du Comit\u00e9 Technique&nbsp; Minist\u00e9riel, r\u00e9unis le mardi 9 f\u00e9vrier 2021, demandent \u00e0 Monsieur le ministre de l\u2019\u00c9ducation nationale d\u2019intervenir pour que cet engagement puisse \u00eatre respect\u00e9 dans tous les d\u00e9partements, de cr\u00e9er les postes n\u00e9cessaires \u00e0 cet effet, et d\u2019annuler imm\u00e9diatement toutes les dotations n\u00e9gatives aux d\u00e9partements. \u00bb <\/em><\/p>\n\n\n\n<p>Un autre v\u0153u propos\u00e9 par la FSU (vot\u00e9 par FO) demande l\u2019annulation des dotations n\u00e9gatives dans les d\u00e9partements.<\/p>\n\n\n\n<p>La r\u00e9ponse des repr\u00e9sentants du ministre est incroyable de m\u00e9pris : \u00ab <em>L<\/em><em>\u2019<\/em><em>avis des municipalit\u00e9s \u00e9tait recueilli de fa\u00e7on exceptionnelle pour la rentr\u00e9e 2020. \u00c7a n<\/em><em>\u2019<\/em><em>est plus le cas pour la rentr\u00e9e 2021. La secr\u00e9taire d<\/em><em>\u2019<\/em><em>\u00c9tat a depuis corrig\u00e9 ses propos. \u00bb <\/em>! Le SNUDI-FO exige que la parole de l\u2019Etat qui a \u00e9t\u00e9 engag\u00e9e soit respect\u00e9e ! Des centaines de fermetures de classes pourraient ainsi \u00eatre annul\u00e9es et le ministre serait ainsi contraint de cr\u00e9er de nouveaux postes comme en 2020 avec 1248 postes suppl\u00e9mentaires.<\/p>\n\n\n\n<h4 class=\"wp-block-heading\">Le SNUDI-FO invite donc \u00e0 amplifier les mobilisations (gr\u00e8ves, rassemblements, p\u00e9titions\u2026) qui se multiplient pour exiger :<\/h4>\n\n\n\n<ul class=\"wp-block-list\"><li><strong>Le recrutement imm\u00e9diat de personnels statutaires \u00e0 hauteur des besoins (liste compl\u00e9mentaire, maintien sur <\/strong><strong>poste des contractuels \u00ab Covid \u00bb, stagiairisation des contractuels qui le souhaitent<\/strong><strong>\u2026) !<\/strong><\/li><li><strong>L<\/strong><strong>\u2019<\/strong><strong>ouverture des postes n\u00e9cessaires !<\/strong><\/li><li><strong>L<\/strong><strong>\u2019<\/strong><strong>annulation des fermetures, dans le rural comme ailleurs !<\/strong><\/li><\/ul>\n\n\n\n<p class=\"has-text-align-right\"><em>Montreuil, le 11 f\u00e9vrier 2021<\/em><\/p>\n\n\n\n<p><em>(*) : Pour : FO et CGT ; Contre : UNSA ; Abstention : FSU, CFDT, SNALC<\/em><\/p>\n\n\n\n<div class=\"wp-block-file\"><a href=\"https:\/\/snudifo37.fr\/wp-content\/uploads\/2021\/02\/210211-Communique-SNUDI-FO-postes.pdf\">210211-Communique-SNUDI-FO-postes<\/a><a href=\"https:\/\/snudifo37.fr\/wp-content\/uploads\/2021\/02\/210211-Communique-SNUDI-FO-postes.pdf\" class=\"wp-block-file__button\" download>T\u00e9l\u00e9charger<\/a><\/div>\n<a class=\"synved-social-button synved-social-button-share synved-social-size-32 synved-social-resolution-single synved-social-provider-facebook nolightbox\" data-provider=\"facebook\" target=\"_blank\" rel=\"nofollow\" title=\"Faites le savoir \u00e0 vos amis via Facebook \" href=\"https:\/\/www.facebook.com\/sharer.php?u=https%3A%2F%2Fsnudifo37.fr%2Findex.php%2Fwp-json%2Fwp%2Fv2%2Fposts%2F3236&#038;t=Des%20personnels%20titulaires%2C%20tout%20de%20suite%20%21%20Ouverture%20des%20postes%20n%C3%A9cessaires%2C%20annulation%20des%20fermetures%2C%20dans%20le%20rural%20comme%20ailleurs%20%21&#038;s=100&#038;p&#091;url&#093;=https%3A%2F%2Fsnudifo37.fr%2Findex.php%2Fwp-json%2Fwp%2Fv2%2Fposts%2F3236&#038;p&#091;images&#093;&#091;0&#093;=https%3A%2F%2Fsnudifo37.fr%2Fwp-content%2Fuploads%2F2020%2F05%2FServicesPublics.jpg&#038;p&#091;title&#093;=Des%20personnels%20titulaires%2C%20tout%20de%20suite%20%21%20Ouverture%20des%20postes%20n%C3%A9cessaires%2C%20annulation%20des%20fermetures%2C%20dans%20le%20rural%20comme%20ailleurs%20%21\" style=\"font-size: 0px;width:32px;height:32px;margin:0;margin-bottom:20px;margin-right:20px\"><img loading=\"lazy\" decoding=\"async\" alt=\"Facebook\" title=\"Faites le savoir \u00e0 vos amis via Facebook \" class=\"synved-share-image synved-social-image synved-social-image-share\" width=\"32\" height=\"32\" style=\"display: inline;width:32px;height:32px;margin: 0;padding: 0;border: none;box-shadow: none\" src=\"https:\/\/snudifo37.fr\/wp-content\/plugins\/social-media-feather\/synved-social\/image\/social\/regular\/64x64\/facebook.png\" \/><\/a><a class=\"synved-social-button synved-social-button-share synved-social-size-32 synved-social-resolution-single synved-social-provider-twitter nolightbox\" data-provider=\"twitter\" target=\"_blank\" rel=\"nofollow\" title=\"Informez-en vos amis via Twitter\" href=\"https:\/\/twitter.com\/intent\/tweet?url=https%3A%2F%2Fsnudifo37.fr%2Findex.php%2Fwp-json%2Fwp%2Fv2%2Fposts%2F3236&#038;text=Le%20Snudi-Fo%20vous%20informe%3A\" style=\"font-size: 0px;width:32px;height:32px;margin:0;margin-bottom:20px;margin-right:20px\"><img loading=\"lazy\" decoding=\"async\" alt=\"twitter\" title=\"Informez-en vos amis via Twitter\" class=\"synved-share-image synved-social-image synved-social-image-share\" width=\"32\" height=\"32\" style=\"display: inline;width:32px;height:32px;margin: 0;padding: 0;border: none;box-shadow: none\" src=\"https:\/\/snudifo37.fr\/wp-content\/plugins\/social-media-feather\/synved-social\/image\/social\/regular\/64x64\/twitter.png\" \/><\/a><a class=\"synved-social-button synved-social-button-share synved-social-size-32 synved-social-resolution-single synved-social-provider-mail nolightbox\" data-provider=\"mail\" rel=\"nofollow\" title=\"Les derni\u00e8res informations du Snudi-Fo 37\" href=\"mailto:?subject=Des%20personnels%20titulaires%2C%20tout%20de%20suite%20%21%20Ouverture%20des%20postes%20n%C3%A9cessaires%2C%20annulation%20des%20fermetures%2C%20dans%20le%20rural%20comme%20ailleurs%20%21&#038;body=Le%20Snudi-Fo%20vous%20informe%3A:%20https%3A%2F%2Fsnudifo37.fr%2Findex.php%2Fwp-json%2Fwp%2Fv2%2Fposts%2F3236\" style=\"font-size: 0px;width:32px;height:32px;margin:0;margin-bottom:20px\"><img loading=\"lazy\" decoding=\"async\" alt=\"mail\" title=\"Les derni\u00e8res informations du Snudi-Fo 37\" class=\"synved-share-image synved-social-image synved-social-image-share\" width=\"32\" height=\"32\" style=\"display: inline;width:32px;height:32px;margin: 0;padding: 0;border: none;box-shadow: none\" src=\"https:\/\/snudifo37.fr\/wp-content\/plugins\/social-media-feather\/synved-social\/image\/social\/regular\/64x64\/mail.png\" \/><\/a>","protected":false},"excerpt":{"rendered":"<p>Le manque r\u00e9current d\u2019enseignants titulaires rempla\u00e7ants conduit chaque ann\u00e9e \u00e0 des p\u00e9riodes critiques. Mais force est de constater que tous les records sont actuellement battus, le probl\u00e8me \u00e9tant aggrav\u00e9 par la situation de crise sanitaire.<\/p>\n","protected":false},"author":1,"featured_media":2289,"comment_status":"closed","ping_status":"closed","sticky":false,"template":"","format":"standard","meta":{"footnotes":""},"categories":[7],"tags":[933,926,221,83,387,216,935,178,934,936],"class_list":["post-3236","post","type-post","status-publish","format-standard","has-post-thumbnail","hentry","category-syndicat","tag-fermeture-de-classes","tag-fermetures","tag-ministre","tag-ouverture","tag-personnel","tag-postes","tag-rural","tag-statut","tag-titulaire","tag-urbain"],"_links":{"self":[{"href":"https:\/\/snudifo37.fr\/index.php\/wp-json\/wp\/v2\/posts\/3236","targetHints":{"allow":["GET"]}}],"collection":[{"href":"https:\/\/snudifo37.fr\/index.php\/wp-json\/wp\/v2\/posts"}],"about":[{"href":"https:\/\/snudifo37.fr\/index.php\/wp-json\/wp\/v2\/types\/post"}],"author":[{"embeddable":true,"href":"https:\/\/snudifo37.fr\/index.php\/wp-json\/wp\/v2\/users\/1"}],"replies":[{"embeddable":true,"href":"https:\/\/snudifo37.fr\/index.php\/wp-json\/wp\/v2\/comments?post=3236"}],"version-history":[{"count":2,"href":"https:\/\/snudifo37.fr\/index.php\/wp-json\/wp\/v2\/posts\/3236\/revisions"}],"predecessor-version":[{"id":3239,"href":"https:\/\/snudifo37.fr\/index.php\/wp-json\/wp\/v2\/posts\/3236\/revisions\/3239"}],"wp:featuredmedia":[{"embeddable":true,"href":"https:\/\/snudifo37.fr\/index.php\/wp-json\/wp\/v2\/media\/2289"}],"wp:attachment":[{"href":"https:\/\/snudifo37.fr\/index.php\/wp-json\/wp\/v2\/media?parent=3236"}],"wp:term":[{"taxonomy":"category","embeddable":true,"href":"https:\/\/snudifo37.fr\/index.php\/wp-json\/wp\/v2\/categories?post=3236"},{"taxonomy":"post_tag","embeddable":true,"href":"https:\/\/snudifo37.fr\/index.php\/wp-json\/wp\/v2\/tags?post=3236"}],"curies":[{"name":"wp","href":"https:\/\/api.w.org\/{rel}","templated":true}]}}