{"id":3234,"date":"2021-02-14T13:47:18","date_gmt":"2021-02-14T12:47:18","guid":{"rendered":"https:\/\/snudifo37.fr\/?p=3234"},"modified":"2021-02-18T09:05:37","modified_gmt":"2021-02-18T08:05:37","slug":"mobilisation-contre-des-fermetures-de-classes-nous-naccepterons-aucune-fermeture","status":"publish","type":"post","link":"https:\/\/snudifo37.fr\/index.php\/2021\/02\/14\/mobilisation-contre-des-fermetures-de-classes-nous-naccepterons-aucune-fermeture\/","title":{"rendered":"Mobilisation contre des fermetures de classes : nous n&rsquo;accepterons aucune fermeture !"},"content":{"rendered":"\n<p><strong>Nous avons appris que des parents d&rsquo;\u00e9l\u00e8ves voire des \u00e9lus s&rsquo;orienteraient vers un rassemblement <u>mercredi prochain 17 f\u00e9vrier \u00e0 14h devant la DSDEN<\/u> \u00e0 l&rsquo;heure du CTSD<\/strong> qui se r\u00e9unira sur le 2nd degr\u00e9. L&rsquo;Union D\u00e9partementale FO a d\u00e9clar\u00e9 le rassemblement en pr\u00e9fecture !<\/p>\n\n\n\n<p>Le SNUDI-FO soutient cette d\u00e9marche et continue d&rsquo;apporter son aide, avec son Union D\u00e9partementale, aux enseignants, parents et \u00e9lus touch\u00e9s par ces fermetures ou demandant une ouverture !<\/p>\n<a class=\"synved-social-button synved-social-button-share synved-social-size-32 synved-social-resolution-single synved-social-provider-facebook nolightbox\" data-provider=\"facebook\" target=\"_blank\" rel=\"nofollow\" title=\"Faites le savoir \u00e0 vos amis via Facebook \" href=\"https:\/\/www.facebook.com\/sharer.php?u=https%3A%2F%2Fsnudifo37.fr%2Findex.php%2Fwp-json%2Fwp%2Fv2%2Fposts%2F3234&#038;t=Mobilisation%20contre%20des%20fermetures%20de%20classes%20%3A%20nous%20n%E2%80%99accepterons%20aucune%20fermeture%20%21&#038;s=100&#038;p&#091;url&#093;=https%3A%2F%2Fsnudifo37.fr%2Findex.php%2Fwp-json%2Fwp%2Fv2%2Fposts%2F3234&#038;p&#091;images&#093;&#091;0&#093;=https%3A%2F%2Fsnudifo37.fr%2Fwp-content%2Fuploads%2F2020%2F11%2FMinManif.jpg&#038;p&#091;title&#093;=Mobilisation%20contre%20des%20fermetures%20de%20classes%20%3A%20nous%20n%E2%80%99accepterons%20aucune%20fermeture%20%21\" style=\"font-size: 0px;width:32px;height:32px;margin:0;margin-bottom:20px;margin-right:20px\"><img loading=\"lazy\" decoding=\"async\" alt=\"Facebook\" title=\"Faites le savoir \u00e0 vos amis via Facebook \" class=\"synved-share-image synved-social-image synved-social-image-share\" width=\"32\" height=\"32\" style=\"display: inline;width:32px;height:32px;margin: 0;padding: 0;border: none;box-shadow: none\" src=\"https:\/\/snudifo37.fr\/wp-content\/plugins\/social-media-feather\/synved-social\/image\/social\/regular\/64x64\/facebook.png\" \/><\/a><a class=\"synved-social-button synved-social-button-share synved-social-size-32 synved-social-resolution-single synved-social-provider-twitter nolightbox\" data-provider=\"twitter\" target=\"_blank\" rel=\"nofollow\" title=\"Informez-en vos amis via Twitter\" href=\"https:\/\/twitter.com\/intent\/tweet?url=https%3A%2F%2Fsnudifo37.fr%2Findex.php%2Fwp-json%2Fwp%2Fv2%2Fposts%2F3234&#038;text=Le%20Snudi-Fo%20vous%20informe%3A\" style=\"font-size: 0px;width:32px;height:32px;margin:0;margin-bottom:20px;margin-right:20px\"><img loading=\"lazy\" decoding=\"async\" alt=\"twitter\" title=\"Informez-en vos amis via Twitter\" class=\"synved-share-image synved-social-image synved-social-image-share\" width=\"32\" height=\"32\" style=\"display: inline;width:32px;height:32px;margin: 0;padding: 0;border: none;box-shadow: none\" src=\"https:\/\/snudifo37.fr\/wp-content\/plugins\/social-media-feather\/synved-social\/image\/social\/regular\/64x64\/twitter.png\" \/><\/a><a class=\"synved-social-button synved-social-button-share synved-social-size-32 synved-social-resolution-single synved-social-provider-mail nolightbox\" data-provider=\"mail\" rel=\"nofollow\" title=\"Les derni\u00e8res informations du Snudi-Fo 37\" href=\"mailto:?subject=Mobilisation%20contre%20des%20fermetures%20de%20classes%20%3A%20nous%20n%E2%80%99accepterons%20aucune%20fermeture%20%21&#038;body=Le%20Snudi-Fo%20vous%20informe%3A:%20https%3A%2F%2Fsnudifo37.fr%2Findex.php%2Fwp-json%2Fwp%2Fv2%2Fposts%2F3234\" style=\"font-size: 0px;width:32px;height:32px;margin:0;margin-bottom:20px\"><img loading=\"lazy\" decoding=\"async\" alt=\"mail\" title=\"Les derni\u00e8res informations du Snudi-Fo 37\" class=\"synved-share-image synved-social-image synved-social-image-share\" width=\"32\" height=\"32\" style=\"display: inline;width:32px;height:32px;margin: 0;padding: 0;border: none;box-shadow: none\" src=\"https:\/\/snudifo37.fr\/wp-content\/plugins\/social-media-feather\/synved-social\/image\/social\/regular\/64x64\/mail.png\" \/><\/a>","protected":false},"excerpt":{"rendered":"<p>Nous avons appris que des parents d&rsquo;\u00e9l\u00e8ves voire des \u00e9lus s&rsquo;orienteraient vers un rassemblement mercredi prochain 17 f\u00e9vrier \u00e0 14h devant la DSDEN \u00e0 l&rsquo;heure du CTSD<\/p>\n","protected":false},"author":1,"featured_media":2900,"comment_status":"closed","ping_status":"closed","sticky":false,"template":"","format":"standard","meta":{"footnotes":""},"categories":[10,7],"tags":[82,203,933,282,770,20],"class_list":["post-3234","post","type-post","status-publish","format-standard","has-post-thumbnail","hentry","category-csa","category-syndicat","tag-ctsd","tag-dsden","tag-fermeture-de-classes","tag-manifestation","tag-parents-deleves","tag-snudi-fo"],"_links":{"self":[{"href":"https:\/\/snudifo37.fr\/index.php\/wp-json\/wp\/v2\/posts\/3234","targetHints":{"allow":["GET"]}}],"collection":[{"href":"https:\/\/snudifo37.fr\/index.php\/wp-json\/wp\/v2\/posts"}],"about":[{"href":"https:\/\/snudifo37.fr\/index.php\/wp-json\/wp\/v2\/types\/post"}],"author":[{"embeddable":true,"href":"https:\/\/snudifo37.fr\/index.php\/wp-json\/wp\/v2\/users\/1"}],"replies":[{"embeddable":true,"href":"https:\/\/snudifo37.fr\/index.php\/wp-json\/wp\/v2\/comments?post=3234"}],"version-history":[{"count":1,"href":"https:\/\/snudifo37.fr\/index.php\/wp-json\/wp\/v2\/posts\/3234\/revisions"}],"predecessor-version":[{"id":3235,"href":"https:\/\/snudifo37.fr\/index.php\/wp-json\/wp\/v2\/posts\/3234\/revisions\/3235"}],"wp:featuredmedia":[{"embeddable":true,"href":"https:\/\/snudifo37.fr\/index.php\/wp-json\/wp\/v2\/media\/2900"}],"wp:attachment":[{"href":"https:\/\/snudifo37.fr\/index.php\/wp-json\/wp\/v2\/media?parent=3234"}],"wp:term":[{"taxonomy":"category","embeddable":true,"href":"https:\/\/snudifo37.fr\/index.php\/wp-json\/wp\/v2\/categories?post=3234"},{"taxonomy":"post_tag","embeddable":true,"href":"https:\/\/snudifo37.fr\/index.php\/wp-json\/wp\/v2\/tags?post=3234"}],"curies":[{"name":"wp","href":"https:\/\/api.w.org\/{rel}","templated":true}]}}