{"id":3201,"date":"2021-02-04T09:51:22","date_gmt":"2021-02-04T08:51:22","guid":{"rendered":"https:\/\/snudifo37.fr\/?p=3201"},"modified":"2021-02-04T09:51:54","modified_gmt":"2021-02-04T08:51:54","slug":"carte-scolaire-un-pre-projet-dici-la-fin-de-la-semaine","status":"publish","type":"post","link":"https:\/\/snudifo37.fr\/index.php\/2021\/02\/04\/carte-scolaire-un-pre-projet-dici-la-fin-de-la-semaine\/","title":{"rendered":"Carte scolaire : \u00ab\u00a0un pr\u00e9-projet [&#8230;] d&rsquo;ici la fin de la semaine\u00a0\u00bb"},"content":{"rendered":"\n<p class=\"wp-block-paragraph\">Suite au refus de l&rsquo;administration de nous fournir un document avec le projet de carte scolaire pour la rentr\u00e9e 2021 lors du groupe de travail qui s&rsquo;est r\u00e9uni hier, le SNUDI-FO a imm\u00e9diatement \u00e9crit \u00e0 l&rsquo;IA-DASEN exigeant ce document et le respect de la r\u00e9glementation qui pr\u00e9voit que celui-ci nous soit adress\u00e9 8 jours avant le CTSD qui se r\u00e9unira mardi prochain !<\/p>\n\n\n\n<p class=\"wp-block-paragraph\">Face aux menaces de fermeture qui p\u00e8sent sur de nombreuses classes, le SNUDI-FO refuse que les possibilit\u00e9s de d\u00e9fendre les \u00e9coles concern\u00e9es soient entrav\u00e9es !<\/p>\n\n\n\n<h3 class=\"has-text-align-center wp-block-heading\">Le SNUDI-FO revendique le maintien de toutes les classes, de tous les postes !<\/h3>\n\n\n\n<p class=\"wp-block-paragraph\">Nous appelons les coll\u00e8gues \u00e0 s&rsquo;opposer, avec le syndicat, dans l&rsquo;unit\u00e9 avec les parents et les \u00e9lus, \u00e0 toute suppression de moyens pour l&rsquo;\u00e9cole publique \u00e0 la rentr\u00e9e prochaine !<\/p>\n\n\n\n<p class=\"wp-block-paragraph\">Nous avons pr\u00e9cis\u00e9 lors du groupe de travail que ce dont a besoin l&rsquo;\u00e9cole aujourd&rsquo;hui, c&rsquo;est d&rsquo;effectifs r\u00e9duits dans toutes les classes, de rempla\u00e7ants, d&rsquo;enseignants sp\u00e9cialis\u00e9s notamment de RASED, de postes EFIV, FLS, &#8230; !<\/p>\n\n\n\n<h3 class=\"has-text-align-center wp-block-heading\">Des \u00e9coles nous annoncent avoir \u00e9t\u00e9 contact\u00e9es par leur IEN leur annon\u00e7ant une fermeture probable !<\/h3>\n\n\n\n<p class=\"wp-block-paragraph\">Contactez-nous si vous \u00eates dans ce cas \u00e0 <a href=\"mailto:fo-snudi@wanadoo.fr\"><strong>fo-snudi@wanadoo.fr<\/strong><\/a><\/p>\n","protected":false},"excerpt":{"rendered":"<p>Suite \u00e0 notre intervention, l&rsquo;Inspecteur d&rsquo;Acad\u00e9mie nous informe qu&rsquo;il nous \u00ab\u00a0fera parvenir un pr\u00e9-projet de carte scolaire d&rsquo;ici la fin de la semaine\u00a0\u00bb<\/p>\n","protected":false},"author":1,"featured_media":0,"comment_status":"closed","ping_status":"closed","sticky":false,"template":"","format":"standard","meta":{"footnotes":""},"categories":[10,8],"tags":[85,82,923,926,265,927,283,659],"class_list":["post-3201","post","type-post","status-publish","format-standard","hentry","category-csa","category-instances","tag-carte-scolaire","tag-ctsd","tag-documents","tag-fermetures","tag-ia-dasen","tag-ouvertures","tag-revendications","tag-resister"],"_links":{"self":[{"href":"https:\/\/snudifo37.fr\/index.php\/wp-json\/wp\/v2\/posts\/3201","targetHints":{"allow":["GET"]}}],"collection":[{"href":"https:\/\/snudifo37.fr\/index.php\/wp-json\/wp\/v2\/posts"}],"about":[{"href":"https:\/\/snudifo37.fr\/index.php\/wp-json\/wp\/v2\/types\/post"}],"author":[{"embeddable":true,"href":"https:\/\/snudifo37.fr\/index.php\/wp-json\/wp\/v2\/users\/1"}],"replies":[{"embeddable":true,"href":"https:\/\/snudifo37.fr\/index.php\/wp-json\/wp\/v2\/comments?post=3201"}],"version-history":[{"count":1,"href":"https:\/\/snudifo37.fr\/index.php\/wp-json\/wp\/v2\/posts\/3201\/revisions"}],"predecessor-version":[{"id":3202,"href":"https:\/\/snudifo37.fr\/index.php\/wp-json\/wp\/v2\/posts\/3201\/revisions\/3202"}],"wp:attachment":[{"href":"https:\/\/snudifo37.fr\/index.php\/wp-json\/wp\/v2\/media?parent=3201"}],"wp:term":[{"taxonomy":"category","embeddable":true,"href":"https:\/\/snudifo37.fr\/index.php\/wp-json\/wp\/v2\/categories?post=3201"},{"taxonomy":"post_tag","embeddable":true,"href":"https:\/\/snudifo37.fr\/index.php\/wp-json\/wp\/v2\/tags?post=3201"}],"curies":[{"name":"wp","href":"https:\/\/api.w.org\/{rel}","templated":true}]}}