{"id":3128,"date":"2021-01-15T14:54:47","date_gmt":"2021-01-15T13:54:47","guid":{"rendered":"https:\/\/snudifo37.fr\/?p=3128"},"modified":"2021-01-15T14:54:47","modified_gmt":"2021-01-15T13:54:47","slug":"retrait-total-de-la-loi-securite-globale-retrait-des-decrets-de-fichage-de-lopinion","status":"publish","type":"post","link":"https:\/\/snudifo37.fr\/index.php\/2021\/01\/15\/retrait-total-de-la-loi-securite-globale-retrait-des-decrets-de-fichage-de-lopinion\/","title":{"rendered":"Retrait total de la loi s\u00e9curit\u00e9 globale ! Retrait des d\u00e9crets de fichage de l\u2019opinion !"},"content":{"rendered":"\n<div class=\"wp-block-image\"><figure class=\"aligncenter size-large is-resized\"><img loading=\"lazy\" decoding=\"async\" src=\"https:\/\/snudifo37.fr\/wp-content\/uploads\/2021\/01\/logo.vectoriel-1024x1024.jpg\" alt=\"\" class=\"wp-image-3129\" width=\"313\" height=\"313\" srcset=\"https:\/\/snudifo37.fr\/wp-content\/uploads\/2021\/01\/logo.vectoriel-1024x1024.jpg 1024w, https:\/\/snudifo37.fr\/wp-content\/uploads\/2021\/01\/logo.vectoriel-300x300.jpg 300w, https:\/\/snudifo37.fr\/wp-content\/uploads\/2021\/01\/logo.vectoriel-150x150.jpg 150w, https:\/\/snudifo37.fr\/wp-content\/uploads\/2021\/01\/logo.vectoriel-768x768.jpg 768w, https:\/\/snudifo37.fr\/wp-content\/uploads\/2021\/01\/logo.vectoriel-125x125.jpg 125w, https:\/\/snudifo37.fr\/wp-content\/uploads\/2021\/01\/logo.vectoriel.jpg 1033w\" sizes=\"auto, (max-width: 313px) 100vw, 313px\" \/><\/figure><\/div>\n\n\n\n<p>Loi de s\u00e9curit\u00e9 globale, loi sur les s\u00e9paratismes, d\u00e9crets sur la \u00ab pr\u00e9vention des atteintes \u00e0 la s\u00e9curit\u00e9 publique \u00bb: les libert\u00e9s syndicales et l\u2019existence m\u00eame des organisations syndicales sont menac\u00e9es. Ces mesures font syst\u00e8me avec la loi de transformation de la fonction publique qui vise \u00e0 marginaliser les syndicats. Elles font syst\u00e8me avec la volont\u00e9 de faire taire toute contestation et toute revendication. Dans le m\u00eame temps, le gouvernement n\u2019a pas confin\u00e9 sa politique de destruction des acquis sociaux, des droits et garanties collectives et des services publics.<\/p>\n\n\n\n<p>Les \u00e9tudiants en Histoire \u00e0 la Sorbonne arr\u00eat\u00e9s le 7 janvier dernier parce qu\u2019ils manifestaient contre les conditions inadmissibles d\u2019examen apr\u00e8s des mois de fermetures d\u2019universit\u00e9 ; les lyc\u00e9ens r\u00e9prim\u00e9s au mois de novembre pour avoir demand\u00e9 l\u2019am\u00e9lioration de leurs conditions d\u2019apprentissage ; les professeurs poursuivis pour avoir combattu les E3C l\u2019ann\u00e9e derni\u00e8re ; tous ceux qui revendiquent sont au coeur de la cible.<\/p>\n\n\n\n<h3 class=\"has-text-align-center has-vivid-red-color has-text-color wp-block-heading\"><strong>La FNEC FP-FO appelle les personnels \u00e0 manifester pour leurs droits<\/strong><\/h3>\n\n\n\n<p>Au moment o\u00f9 le gouvernement met en place cet arsenal r\u00e9pressif, il poursuit sa politique de d\u00e9mant\u00e8lement de la fonction publique. Au minist\u00e8re de l\u2019Education nationale, c\u2019est une avalanche de mesures qui donne le vertige :\u00a0<strong>RH de proximit\u00e9 et management \u00e0 la France Telecom, augmentation des recrutements pr\u00e9caires, hybridation des enseignements, remise en cause du droit \u00e0 la formation, \u00e9valuation par les pairs, remise en cause du baccalaur\u00e9at\u2026<\/strong><\/p>\n\n\n\n<p><br>La FNEC FP-FO appelle les personnels \u00e0 poursuivre les r\u00e9unions et AG pour pr\u00e9parer la gr\u00e8ve du 26 janvier et ses suites pour le recrutement massif et urgent ; l\u2019ouverture et l\u2019abondement de la liste compl\u00e9mentaire ; la revalorisation du point d\u2019indice et l\u2019augmentation g\u00e9n\u00e9rale des salaires ; la d\u00e9fense des statuts et le r\u00e9tablissement des \u00e9preuves nationales et terminales du baccalaur\u00e9at.<\/p>\n\n\n\n<p><br>Avec la conf\u00e9d\u00e9ration CGT-FO, la FNEC FP-FO demande le retrait de la loi de s\u00e9curit\u00e9 globale et l\u2019abrogation des d\u00e9crets de fichage.<\/p>\n\n\n\n<p><strong>La FNEC FP-FO appelle ses syndiqu\u00e9s \u00e0 participer aux rassemblements et manifestations organis\u00e9s dans de nombreuses villes ce samedi 16 janvier pour le retrait de la loi de s\u00e9curit\u00e9 globale, pour la d\u00e9fense de nos libert\u00e9s fondamentales \u00e0 commencer par celles de manifester et de revendiquer.<\/strong><\/p>\n\n\n\n<h3 class=\"has-text-align-center has-vivid-red-color has-text-color wp-block-heading\"><strong>MANIFESTATION DEMAIN SAMEDI 16 JANVIER PLACE JEAN JAURES 14h30 \u00e0 TOURS<\/strong><\/h3>\n<a class=\"synved-social-button synved-social-button-share synved-social-size-32 synved-social-resolution-single synved-social-provider-facebook nolightbox\" data-provider=\"facebook\" target=\"_blank\" rel=\"nofollow\" title=\"Faites le savoir \u00e0 vos amis via Facebook \" href=\"https:\/\/www.facebook.com\/sharer.php?u=https%3A%2F%2Fsnudifo37.fr%2Findex.php%2Fwp-json%2Fwp%2Fv2%2Fposts%2F3128&#038;t=Retrait%20total%20de%20la%20loi%20s%C3%A9curit%C3%A9%20globale%20%21%20Retrait%20des%20d%C3%A9crets%20de%20fichage%20de%20l%E2%80%99opinion%20%21&#038;s=100&#038;p&#091;url&#093;=https%3A%2F%2Fsnudifo37.fr%2Findex.php%2Fwp-json%2Fwp%2Fv2%2Fposts%2F3128&#038;p&#091;images&#093;&#091;0&#093;=https%3A%2F%2Fsnudifo37.fr%2Fwp-content%2Fuploads%2F2021%2F01%2Flogo.vectoriel-1024x1024.jpg&#038;p&#091;title&#093;=Retrait%20total%20de%20la%20loi%20s%C3%A9curit%C3%A9%20globale%20%21%20Retrait%20des%20d%C3%A9crets%20de%20fichage%20de%20l%E2%80%99opinion%20%21\" style=\"font-size: 0px;width:32px;height:32px;margin:0;margin-bottom:20px;margin-right:20px\"><img loading=\"lazy\" decoding=\"async\" alt=\"Facebook\" title=\"Faites le savoir \u00e0 vos amis via Facebook \" class=\"synved-share-image synved-social-image synved-social-image-share\" width=\"32\" height=\"32\" style=\"display: inline;width:32px;height:32px;margin: 0;padding: 0;border: none;box-shadow: none\" src=\"https:\/\/snudifo37.fr\/wp-content\/plugins\/social-media-feather\/synved-social\/image\/social\/regular\/64x64\/facebook.png\" \/><\/a><a class=\"synved-social-button synved-social-button-share synved-social-size-32 synved-social-resolution-single synved-social-provider-twitter nolightbox\" data-provider=\"twitter\" target=\"_blank\" rel=\"nofollow\" title=\"Informez-en vos amis via Twitter\" href=\"https:\/\/twitter.com\/intent\/tweet?url=https%3A%2F%2Fsnudifo37.fr%2Findex.php%2Fwp-json%2Fwp%2Fv2%2Fposts%2F3128&#038;text=Le%20Snudi-Fo%20vous%20informe%3A\" style=\"font-size: 0px;width:32px;height:32px;margin:0;margin-bottom:20px;margin-right:20px\"><img loading=\"lazy\" decoding=\"async\" alt=\"twitter\" title=\"Informez-en vos amis via Twitter\" class=\"synved-share-image synved-social-image synved-social-image-share\" width=\"32\" height=\"32\" style=\"display: inline;width:32px;height:32px;margin: 0;padding: 0;border: none;box-shadow: none\" src=\"https:\/\/snudifo37.fr\/wp-content\/plugins\/social-media-feather\/synved-social\/image\/social\/regular\/64x64\/twitter.png\" \/><\/a><a class=\"synved-social-button synved-social-button-share synved-social-size-32 synved-social-resolution-single synved-social-provider-mail nolightbox\" data-provider=\"mail\" rel=\"nofollow\" title=\"Les derni\u00e8res informations du Snudi-Fo 37\" href=\"mailto:?subject=Retrait%20total%20de%20la%20loi%20s%C3%A9curit%C3%A9%20globale%20%21%20Retrait%20des%20d%C3%A9crets%20de%20fichage%20de%20l%E2%80%99opinion%20%21&#038;body=Le%20Snudi-Fo%20vous%20informe%3A:%20https%3A%2F%2Fsnudifo37.fr%2Findex.php%2Fwp-json%2Fwp%2Fv2%2Fposts%2F3128\" style=\"font-size: 0px;width:32px;height:32px;margin:0;margin-bottom:20px\"><img loading=\"lazy\" decoding=\"async\" alt=\"mail\" title=\"Les derni\u00e8res informations du Snudi-Fo 37\" class=\"synved-share-image synved-social-image synved-social-image-share\" width=\"32\" height=\"32\" style=\"display: inline;width:32px;height:32px;margin: 0;padding: 0;border: none;box-shadow: none\" src=\"https:\/\/snudifo37.fr\/wp-content\/plugins\/social-media-feather\/synved-social\/image\/social\/regular\/64x64\/mail.png\" \/><\/a>","protected":false},"excerpt":{"rendered":"<p>Loi de s\u00e9curit\u00e9 globale, loi sur les s\u00e9paratismes, d\u00e9crets sur la \u00ab pr\u00e9vention des atteintes \u00e0 la s\u00e9curit\u00e9 publique \u00bb: les libert\u00e9s syndicales et l\u2019existence m\u00eame des organisations syndicales sont menac\u00e9es. Ces mesures font syst\u00e8me avec la loi de transformation de la fonction publique qui vise \u00e0 marginaliser les syndicats. Elles font syst\u00e8me avec la volont\u00e9 de faire taire toute contestation et toute revendication. Dans le m\u00eame temps, le gouvernement n\u2019a pas confin\u00e9 sa politique de destruction des acquis sociaux, des droits et garanties collectives et des services publics.<\/p>\n","protected":false},"author":1,"featured_media":0,"comment_status":"closed","ping_status":"closed","sticky":false,"template":"","format":"standard","meta":{"footnotes":""},"categories":[7],"tags":[393,906,905,31,282,850,318],"class_list":["post-3128","post","type-post","status-publish","format-standard","hentry","category-syndicat","tag-16-janvier","tag-decrets","tag-fichage","tag-fnec-fp-fo","tag-manifestation","tag-projet-de-loi-securite-globale","tag-samedi"],"_links":{"self":[{"href":"https:\/\/snudifo37.fr\/index.php\/wp-json\/wp\/v2\/posts\/3128","targetHints":{"allow":["GET"]}}],"collection":[{"href":"https:\/\/snudifo37.fr\/index.php\/wp-json\/wp\/v2\/posts"}],"about":[{"href":"https:\/\/snudifo37.fr\/index.php\/wp-json\/wp\/v2\/types\/post"}],"author":[{"embeddable":true,"href":"https:\/\/snudifo37.fr\/index.php\/wp-json\/wp\/v2\/users\/1"}],"replies":[{"embeddable":true,"href":"https:\/\/snudifo37.fr\/index.php\/wp-json\/wp\/v2\/comments?post=3128"}],"version-history":[{"count":1,"href":"https:\/\/snudifo37.fr\/index.php\/wp-json\/wp\/v2\/posts\/3128\/revisions"}],"predecessor-version":[{"id":3130,"href":"https:\/\/snudifo37.fr\/index.php\/wp-json\/wp\/v2\/posts\/3128\/revisions\/3130"}],"wp:attachment":[{"href":"https:\/\/snudifo37.fr\/index.php\/wp-json\/wp\/v2\/media?parent=3128"}],"wp:term":[{"taxonomy":"category","embeddable":true,"href":"https:\/\/snudifo37.fr\/index.php\/wp-json\/wp\/v2\/categories?post=3128"},{"taxonomy":"post_tag","embeddable":true,"href":"https:\/\/snudifo37.fr\/index.php\/wp-json\/wp\/v2\/tags?post=3128"}],"curies":[{"name":"wp","href":"https:\/\/api.w.org\/{rel}","templated":true}]}}