{"id":3108,"date":"2021-01-13T14:34:06","date_gmt":"2021-01-13T13:34:06","guid":{"rendered":"https:\/\/snudifo37.fr\/?p=3108"},"modified":"2021-01-13T15:44:53","modified_gmt":"2021-01-13T14:44:53","slug":"groupe-de-travail-moyens-academique-les-syndicats-deviennent-des-spectateurs-des-decisions","status":"publish","type":"post","link":"https:\/\/snudifo37.fr\/index.php\/2021\/01\/13\/groupe-de-travail-moyens-academique-les-syndicats-deviennent-des-spectateurs-des-decisions\/","title":{"rendered":"Groupe de \u00abtravail\u00bb moyens acad\u00e9mique: Les Syndicats deviennent des spectateurs des d\u00e9cisions"},"content":{"rendered":"\n<p>Ce matin s\u2019est tenu en visioconf\u00e9rence un groupe de travail sur les r\u00e9partitions des moyens au sein de l\u2019Acad\u00e9mie Orl\u00e9ans-Tours, o\u00f9 le terme travail n\u2019a ici qu\u2019une place purement d\u00e9corative puisque seuls des personnels administratifs y si\u00e9geaient aux c\u00f4t\u00e9s des repr\u00e9sentants syndicaux.<\/p>\n\n\n\n<p>En effet, aucun membre d\u00e9cisionnaire de l\u2019Acad\u00e9mie n\u2019a fait l\u2019effort de se pr\u00e9senter pour r\u00e9pondre \u00e0 nos questions ou entendre nos arguments, AUCUN.<\/p>\n\n\n\n<p>L\u2019administration aurait-elle d\u00e9j\u00e0 act\u00e9 l\u2019\u00e9cartement des syndicats pr\u00e9vu par la Loi Transformation de la Fonction Publique. Rien n\u2019est moins s\u00fbr.<\/p>\n\n\n\n<h3 class=\"has-text-align-center has-vivid-red-color has-text-color wp-block-heading\"><strong>Fin du moratoire sur les villes de moins de 5000&nbsp;habitants<\/strong><br><strong>Les Zones Rurales menac\u00e9es !<\/strong><\/h3>\n\n\n\n<p>Bien que ne pouvant r\u00e9pondre \u00e0 nos questions sur le fond, les personnels du Rectorat ont pu nous apporter quelques r\u00e9ponses sur la forme.<\/p>\n\n\n\n<p>Avant tout, <strong>sur la question du moratoire sur les fermetures de classes dans les villes de moins de 5000&nbsp;habitants&nbsp;: c\u2019est d\u00e9sormais clair, c\u2019est TER-MI-NE<\/strong> !<\/p>\n\n\n\n<p>Les \u00e9coles de campagne sont dor\u00e9navant dans la ligne de mire pour r\u00e9cup\u00e9rer des postes, puisque, m\u00eame si ces zones feront l\u2019objet d\u2019une \u00ab<em>attention particuli\u00e8re<\/em>\u00bb, cela ne sera possible que par les \u00ab<em>marges laiss\u00e9es par l\u2019\u00e9volution d\u00e9mographique des \u00e9l\u00e8ves<\/em>\u00bb. Autrement dit. Une probable saign\u00e9e \u00e0 venir dans ces zones, afin de mettre en place les priorit\u00e9s du gouvernement.<\/p>\n\n\n\n<p>L\u2019administration r\u00e9pond qu\u2019\u00aba<em>ucune \u00e9cole ne sera ferm\u00e9e sans l\u2019accord des maires<\/em>\u00bb. Certes, ils peuvent le dire, puisque <strong>c\u2019est la loi&nbsp;: on ne peut fermer une \u00e9cole sans l\u2019accord du maire.<\/strong><\/p>\n\n\n\n<p>Pourquoi cette pr\u00e9cision? Parce qu\u2019ils savent pertinemment qu\u2019une vague de fermeture se pr\u00e9pare, et que cela va faire grincer des dents pas mal de monde. <strong>Il s\u2019agit donc de pr\u00e9parer la population \u00e0 \u00abla moins pire\u00bb des d\u00e9cisions\u00a0: une classe au lieu d\u2019une \u00e9cole\u2026<\/strong><\/p>\n\n\n\n<p>Le SNUDI FO s\u2019oppose et s\u2019opposera \u00e0 toute fermeture de classe en zone rurale et ailleurs cette ann\u00e9e encore ! Nous avons par le pass\u00e9 organis\u00e9 la mobilisation contre ces mesures et l&rsquo;organiserons \u00e0 nouveau! <strong>Contactez-nous si votre \u00e9cole est menac\u00e9e&nbsp;: <a rel=\"noreferrer noopener\" href=\"mailto:fo-snudi@wanadoo.fr\" target=\"_blank\">fo-snudi@wanadoo.fr<\/a><\/strong><\/p>\n\n\n\n<h3 class=\"has-text-align-center has-vivid-red-color has-text-color wp-block-heading\"><strong>\u00abEgalit\u00e9 territoriale\u00bb, mais \u00e0 g\u00e9om\u00e9trie variable.<\/strong><\/h3>\n\n\n\n<p>L\u2019\u00e9galit\u00e9 territoriale se traduit par des destructions de postes dans les d\u00e9partements les plus ruraux de l\u2019Acad\u00e9mie, \u00e9loignant plus encore les \u00e9coles et les services publics de secteurs d\u00e9j\u00e0 fortement isol\u00e9s.<\/p>\n\n\n\n<p>Voyez plut\u00f4t&nbsp;:<\/p>\n\n\n\n<figure class=\"wp-block-table\"><table><tbody><tr><td>Cher<\/td><td>-9<\/td><\/tr><tr><td>Eure-et-Loir<\/td><td>+2<\/td><\/tr><tr><td>Indre<\/td><td>0<\/td><\/tr><tr><td>Indre-et-Loire<\/td><td>+24<\/td><\/tr><tr><td>Loir-et-Cher<\/td><td>-2<\/td><\/tr><tr><td>Loiret<\/td><td>17<\/td><\/tr><tr><td>Plan autisme<\/td><td>3<\/td><\/tr><tr><td>Total sur l&rsquo;Acad\u00e9mie<\/td><td>+ 35 \u00e9quivalents temps plein<\/td><\/tr><\/tbody><\/table><figcaption>R\u00e9partition des mesures de rentr\u00e9e 2021<\/figcaption><\/figure>\n\n\n\n<p>Encore une fois, <strong>les d\u00e9partements fortement touch\u00e9s par un ph\u00e9nom\u00e8ne d\u2019\u00e9parpillement des populations vont se voir sanctionn\u00e9s en voyant des classes ferm\u00e9es et des postes d\u00e9truits, r\u00e9duisant plus encore l\u2019empreinte des services publics sur ces territoires.<\/strong><\/p>\n\n\n\n<p>Car m\u00eame si cela peut para\u00eetre peu ou neutre, les projets du gouvernement r\u00e9clament beaucoup plus de postes que l\u2019aum\u00f4ne dont il nous gratifie avec ces 35&nbsp;cr\u00e9ations.<\/p>\n\n\n\n<h3 class=\"has-text-align-center has-vivid-red-color has-text-color wp-block-heading\"><strong>Le projet du gouvernement : plafonner les classes en plafonnant le nombre de postes !<\/strong><\/h3>\n\n\n\n<p>L\u2019objectif de l\u2019acad\u00e9mie est de parvenir \u00e0 80&nbsp;% de plafonnement \u00e0 24&nbsp;\u00e9l\u00e8ves dans les classes de GS, CP et CE1 en dehors des zones REP, et le d\u00e9doublement des classes de GS en REP+.<\/p>\n\n\n\n<p><strong>Rappelons que la FNEC-FP FO et notamment le SNUDI-FO ont toujours r\u00e9clam\u00e9 des effectifs de classe ne d\u00e9passant pas 25 \u00e9l\u00e8ves\u2026 <span class=\"has-inline-color has-vivid-red-color\">Mais pas \u00e0 n\u2019importe quel prix !<\/span><\/strong><\/p>\n\n\n\n<p>Pour parvenir \u00e0 ce r\u00e9sultat, <strong>il faudrait r\u00e9cup\u00e9rer presque 180&nbsp;postes sur l\u2019ensemble de l\u2019Acad\u00e9mie !<\/strong><\/p>\n\n\n\n<p>Un massacre \u00e0 venir qui sera laiss\u00e9 au bon vouloir des DASEN, le rectorat annon\u00e7ant laisser ces derniers d\u00e9cider des objectifs \u00e0 tenir dans chaque d\u00e9partement.<\/p>\n\n\n\n<p>Certes, cela ne se fera peut-\u00eatre pas sur une seule ann\u00e9e, nous r\u00e9pond l\u2019administration, mais cela devra se faire quand m\u00eame, en r\u00e9ponse aux imp\u00e9ratifs gouvernementaux !<\/p>\n\n\n\n<p><strong>D\u00e9shabiller Pierre pour habiller Paul, cela se fait depuis des ann\u00e9es au sein de l\u2019\u00c9ducation Nationale, mais c\u2019est en passe de prendre une tout autre dimension \u00e0 un moment o\u00f9 se conjuguent crise sociale, \u00e9conomique et sanitaire !<\/strong><\/p>\n\n\n\n<p>Pour pallier ce manque, <strong>le SNUDI-FO r\u00e9clame toujours l\u2019embauche massive d\u2019enseignants fonctionnaires, mais a aussi rappel\u00e9 la n\u00e9cessit\u00e9 de ne pas abandonner les coll\u00e8gues contractuels actuellement en poste !<\/strong><br>Ils doivent \u00eatre titularis\u00e9s \u00e0 leur demande, ou int\u00e9gr\u00e9s en tant que fonctionnaires stagiaires s\u2019ils le r\u00e9clament !<\/p>\n\n\n\n<h3 class=\"has-text-align-center has-vivid-red-color has-text-color wp-block-heading\"><strong>Une \u00abJustice Sociale\u00bb qui abandonne les plus fragiles<\/strong><\/h3>\n\n\n\n<p><strong>Concernant les RASED? <\/strong>L\u2019administration nous r\u00e9pond qu\u2019il ne s\u2019agit clairement pas d\u2019une priorit\u00e9.<\/p>\n\n\n\n<p><strong>Et le sp\u00e9cialis\u00e9?<\/strong> M\u00eame r\u00e9ponse.<\/p>\n\n\n\n<p>\u00ab\u00a0<em>L\u2019int\u00e9r\u00eat sup\u00e9rieur de l\u2019\u00e9l\u00e8ve<\/em>\u00a0\u00bb ne se lit d\u00e9sormais que dans les colonnes des tableurs Excel de l\u2019Inspection Acad\u00e9mique, et ces tableurs se doivent de refl\u00e9ter le terrain, c&rsquo;est un fait.<\/p>\n\n\n\n<p>La preuve : selon eux, la baisse d\u00e9mographique de ces derni\u00e8res ann\u00e9es n\u2019a fait qu\u2019am\u00e9liorer la situation des \u00e9coles !<\/p>\n\n\n\n<p>Quand nous r\u00e9torquons que la r\u00e9alit\u00e9 est tout autre, que sur le terrain les remplacements deviennent chaotiques, qu\u2019une fermeture est toujours violente pour les \u00e9l\u00e8ves, les \u00e9coles et les enseignants ou encore que les coll\u00e8gues ayant des classes \u00e0 31 sont loin de constater l\u2019am\u00e9lioration de leur quotidien, on nous r\u00e9pond \u00ab<em>les classes \u00e0 31 dans l\u2019Acad\u00e9mie, il ne doit plus y en avoir beaucoup<\/em>\u00bb ! Les coll\u00e8gues qui se d\u00e9battent avec des effectifs charg\u00e9s appr\u00e9cieront !<\/p>\n\n\n\n<p>L\u2019administration nie la d\u00e9gradation de nos conditions de travail, d\u00e9gradation qui s\u2019amplifie \u00e0 chaque carte scolaire avec des arbitrages parfois incompr\u00e9hensibles pour le bien-\u00eatre des personnels et des \u00e9l\u00e8ves !<\/p>\n\n\n\n<p><strong>Le SNUDI-FO r\u00e9clame toujours la reconstitution des R\u00e9seaux d\u2019Aide complets dans tous les d\u00e9partements, et le retour \u00e0 leur maillage d\u2019avant les coupes budg\u00e9taires du Pr\u00e9sident Sarkozy !<\/strong><\/p>\n\n\n\n<h3 class=\"has-text-align-center has-vivid-red-color has-text-color wp-block-heading\"><strong>Un saupoudrage de d\u00e9charges de direction suppl\u00e9mentaires, mais pas pour tous !<\/strong><\/h3>\n\n\n\n<p>Dans l\u2019optique de faire taire la contestation dans les \u00e9coles et de pousser \u00e0 la concentration des \u00e9tablissements pour r\u00e9duire le nombre de directeurs, le gouvernement table toujours sur une augmentation des temps de d\u00e9charges pour certaines directions.<\/p>\n\n\n\n<p>Ainsi, <strong>les \u00e9coles de 9 classes et plus passeraient \u00e0 un mi-temps d\u00e9charg\u00e9, et les \u00e9coles de 13 classes \u00e0 un \u00be temps. Les \u00e9coles de 1 \u00e0 3 classes verraient une augmentation de leurs jours de d\u00e9charge annuellement. <\/strong>Entre les deux? Pas de changement.<\/p>\n\n\n\n<p>Les choses se corsent justement lorsqu\u2019il s\u2019agit de chiffrer les augmentations des \u00e9coles de 1 \u00e0 3&nbsp;classes. <strong>Cela serait en effet impossible \u00e0 faire, le rectorat va donc laisser g\u00e9rer les d\u00e9partements de ce c\u00f4t\u00e9\u2026 sans moyens suppl\u00e9mentaires !<\/strong><\/p>\n\n\n\n<p>Ce qui signifie?<\/p>\n\n\n\n<p class=\"has-vivid-red-color has-text-color\"><strong>Ce qui signifie que l\u2019on devra ENCORE prendre sur des moyens existants, et probablement les moyens de remplacements !<\/strong><\/p>\n\n\n\n<p>Une nouvelle d\u00e9gradation des conditions de travail \u00e0 venir, si elles viennent, car, actuellement, rien n\u2019est planifi\u00e9 pour ces \u00e9coles. Ces jours seront-ils donn\u00e9s mensuellement? Annuellement? R\u00e9partis ou concentr\u00e9s sur une seule p\u00e9riode? On ne sait rien, si ce n\u2019est que cela se fera avec les moyens du bord.<\/p>\n\n\n\n<p>L\u2019administration ne pouvant r\u00e9pondre \u00e0 nos interventions concernant ces sujets, elle nous renvoie soit vers le minist\u00e8re, soit vers le CTA \u00e0 venir.<\/p>\n\n\n\n<p>Dans un cas comme dans l\u2019autre, nous serons au rendez-vous pour continuer \u00e0 d\u00e9fendre les conditions de travail des coll\u00e8gues, pour continuer \u00e0 porter les revendications des enseignants sur le terrain !<\/p>\n\n\n\n<p class=\"has-text-align-center has-large-font-size\"><strong>Dans ce contexte, <a href=\"https:\/\/framaforms.org\/carte-scolaire-fiche-de-surveillance-du-snudi-fo-1581944436\" rel=\"noreferrer noopener\" target=\"_blank\">faites-nous remonter d\u00e8s \u00e0 pr\u00e9sent vos effectifs ici&nbsp;<\/a> pour le CTSD qui se tiendra fin janvier !<\/strong><\/p>\n<a class=\"synved-social-button synved-social-button-share synved-social-size-32 synved-social-resolution-single synved-social-provider-facebook nolightbox\" data-provider=\"facebook\" target=\"_blank\" rel=\"nofollow\" title=\"Faites le savoir \u00e0 vos amis via Facebook \" href=\"https:\/\/www.facebook.com\/sharer.php?u=https%3A%2F%2Fsnudifo37.fr%2Findex.php%2Fwp-json%2Fwp%2Fv2%2Fposts%2F3108&#038;t=Groupe%20de%20%C2%ABtravail%C2%BB%20moyens%20acad%C3%A9mique%3A%20Les%20Syndicats%20deviennent%20des%20spectateurs%20des%20d%C3%A9cisions&#038;s=100&#038;p&#091;url&#093;=https%3A%2F%2Fsnudifo37.fr%2Findex.php%2Fwp-json%2Fwp%2Fv2%2Fposts%2F3108&#038;p&#091;images&#093;&#091;0&#093;=https%3A%2F%2Fsnudifo37.fr%2Fwp-content%2Fuploads%2F2020%2F02%2FEssorageResized.jpg&#038;p&#091;title&#093;=Groupe%20de%20%C2%ABtravail%C2%BB%20moyens%20acad%C3%A9mique%3A%20Les%20Syndicats%20deviennent%20des%20spectateurs%20des%20d%C3%A9cisions\" style=\"font-size: 0px;width:32px;height:32px;margin:0;margin-bottom:20px;margin-right:20px\"><img loading=\"lazy\" decoding=\"async\" alt=\"Facebook\" title=\"Faites le savoir \u00e0 vos amis via Facebook \" class=\"synved-share-image synved-social-image synved-social-image-share\" width=\"32\" height=\"32\" style=\"display: inline;width:32px;height:32px;margin: 0;padding: 0;border: none;box-shadow: none\" src=\"https:\/\/snudifo37.fr\/wp-content\/plugins\/social-media-feather\/synved-social\/image\/social\/regular\/64x64\/facebook.png\" \/><\/a><a class=\"synved-social-button synved-social-button-share synved-social-size-32 synved-social-resolution-single synved-social-provider-twitter nolightbox\" data-provider=\"twitter\" target=\"_blank\" rel=\"nofollow\" title=\"Informez-en vos amis via Twitter\" href=\"https:\/\/twitter.com\/intent\/tweet?url=https%3A%2F%2Fsnudifo37.fr%2Findex.php%2Fwp-json%2Fwp%2Fv2%2Fposts%2F3108&#038;text=Le%20Snudi-Fo%20vous%20informe%3A\" style=\"font-size: 0px;width:32px;height:32px;margin:0;margin-bottom:20px;margin-right:20px\"><img loading=\"lazy\" decoding=\"async\" alt=\"twitter\" title=\"Informez-en vos amis via Twitter\" class=\"synved-share-image synved-social-image synved-social-image-share\" width=\"32\" height=\"32\" style=\"display: inline;width:32px;height:32px;margin: 0;padding: 0;border: none;box-shadow: none\" src=\"https:\/\/snudifo37.fr\/wp-content\/plugins\/social-media-feather\/synved-social\/image\/social\/regular\/64x64\/twitter.png\" \/><\/a><a class=\"synved-social-button synved-social-button-share synved-social-size-32 synved-social-resolution-single synved-social-provider-mail nolightbox\" data-provider=\"mail\" rel=\"nofollow\" title=\"Les derni\u00e8res informations du Snudi-Fo 37\" href=\"mailto:?subject=Groupe%20de%20%C2%ABtravail%C2%BB%20moyens%20acad%C3%A9mique%3A%20Les%20Syndicats%20deviennent%20des%20spectateurs%20des%20d%C3%A9cisions&#038;body=Le%20Snudi-Fo%20vous%20informe%3A:%20https%3A%2F%2Fsnudifo37.fr%2Findex.php%2Fwp-json%2Fwp%2Fv2%2Fposts%2F3108\" style=\"font-size: 0px;width:32px;height:32px;margin:0;margin-bottom:20px\"><img loading=\"lazy\" decoding=\"async\" alt=\"mail\" title=\"Les derni\u00e8res informations du Snudi-Fo 37\" class=\"synved-share-image synved-social-image synved-social-image-share\" width=\"32\" height=\"32\" style=\"display: inline;width:32px;height:32px;margin: 0;padding: 0;border: none;box-shadow: none\" src=\"https:\/\/snudifo37.fr\/wp-content\/plugins\/social-media-feather\/synved-social\/image\/social\/regular\/64x64\/mail.png\" \/><\/a>","protected":false},"excerpt":{"rendered":"<p>Ce matin s\u2019est tenu en visioconf\u00e9rence un groupe de travail sur les r\u00e9partitions des moyens au sein de l\u2019Acad\u00e9mie Orl\u00e9ans-Tours, o\u00f9 le terme travail n\u2019a ici qu\u2019une place purement d\u00e9corative puisque seuls des personnels administratifs y si\u00e9geaient aux c\u00f4t\u00e9s des repr\u00e9sentants syndicaux.<\/p>\n","protected":false},"author":1,"featured_media":1706,"comment_status":"closed","ping_status":"closed","sticky":false,"template":"","format":"standard","meta":{"footnotes":""},"categories":[10,7],"tags":[348,580,896,589,84,95,895,894,500,898],"class_list":["post-3108","post","type-post","status-publish","format-standard","has-post-thumbnail","hentry","category-csa","category-syndicat","tag-academie","tag-creation-de-postes","tag-destruction-poste","tag-dotation","tag-fermeture","tag-groupe-de-travail","tag-moratoire","tag-orleans-tours","tag-rectorat","tag-zones-rurales"],"_links":{"self":[{"href":"https:\/\/snudifo37.fr\/index.php\/wp-json\/wp\/v2\/posts\/3108","targetHints":{"allow":["GET"]}}],"collection":[{"href":"https:\/\/snudifo37.fr\/index.php\/wp-json\/wp\/v2\/posts"}],"about":[{"href":"https:\/\/snudifo37.fr\/index.php\/wp-json\/wp\/v2\/types\/post"}],"author":[{"embeddable":true,"href":"https:\/\/snudifo37.fr\/index.php\/wp-json\/wp\/v2\/users\/1"}],"replies":[{"embeddable":true,"href":"https:\/\/snudifo37.fr\/index.php\/wp-json\/wp\/v2\/comments?post=3108"}],"version-history":[{"count":2,"href":"https:\/\/snudifo37.fr\/index.php\/wp-json\/wp\/v2\/posts\/3108\/revisions"}],"predecessor-version":[{"id":3111,"href":"https:\/\/snudifo37.fr\/index.php\/wp-json\/wp\/v2\/posts\/3108\/revisions\/3111"}],"wp:featuredmedia":[{"embeddable":true,"href":"https:\/\/snudifo37.fr\/index.php\/wp-json\/wp\/v2\/media\/1706"}],"wp:attachment":[{"href":"https:\/\/snudifo37.fr\/index.php\/wp-json\/wp\/v2\/media?parent=3108"}],"wp:term":[{"taxonomy":"category","embeddable":true,"href":"https:\/\/snudifo37.fr\/index.php\/wp-json\/wp\/v2\/categories?post=3108"},{"taxonomy":"post_tag","embeddable":true,"href":"https:\/\/snudifo37.fr\/index.php\/wp-json\/wp\/v2\/tags?post=3108"}],"curies":[{"name":"wp","href":"https:\/\/api.w.org\/{rel}","templated":true}]}}