{"id":3065,"date":"2021-01-05T08:37:27","date_gmt":"2021-01-05T07:37:27","guid":{"rendered":"https:\/\/snudifo37.fr\/?p=3065"},"modified":"2021-01-05T08:37:28","modified_gmt":"2021-01-05T07:37:28","slug":"groupe-de-travail-academique-mouvement-et-promotions-un-concentre-dattaques-inacceptables-contre-nos-droits","status":"publish","type":"post","link":"https:\/\/snudifo37.fr\/index.php\/2021\/01\/05\/groupe-de-travail-academique-mouvement-et-promotions-un-concentre-dattaques-inacceptables-contre-nos-droits\/","title":{"rendered":"Groupe de travail acad\u00e9mique mouvement et promotions : un concentr\u00e9 d&rsquo;attaques inacceptables contre nos droits !"},"content":{"rendered":"\n<p>La Rectrice a convoqu\u00e9, mardi 5 janvier, un groupe de travail dans lequel seront pr\u00e9sent\u00e9es les lignes directrices de gestion acad\u00e9miques \u00ab\u00a0<em>promotions et valorisation de carri\u00e8re<\/em>\u00a0\u00bb et \u00ab\u00a0<em>mobilit\u00e9s<\/em>\u00a0\u00bb qui seront la d\u00e9clinaison des lignes de gestion minist\u00e9rielles.<\/p>\n\n\n\n<p>Notons que ces lignes de gestion sont une des applications de la Loi de Transformation de la Fonction Publique. <strong>Elles sont li\u00e9es \u00e0 la disparition des CAPD et des pr\u00e9rogatives des d\u00e9l\u00e9gu\u00e9s du personnel mais \u00e9galement \u00e0 l&rsquo;attaque contre les droits des personnels.<\/strong><\/p>\n\n\n\n<p>A la lecture de ces documents (plus d&rsquo;une centaine de pages), des \u00e9l\u00e9ments alertent et confirment la logique de remise en cause des droits des enseignants !&nbsp;<\/p>\n\n\n\n<p>A l&rsquo;instar des lignes de gestion minist\u00e9rielles \u00ab\u00a0promotions\u00a0\u00bb, y est inscrit <strong>l&rsquo;accompagnement tout au long de la carri\u00e8re (application de PPCR) dont \u00ab\u00a0le partage avec les pairs\u00a0\u00bb<\/strong>&#8230; (<em>le suivi permanent et les visites entre pairs d\u00e9j\u00e0 contenues dans les constellations y sont donc repris<\/em>).<\/p>\n\n\n\n<p>Le lien entre l&rsquo;accompagnement via notamment les formations par constellations et les promotions est encore ici une fois \u00e9vident !<\/p>\n\n\n\n<p><strong>Par ailleurs, concernant le mouvement, les \u00e9l\u00e9ments de bar\u00e8me (diff\u00e9rents en fonction des d\u00e9partements) sont d\u00e9j\u00e0 inscrits dans ces documents.<\/strong><\/p>\n\n\n\n<h3 class=\"has-text-align-center wp-block-heading\"><strong>Finies donc les discussions avec les d\u00e9l\u00e9gu\u00e9s du personnel au sujet de la circulaire mouvement?<\/strong><\/h3>\n\n\n\n<p>Nous avons pourtant fait modifier de nombreux points l&rsquo;an pass\u00e9 qui auraient port\u00e9 pr\u00e9judice aux coll\u00e8gues !<\/p>\n\n\n\n<p>Les lignes de gestion \u00ab\u00a0mouvement\u00a0\u00bb laissent \u00e9galement entendre que la distinction entre les BD et ZIL peut \u00eatre remise en cause. Nous demanderons que soit inscrit le maintien des deux types de missions!<\/p>\n\n\n\n<p>Le SNUDI-FO si\u00e9gera dans le groupe de travail 1er degr\u00e9 et tentera d&rsquo;obtenir, dans l&rsquo;unit\u00e9, le retrait de tout ce qui pourrait figer les circulaires mouvements d\u00e9partementales dans ces textes.<\/p>\n\n\n\n<p>Nous y demanderons le retrait de l&rsquo;accompagnement continu des personnels.<\/p>\n\n\n\n<h3 class=\"has-text-align-center wp-block-heading\"><strong>Le SNUDI-FO, avec sa f\u00e9d\u00e9ration des fonctionnaires la FGF FO, revendique l&rsquo;abrogation de la Loi de Transformation de la Fonction Publique !<\/strong><\/h3>\n\n\n\n<p>Dans l&rsquo;attente, nous nous battrons \u00e0 tous les niveaux pour faire reculer les diff\u00e9rentes attaques qu&rsquo;elle engendre.<\/p>\n\n\n\n<p>Face \u00e0 une telle brutalit\u00e9, le SNUDI-FO avec sa f\u00e9d\u00e9ration appellent \u00e0 la gr\u00e8ve le mardi 26 janvier avec la FSU, la CGT educ, Sud Educ et le SNCL pour opposer ses revendications au Grenelle destructeur du Ministre !<\/p>\n\n\n\n<h2 class=\"has-text-align-center has-vivid-red-color has-text-color wp-block-heading\"><strong>TOUS EN GREVE le 26 janvier !<\/strong><\/h2>\n<a class=\"synved-social-button synved-social-button-share synved-social-size-32 synved-social-resolution-single synved-social-provider-facebook nolightbox\" data-provider=\"facebook\" target=\"_blank\" rel=\"nofollow\" title=\"Faites le savoir \u00e0 vos amis via Facebook \" href=\"https:\/\/www.facebook.com\/sharer.php?u=https%3A%2F%2Fsnudifo37.fr%2Findex.php%2Fwp-json%2Fwp%2Fv2%2Fposts%2F3065&#038;t=Groupe%20de%20travail%20acad%C3%A9mique%20mouvement%20et%20promotions%20%3A%20un%20concentr%C3%A9%20d%E2%80%99attaques%20inacceptables%20contre%20nos%20droits%20%21&#038;s=100&#038;p&#091;url&#093;=https%3A%2F%2Fsnudifo37.fr%2Findex.php%2Fwp-json%2Fwp%2Fv2%2Fposts%2F3065&#038;p&#091;images&#093;&#091;0&#093;=https%3A%2F%2Fsnudifo37.fr%2Fwp-content%2Fuploads%2F2020%2F02%2FEssorageResized.jpg&#038;p&#091;title&#093;=Groupe%20de%20travail%20acad%C3%A9mique%20mouvement%20et%20promotions%20%3A%20un%20concentr%C3%A9%20d%E2%80%99attaques%20inacceptables%20contre%20nos%20droits%20%21\" style=\"font-size: 0px;width:32px;height:32px;margin:0;margin-bottom:20px;margin-right:20px\"><img loading=\"lazy\" decoding=\"async\" alt=\"Facebook\" title=\"Faites le savoir \u00e0 vos amis via Facebook \" class=\"synved-share-image synved-social-image synved-social-image-share\" width=\"32\" height=\"32\" style=\"display: inline;width:32px;height:32px;margin: 0;padding: 0;border: none;box-shadow: none\" src=\"https:\/\/snudifo37.fr\/wp-content\/plugins\/social-media-feather\/synved-social\/image\/social\/regular\/64x64\/facebook.png\" \/><\/a><a class=\"synved-social-button synved-social-button-share synved-social-size-32 synved-social-resolution-single synved-social-provider-twitter nolightbox\" data-provider=\"twitter\" target=\"_blank\" rel=\"nofollow\" title=\"Informez-en vos amis via Twitter\" href=\"https:\/\/twitter.com\/intent\/tweet?url=https%3A%2F%2Fsnudifo37.fr%2Findex.php%2Fwp-json%2Fwp%2Fv2%2Fposts%2F3065&#038;text=Le%20Snudi-Fo%20vous%20informe%3A\" style=\"font-size: 0px;width:32px;height:32px;margin:0;margin-bottom:20px;margin-right:20px\"><img loading=\"lazy\" decoding=\"async\" alt=\"twitter\" title=\"Informez-en vos amis via Twitter\" class=\"synved-share-image synved-social-image synved-social-image-share\" width=\"32\" height=\"32\" style=\"display: inline;width:32px;height:32px;margin: 0;padding: 0;border: none;box-shadow: none\" src=\"https:\/\/snudifo37.fr\/wp-content\/plugins\/social-media-feather\/synved-social\/image\/social\/regular\/64x64\/twitter.png\" \/><\/a><a class=\"synved-social-button synved-social-button-share synved-social-size-32 synved-social-resolution-single synved-social-provider-mail nolightbox\" data-provider=\"mail\" rel=\"nofollow\" title=\"Les derni\u00e8res informations du Snudi-Fo 37\" href=\"mailto:?subject=Groupe%20de%20travail%20acad%C3%A9mique%20mouvement%20et%20promotions%20%3A%20un%20concentr%C3%A9%20d%E2%80%99attaques%20inacceptables%20contre%20nos%20droits%20%21&#038;body=Le%20Snudi-Fo%20vous%20informe%3A:%20https%3A%2F%2Fsnudifo37.fr%2Findex.php%2Fwp-json%2Fwp%2Fv2%2Fposts%2F3065\" style=\"font-size: 0px;width:32px;height:32px;margin:0;margin-bottom:20px\"><img loading=\"lazy\" decoding=\"async\" alt=\"mail\" title=\"Les derni\u00e8res informations du Snudi-Fo 37\" class=\"synved-share-image synved-social-image synved-social-image-share\" width=\"32\" height=\"32\" style=\"display: inline;width:32px;height:32px;margin: 0;padding: 0;border: none;box-shadow: none\" src=\"https:\/\/snudifo37.fr\/wp-content\/plugins\/social-media-feather\/synved-social\/image\/social\/regular\/64x64\/mail.png\" \/><\/a>","protected":false},"excerpt":{"rendered":"<p>La Rectrice a convoqu\u00e9, mardi 5 janvier, un groupe de travail dans lequel seront pr\u00e9sent\u00e9es les lignes directrices de gestion acad\u00e9miques \u00ab\u00a0promotions et valorisation de carri\u00e8re\u00a0\u00bb et \u00ab\u00a0mobilit\u00e9s\u00a0\u00bb qui seront la d\u00e9clinaison des lignes de gestion minist\u00e9rielles.<\/p>\n","protected":false},"author":1,"featured_media":1706,"comment_status":"closed","ping_status":"closed","sticky":false,"template":"","format":"standard","meta":{"footnotes":""},"categories":[7],"tags":[276,108,17,883,689,183,51,164],"class_list":["post-3065","post","type-post","status-publish","format-standard","has-post-thumbnail","hentry","category-syndicat","tag-accompagnement","tag-bd","tag-capd","tag-delegues-du-personnel","tag-lignes-directrices-de-gestion","tag-loi-transformation-fonction-publique","tag-mouvement","tag-zil"],"_links":{"self":[{"href":"https:\/\/snudifo37.fr\/index.php\/wp-json\/wp\/v2\/posts\/3065","targetHints":{"allow":["GET"]}}],"collection":[{"href":"https:\/\/snudifo37.fr\/index.php\/wp-json\/wp\/v2\/posts"}],"about":[{"href":"https:\/\/snudifo37.fr\/index.php\/wp-json\/wp\/v2\/types\/post"}],"author":[{"embeddable":true,"href":"https:\/\/snudifo37.fr\/index.php\/wp-json\/wp\/v2\/users\/1"}],"replies":[{"embeddable":true,"href":"https:\/\/snudifo37.fr\/index.php\/wp-json\/wp\/v2\/comments?post=3065"}],"version-history":[{"count":1,"href":"https:\/\/snudifo37.fr\/index.php\/wp-json\/wp\/v2\/posts\/3065\/revisions"}],"predecessor-version":[{"id":3066,"href":"https:\/\/snudifo37.fr\/index.php\/wp-json\/wp\/v2\/posts\/3065\/revisions\/3066"}],"wp:featuredmedia":[{"embeddable":true,"href":"https:\/\/snudifo37.fr\/index.php\/wp-json\/wp\/v2\/media\/1706"}],"wp:attachment":[{"href":"https:\/\/snudifo37.fr\/index.php\/wp-json\/wp\/v2\/media?parent=3065"}],"wp:term":[{"taxonomy":"category","embeddable":true,"href":"https:\/\/snudifo37.fr\/index.php\/wp-json\/wp\/v2\/categories?post=3065"},{"taxonomy":"post_tag","embeddable":true,"href":"https:\/\/snudifo37.fr\/index.php\/wp-json\/wp\/v2\/tags?post=3065"}],"curies":[{"name":"wp","href":"https:\/\/api.w.org\/{rel}","templated":true}]}}