{"id":3004,"date":"2020-12-15T09:56:30","date_gmt":"2020-12-15T08:56:30","guid":{"rendered":"https:\/\/snudifo37.fr\/?p=3004"},"modified":"2020-12-15T09:56:32","modified_gmt":"2020-12-15T08:56:32","slug":"les-formations-par-constellations-cest-la-stagiarisation-a-vie-de-tous","status":"publish","type":"post","link":"https:\/\/snudifo37.fr\/index.php\/2020\/12\/15\/les-formations-par-constellations-cest-la-stagiarisation-a-vie-de-tous\/","title":{"rendered":"Les formations par constellations, c&rsquo;est la stagiarisation \u00e0 vie de tous !"},"content":{"rendered":"\n<p class=\"has-text-align-center has-medium-font-size\"><strong>Suite \u00e0 l&rsquo;intersyndicale d\u00e9partementale,<\/strong> communiqu\u00e9 unitaire SNUDI-FO 37, CGT Educ&rsquo;Action 37 et Sud Education 37 pour <span class=\"has-inline-color has-vivid-red-color\"><strong>l&rsquo;abandon d\u00e9finitif de l&rsquo;accompagnement PPCR de tous !<\/strong><\/span><\/p>\n\n\n\n<p>Depuis 2017 et l&rsquo;application du protocole PPCR que FO, CGT et Sud n&rsquo;ont pas sign\u00e9, nous n&rsquo;avons cess\u00e9 d&rsquo;alerter sur l&rsquo;article 130 du d\u00e9cret 2017-786 du 7 mai 2017 modifiant l&rsquo;article 23 de notre statut :&nbsp;<em>\u00ab\u00a0Tout professeur des \u00e9coles b\u00e9n\u00e9ficie d&rsquo;un accompagnement continu dans son parcours professionnel.&nbsp; Individuel ou collectif, cet accompagnement r\u00e9pond \u00e0 une demande des personnels ou \u00e0 une initiative de l&rsquo;administration. \u00bb<\/em><\/p>\n\n\n\n<p>Avant PPCR, nous parvenions \u00e0 bloquer des accompagnements obligatoires impos\u00e9s contre l&rsquo;avis des coll\u00e8ges qu&rsquo;ils soient individuels ou collectifs (\u00e9valuations d&rsquo;\u00e9coles) car non r\u00e9glementaires.<\/p>\n\n\n\n<p>D\u00e9sormais l&rsquo;IA-DASEN s&rsquo;appuie sur le d\u00e9cret PPCR pour imposer ou laisser les IEN imposer des accompagnements individuels (jusqu&rsquo;\u00e0 18 mois de visites de CPC et IEN !) ou collectifs (accompagnement d&rsquo;\u00e9coles en fonction des r\u00e9sultats aux \u00e9valuations nationales comme dans la circonscription de St Cyr-sur-Loire, visites de tous les enseignants de CP de Jou\u00e9-l\u00e8s-Tours l&rsquo;an pass\u00e9&#8230;)&#8230;<\/p>\n\n\n\n<p>Le Ministre acc\u00e9l\u00e8re la mise en place de l&rsquo;accompagnement avec la formation par constellations. Le DGRH nous a confirm\u00e9 lors d&rsquo;un groupe de travail minist\u00e9riel qu&rsquo;il ne s&rsquo;agit que d&rsquo;un \u00e9chantillon de l&rsquo;accompagnement \u00e0 venir!&nbsp;<strong>Chacun d&rsquo;entre nous se verra donc accompagn\u00e9 perp\u00e9tuellement sous diverses formes sans que notre avis soit sollicit\u00e9 !<\/strong><\/p>\n\n\n\n<p><strong>Voici le tournant que le Ministre compte nous faire prendre dans le cadre de son \u00ab\u00a0Grenelle\u00a0\u00bb en s&rsquo;appuyant sur les textes de PPCR, avec une \u00e9valuation qui pourrait permettre de \u00ab\u00a0d\u00e9terminer notre valeur professionnelle\u00a0\u00bb<\/strong>\u00a0!<br>Comment accepter une telle d\u00e9gradation des conditions de travail avec une pression permanente ?<br>Qui peut aujourd&rsquo;hui pr\u00e9tendre qu&rsquo;il s&rsquo;agit d&rsquo;une question de p\u00e9dagogie ?<\/p>\n\n\n\n<p><strong>Notre devoir est d&rsquo;alerter et de prot\u00e9ger nos coll\u00e8gues.<\/strong><\/p>\n\n\n\n<p>Pour le SNUDI-FO, la formation doit se faire sur la base du volontariat et du libre choix comme c&rsquo;\u00e9tait le cas auparavant dans le cadre de la formation continue !<\/p>\n\n\n\n<p>C&rsquo;est pourquoi&nbsp;<strong>nous avons invit\u00e9 d&rsquo;urgence les organisations syndicales<\/strong>&nbsp;du d\u00e9partement \u00e0 une intersyndicale SNUipp-FSU 37, SE UNSA 37, CGT Educ Action 37 et Sud Education 37.<\/p>\n\n\n\n<h3 class=\"wp-block-heading\"><span class=\"has-inline-color has-vivid-red-color\">Voici ce qui est ressorti de cette intersyndicale :\u00a0<\/span><\/h3>\n\n\n\n<figure class=\"wp-block-image size-large\"><img loading=\"lazy\" decoding=\"async\" width=\"1024\" height=\"451\" src=\"https:\/\/snudifo37.fr\/wp-content\/uploads\/2020\/12\/unnamed-2-1024x451.png\" alt=\"\" class=\"wp-image-3005\" srcset=\"https:\/\/snudifo37.fr\/wp-content\/uploads\/2020\/12\/unnamed-2-1024x451.png 1024w, https:\/\/snudifo37.fr\/wp-content\/uploads\/2020\/12\/unnamed-2-300x132.png 300w, https:\/\/snudifo37.fr\/wp-content\/uploads\/2020\/12\/unnamed-2-768x339.png 768w, https:\/\/snudifo37.fr\/wp-content\/uploads\/2020\/12\/unnamed-2-840x370.png 840w, https:\/\/snudifo37.fr\/wp-content\/uploads\/2020\/12\/unnamed-2.png 1116w\" sizes=\"auto, (max-width: 1024px) 100vw, 1024px\" \/><\/figure>\n\n\n\n<h3 class=\"has-text-align-center wp-block-heading\"><strong>COMMUNIQUE UNITAIRE SNUDI-FO 37, CGT Educ\u2019action 37 et SUD Education 37<\/strong><\/h3>\n\n\n\n<h3 class=\"has-text-align-center wp-block-heading\"><strong>CONSTELLATIONS ET AUTRES \u00ab&nbsp;ACCOMPAGNEMENTS&nbsp;\u00bb PPCR&nbsp;: CA SUFFIT&nbsp;!<\/strong><\/h3>\n\n\n\n<p>Depuis la rentr\u00e9e, la col\u00e8re gronde dans les \u00e9coles en raison de la mise en place du dispositif de formations par constellations impos\u00e9 par le Ministre.<\/p>\n\n\n\n<p>Ce dispositif repose sur des visites de CPC dans les classes des coll\u00e8gues concern\u00e9s et des visites entre coll\u00e8gues demand\u00e9es par le minist\u00e8re.<\/p>\n\n\n\n<p>Pour le SNUDI-FO 37, la CGT Educ\u2019action 37 et Sud Education 37, il ne s&rsquo;agit pas d&rsquo;une question de p\u00e9dagogie mais d\u2019une attaque contre notre statut puisque le DGRH a expliqu\u00e9 qu\u2019il ne s\u2019agissait que d\u2019un \u00e9chantillon de l\u2019accompagnement p\u00e9renne qui serait impos\u00e9 \u00e0 tous les enseignants au sortir du \u00ab\u00a0Grenelle\u00a0\u00bb.<\/p>\n\n\n\n<p><strong>Les&nbsp;professeurs des \u00e9coles refusent d&rsquo;\u00eatre suivis continuellement et d\u2019\u00eatre consid\u00e9r\u00e9s comme des stagiaires toute leur carri\u00e8re !<\/strong><\/p>\n\n\n\n<p>Dans la circonscription de St-Cyr-sur-Loire, l\u2019IEN annonce que 10 \u00e9coles d\u00e9sign\u00e9es vont \u00eatre accompagn\u00e9es d\u00e8s cette ann\u00e9e&nbsp;suite aux r\u00e9sultats insuffisants aux \u00e9valuations nationales, avec \u00abproposition\u00bb de visites de CPC dans les classes.<\/p>\n\n\n\n<p>Il s\u2019agira d\u2019\u00e9coles non concern\u00e9es par les constellations cette ann\u00e9e mais les enseignants s\u2019interrogent sur la troublante ressemblance entre ces dispositifs.<br><br>L\u2019IEN rajoute que,\u00a0dans les ann\u00e9es qui\u00a0suivront, d\u2019autres \u00e9coles seront cibl\u00e9es pour la m\u00eame d\u00e9marche\u00a0!<\/p>\n\n\n\n<p><strong>Constellations ou autres accompagnements, tout s\u2019accumule !<\/strong><\/p>\n\n\n\n<p><strong>Le SNUDI-FO 37, la CGT Educ\u2019action 37 et Sud Education 37 revendiquent l\u2019abandon d\u00e9finitif de cet accompagnement obligatoire.<\/strong><\/p>\n\n\n\n<p><strong>Ils d\u00e9cident&nbsp;:<\/strong><\/p>\n\n\n\n<ul class=\"wp-block-list\"><li>D\u2019\u00e9crire \u00e0 l\u2019IA-DASEN en ce sens<\/li><li>D\u2019appeler les coll\u00e8gues \u00e0 contresigner cette lettre \u00e0 l\u2019IA-DASEN<\/li><li>De demander ensemble audience \u00e0 l\u2019IA-DASEN<\/li><li>De saisir les CHSCT (D\u00e9partemental et Acad\u00e9mique) afin qu\u2019un avis en ce sens soit adopt\u00e9.<\/li><\/ul>\n\n\n\n<div class=\"wp-block-file\"><a href=\"https:\/\/snudifo37.fr\/wp-content\/uploads\/2020\/12\/Com-intersynd-constella-def-002.pdf\">Com-intersynd-constella-def-002<\/a><a href=\"https:\/\/snudifo37.fr\/wp-content\/uploads\/2020\/12\/Com-intersynd-constella-def-002.pdf\" class=\"wp-block-file__button\" download>T\u00e9l\u00e9charger<\/a><\/div>\n<a class=\"synved-social-button synved-social-button-share synved-social-size-32 synved-social-resolution-single synved-social-provider-facebook nolightbox\" data-provider=\"facebook\" target=\"_blank\" rel=\"nofollow\" title=\"Faites le savoir \u00e0 vos amis via Facebook \" href=\"https:\/\/www.facebook.com\/sharer.php?u=https%3A%2F%2Fsnudifo37.fr%2Findex.php%2Fwp-json%2Fwp%2Fv2%2Fposts%2F3004&#038;t=Les%20formations%20par%20constellations%2C%20c%E2%80%99est%20la%20stagiarisation%20%C3%A0%20vie%20de%20tous%20%21&#038;s=100&#038;p&#091;url&#093;=https%3A%2F%2Fsnudifo37.fr%2Findex.php%2Fwp-json%2Fwp%2Fv2%2Fposts%2F3004&#038;p&#091;images&#093;&#091;0&#093;=https%3A%2F%2Fsnudifo37.fr%2Fwp-content%2Fuploads%2F2020%2F12%2Funnamed-2-1024x451.png&#038;p&#091;title&#093;=Les%20formations%20par%20constellations%2C%20c%E2%80%99est%20la%20stagiarisation%20%C3%A0%20vie%20de%20tous%20%21\" style=\"font-size: 0px;width:32px;height:32px;margin:0;margin-bottom:20px;margin-right:20px\"><img loading=\"lazy\" decoding=\"async\" alt=\"Facebook\" title=\"Faites le savoir \u00e0 vos amis via Facebook \" class=\"synved-share-image synved-social-image synved-social-image-share\" width=\"32\" height=\"32\" style=\"display: inline;width:32px;height:32px;margin: 0;padding: 0;border: none;box-shadow: none\" src=\"https:\/\/snudifo37.fr\/wp-content\/plugins\/social-media-feather\/synved-social\/image\/social\/regular\/64x64\/facebook.png\" \/><\/a><a class=\"synved-social-button synved-social-button-share synved-social-size-32 synved-social-resolution-single synved-social-provider-twitter nolightbox\" data-provider=\"twitter\" target=\"_blank\" rel=\"nofollow\" title=\"Informez-en vos amis via Twitter\" href=\"https:\/\/twitter.com\/intent\/tweet?url=https%3A%2F%2Fsnudifo37.fr%2Findex.php%2Fwp-json%2Fwp%2Fv2%2Fposts%2F3004&#038;text=Le%20Snudi-Fo%20vous%20informe%3A\" style=\"font-size: 0px;width:32px;height:32px;margin:0;margin-bottom:20px;margin-right:20px\"><img loading=\"lazy\" decoding=\"async\" alt=\"twitter\" title=\"Informez-en vos amis via Twitter\" class=\"synved-share-image synved-social-image synved-social-image-share\" width=\"32\" height=\"32\" style=\"display: inline;width:32px;height:32px;margin: 0;padding: 0;border: none;box-shadow: none\" src=\"https:\/\/snudifo37.fr\/wp-content\/plugins\/social-media-feather\/synved-social\/image\/social\/regular\/64x64\/twitter.png\" \/><\/a><a class=\"synved-social-button synved-social-button-share synved-social-size-32 synved-social-resolution-single synved-social-provider-mail nolightbox\" data-provider=\"mail\" rel=\"nofollow\" title=\"Les derni\u00e8res informations du Snudi-Fo 37\" href=\"mailto:?subject=Les%20formations%20par%20constellations%2C%20c%E2%80%99est%20la%20stagiarisation%20%C3%A0%20vie%20de%20tous%20%21&#038;body=Le%20Snudi-Fo%20vous%20informe%3A:%20https%3A%2F%2Fsnudifo37.fr%2Findex.php%2Fwp-json%2Fwp%2Fv2%2Fposts%2F3004\" style=\"font-size: 0px;width:32px;height:32px;margin:0;margin-bottom:20px\"><img loading=\"lazy\" decoding=\"async\" alt=\"mail\" title=\"Les derni\u00e8res informations du Snudi-Fo 37\" class=\"synved-share-image synved-social-image synved-social-image-share\" width=\"32\" height=\"32\" style=\"display: inline;width:32px;height:32px;margin: 0;padding: 0;border: none;box-shadow: none\" src=\"https:\/\/snudifo37.fr\/wp-content\/plugins\/social-media-feather\/synved-social\/image\/social\/regular\/64x64\/mail.png\" \/><\/a>","protected":false},"excerpt":{"rendered":"<p>Suite \u00e0 l&rsquo;intersyndicale d\u00e9partementale, communiqu\u00e9 unitaire SNUDI-FO 37, CGT Educ&rsquo;Action 37 et Sud Education 37 pour l&rsquo;abandon d\u00e9finitif de l&rsquo;accompagnement PPCR de tous !<\/p>\n","protected":false},"author":1,"featured_media":0,"comment_status":"closed","ping_status":"closed","sticky":false,"template":"","format":"standard","meta":{"footnotes":""},"categories":[7],"tags":[276,63,18,726,789,159,47,33,20,403],"class_list":["post-3004","post","type-post","status-publish","format-standard","hentry","category-syndicat","tag-accompagnement","tag-cgteduc","tag-communique","tag-constellations","tag-departementale","tag-formation","tag-intersyndicale","tag-ppcr","tag-snudi-fo","tag-sud-education-2"],"_links":{"self":[{"href":"https:\/\/snudifo37.fr\/index.php\/wp-json\/wp\/v2\/posts\/3004","targetHints":{"allow":["GET"]}}],"collection":[{"href":"https:\/\/snudifo37.fr\/index.php\/wp-json\/wp\/v2\/posts"}],"about":[{"href":"https:\/\/snudifo37.fr\/index.php\/wp-json\/wp\/v2\/types\/post"}],"author":[{"embeddable":true,"href":"https:\/\/snudifo37.fr\/index.php\/wp-json\/wp\/v2\/users\/1"}],"replies":[{"embeddable":true,"href":"https:\/\/snudifo37.fr\/index.php\/wp-json\/wp\/v2\/comments?post=3004"}],"version-history":[{"count":1,"href":"https:\/\/snudifo37.fr\/index.php\/wp-json\/wp\/v2\/posts\/3004\/revisions"}],"predecessor-version":[{"id":3007,"href":"https:\/\/snudifo37.fr\/index.php\/wp-json\/wp\/v2\/posts\/3004\/revisions\/3007"}],"wp:attachment":[{"href":"https:\/\/snudifo37.fr\/index.php\/wp-json\/wp\/v2\/media?parent=3004"}],"wp:term":[{"taxonomy":"category","embeddable":true,"href":"https:\/\/snudifo37.fr\/index.php\/wp-json\/wp\/v2\/categories?post=3004"},{"taxonomy":"post_tag","embeddable":true,"href":"https:\/\/snudifo37.fr\/index.php\/wp-json\/wp\/v2\/tags?post=3004"}],"curies":[{"name":"wp","href":"https:\/\/api.w.org\/{rel}","templated":true}]}}