{"id":2982,"date":"2020-12-08T08:45:05","date_gmt":"2020-12-08T07:45:05","guid":{"rendered":"https:\/\/snudifo37.fr\/?p=2982"},"modified":"2020-12-08T08:45:05","modified_gmt":"2020-12-08T07:45:05","slug":"un-cden-surprenant","status":"publish","type":"post","link":"https:\/\/snudifo37.fr\/index.php\/2020\/12\/08\/un-cden-surprenant\/","title":{"rendered":"Un CDEN surprenant&#8230;"},"content":{"rendered":"\n<p>Le Comit\u00e9 D\u00e9partemental de l&rsquo;Education Nationale (CDEN) s&rsquo;est r\u00e9uni hier soir en pr\u00e9sence de la pr\u00e9f\u00e8te et de l&rsquo;IA-DASEN pour le bilan de rentr\u00e9e dans les 1er et 2nd degr\u00e9s.<br>A notre grand \u00e9tonnement,\u00a0<strong>seule la FNEC FP-FO a vot\u00e9 contre les bilans de rentr\u00e9e de l&rsquo;IA-DASEN&#8230;<\/strong><\/p>\n\n\n\n<p>Rappelons qu&rsquo;en cette rentr\u00e9e, et ce malgr\u00e9 le contexte particulier et la situation chaotique dans les \u00e9coles,&nbsp;<strong>le Ministre a fait le choix de ne cr\u00e9er aucun poste<\/strong>&nbsp;mais par contre a pris l&rsquo;initiative d&rsquo;uberiser les enseignants en recrutant des contractuels pour 3 mois, conform\u00e9ment \u00e0 la Loi de Transformation de la Fonction Publique dont nous exigeons l&rsquo;abrogation.<\/p>\n\n\n\n<p>Pr\u00e9cisons que l&rsquo;IA-DASEN et l&rsquo;IEN ASH\/SEI nous ont r\u00e9pondu lors du CTSD du 24 novembre, qu&rsquo;en cette rentr\u00e9e, dans notre d\u00e9partement,<strong>&nbsp;169 \u00e9l\u00e8ves sont en attente de places en ULIS, 200 en attente de places d&rsquo;IME, 50 en attente de places en ITEP, des dizaines en attente de places en SEGPA&#8230;<\/strong><\/p>\n\n\n\n<p>Rien qu&rsquo;avec ce bilan ASH qui met en \u00e9vidence le fait que les \u00e9l\u00e8ves les plus fragiles sont d\u00e9laiss\u00e9s par l&rsquo;institution et laiss\u00e9s pour la plupart en classe ordinaire sans les soins auxquels ils peuvent pr\u00e9tendre,&nbsp;<strong>la FNEC FP-FO ne pouvait pas voter autrement que contre.&nbsp;<\/strong><\/p>\n<a class=\"synved-social-button synved-social-button-share synved-social-size-32 synved-social-resolution-single synved-social-provider-facebook nolightbox\" data-provider=\"facebook\" target=\"_blank\" rel=\"nofollow\" title=\"Faites le savoir \u00e0 vos amis via Facebook \" href=\"https:\/\/www.facebook.com\/sharer.php?u=https%3A%2F%2Fsnudifo37.fr%2Findex.php%2Fwp-json%2Fwp%2Fv2%2Fposts%2F2982&#038;t=Un%20CDEN%20surprenant%E2%80%A6&#038;s=100&#038;p&#091;url&#093;=https%3A%2F%2Fsnudifo37.fr%2Findex.php%2Fwp-json%2Fwp%2Fv2%2Fposts%2F2982&#038;p&#091;images&#093;&#091;0&#093;=&#038;p&#091;title&#093;=Un%20CDEN%20surprenant%E2%80%A6\" style=\"font-size: 0px;width:32px;height:32px;margin:0;margin-bottom:20px;margin-right:20px\"><img loading=\"lazy\" decoding=\"async\" alt=\"Facebook\" title=\"Faites le savoir \u00e0 vos amis via Facebook \" class=\"synved-share-image synved-social-image synved-social-image-share\" width=\"32\" height=\"32\" style=\"display: inline;width:32px;height:32px;margin: 0;padding: 0;border: none;box-shadow: none\" src=\"https:\/\/snudifo37.fr\/wp-content\/plugins\/social-media-feather\/synved-social\/image\/social\/regular\/64x64\/facebook.png\" \/><\/a><a class=\"synved-social-button synved-social-button-share synved-social-size-32 synved-social-resolution-single synved-social-provider-twitter nolightbox\" data-provider=\"twitter\" target=\"_blank\" rel=\"nofollow\" title=\"Informez-en vos amis via Twitter\" href=\"https:\/\/twitter.com\/intent\/tweet?url=https%3A%2F%2Fsnudifo37.fr%2Findex.php%2Fwp-json%2Fwp%2Fv2%2Fposts%2F2982&#038;text=Le%20Snudi-Fo%20vous%20informe%3A\" style=\"font-size: 0px;width:32px;height:32px;margin:0;margin-bottom:20px;margin-right:20px\"><img loading=\"lazy\" decoding=\"async\" alt=\"twitter\" title=\"Informez-en vos amis via Twitter\" class=\"synved-share-image synved-social-image synved-social-image-share\" width=\"32\" height=\"32\" style=\"display: inline;width:32px;height:32px;margin: 0;padding: 0;border: none;box-shadow: none\" src=\"https:\/\/snudifo37.fr\/wp-content\/plugins\/social-media-feather\/synved-social\/image\/social\/regular\/64x64\/twitter.png\" \/><\/a><a class=\"synved-social-button synved-social-button-share synved-social-size-32 synved-social-resolution-single synved-social-provider-mail nolightbox\" data-provider=\"mail\" rel=\"nofollow\" title=\"Les derni\u00e8res informations du Snudi-Fo 37\" href=\"mailto:?subject=Un%20CDEN%20surprenant%E2%80%A6&#038;body=Le%20Snudi-Fo%20vous%20informe%3A:%20https%3A%2F%2Fsnudifo37.fr%2Findex.php%2Fwp-json%2Fwp%2Fv2%2Fposts%2F2982\" style=\"font-size: 0px;width:32px;height:32px;margin:0;margin-bottom:20px\"><img loading=\"lazy\" decoding=\"async\" alt=\"mail\" title=\"Les derni\u00e8res informations du Snudi-Fo 37\" class=\"synved-share-image synved-social-image synved-social-image-share\" width=\"32\" height=\"32\" style=\"display: inline;width:32px;height:32px;margin: 0;padding: 0;border: none;box-shadow: none\" src=\"https:\/\/snudifo37.fr\/wp-content\/plugins\/social-media-feather\/synved-social\/image\/social\/regular\/64x64\/mail.png\" \/><\/a>","protected":false},"excerpt":{"rendered":"<p>Le Comit\u00e9 D\u00e9partemental de l&rsquo;Education Nationale (CDEN) s&rsquo;est r\u00e9uni hier soir en pr\u00e9sence de la pr\u00e9f\u00e8te et de l&rsquo;IA-DASEN pour le bilan de rentr\u00e9e dans les 1er et 2nd degr\u00e9s.<\/p>\n<p>A notre grand \u00e9tonnement, seule la FNEC FP-FO a vot\u00e9 contre les bilans de rentr\u00e9e de l&rsquo;IA-DASEN&#8230;<\/p>\n","protected":false},"author":1,"featured_media":0,"comment_status":"closed","ping_status":"closed","sticky":false,"template":"","format":"standard","meta":{"footnotes":""},"categories":[864,8],"tags":[150,231,211,265,378],"class_list":["post-2982","post","type-post","status-publish","format-standard","hentry","category-cden","category-instances","tag-150","tag-bilan-rentree","tag-cden","tag-ia-dasen","tag-rectrice"],"_links":{"self":[{"href":"https:\/\/snudifo37.fr\/index.php\/wp-json\/wp\/v2\/posts\/2982","targetHints":{"allow":["GET"]}}],"collection":[{"href":"https:\/\/snudifo37.fr\/index.php\/wp-json\/wp\/v2\/posts"}],"about":[{"href":"https:\/\/snudifo37.fr\/index.php\/wp-json\/wp\/v2\/types\/post"}],"author":[{"embeddable":true,"href":"https:\/\/snudifo37.fr\/index.php\/wp-json\/wp\/v2\/users\/1"}],"replies":[{"embeddable":true,"href":"https:\/\/snudifo37.fr\/index.php\/wp-json\/wp\/v2\/comments?post=2982"}],"version-history":[{"count":1,"href":"https:\/\/snudifo37.fr\/index.php\/wp-json\/wp\/v2\/posts\/2982\/revisions"}],"predecessor-version":[{"id":2983,"href":"https:\/\/snudifo37.fr\/index.php\/wp-json\/wp\/v2\/posts\/2982\/revisions\/2983"}],"wp:attachment":[{"href":"https:\/\/snudifo37.fr\/index.php\/wp-json\/wp\/v2\/media?parent=2982"}],"wp:term":[{"taxonomy":"category","embeddable":true,"href":"https:\/\/snudifo37.fr\/index.php\/wp-json\/wp\/v2\/categories?post=2982"},{"taxonomy":"post_tag","embeddable":true,"href":"https:\/\/snudifo37.fr\/index.php\/wp-json\/wp\/v2\/tags?post=2982"}],"curies":[{"name":"wp","href":"https:\/\/api.w.org\/{rel}","templated":true}]}}