{"id":2942,"date":"2020-11-30T22:16:22","date_gmt":"2020-11-30T21:16:22","guid":{"rendered":"https:\/\/snudifo37.fr\/?p=2942"},"modified":"2020-11-30T22:16:24","modified_gmt":"2020-11-30T21:16:24","slug":"des-contractuels-parachutes-dans-les-ecoles-sans-etude-des-situations","status":"publish","type":"post","link":"https:\/\/snudifo37.fr\/index.php\/2020\/11\/30\/des-contractuels-parachutes-dans-les-ecoles-sans-etude-des-situations\/","title":{"rendered":"Des contractuels parachut\u00e9s dans les \u00e9coles&#8230; sans \u00e9tude des situations !"},"content":{"rendered":"\n<p>Sans aucune anticipation et avec beaucoup de retard, le Ministre a fait le choix de recruter des milliers de professeurs des \u00e9coles contractuels pour pallier aux absences li\u00e9es \u00e0 la situation sanitaire et aux manques de rempla\u00e7ants.<\/p>\n\n\n\n<p>A vouloir imposer l&rsquo;affectation de ces&nbsp;coll\u00e8gues le plus souvent sans exp\u00e9rience sur les postes des enseignants absents pour ASA Covid et ce,&nbsp;quel que soit leur poste, la situation se complique encore dans les \u00e9coles !<\/p>\n\n\n\n<p>Comment comprendre que ces contractuels se retrouvent du jour au lendemain sur des postes difficiles tels que dans des \u00e9coles REP+ par exemple ou que l\u2019on d\u00e9stabilise des \u00e9coles en retirant des titulaires rempla\u00e7ants qui assuraient un m\u00eame remplacement depuis des semaines ?<\/p>\n\n\n\n<p>Un coll\u00e8gue en ASA covid en SEGPA ? un contractuel ! Un coll\u00e8gue en ASA covid en ULIS ? un contractuel ! Quel m\u00e9pris pour les enseignants et les \u00e9l\u00e8ves !<br><br>Le SNUDI-FO s&rsquo;adresse imm\u00e9diatement \u00e0 l&rsquo;IA-DASEN.<\/p>\n\n\n\n<p><strong>Nous invitons toutes les \u00e9coles concern\u00e9es par le recrutement d&rsquo;un contractuel&nbsp;\u00e0 nous le signaler afin que nous fassions le point sur la situation \u00e0&nbsp;<a href=\"mailto:fo-snudi@wanadoo.fr\" rel=\"noreferrer noopener\" target=\"_blank\">fo-snudi@wanadoo.fr<\/a><\/strong><\/p>\n<a class=\"synved-social-button synved-social-button-share synved-social-size-32 synved-social-resolution-single synved-social-provider-facebook nolightbox\" data-provider=\"facebook\" target=\"_blank\" rel=\"nofollow\" title=\"Faites le savoir \u00e0 vos amis via Facebook \" href=\"https:\/\/www.facebook.com\/sharer.php?u=https%3A%2F%2Fsnudifo37.fr%2Findex.php%2Fwp-json%2Fwp%2Fv2%2Fposts%2F2942&#038;t=Des%20contractuels%20parachut%C3%A9s%20dans%20les%20%C3%A9coles%E2%80%A6%20sans%20%C3%A9tude%20des%20situations%20%21&#038;s=100&#038;p&#091;url&#093;=https%3A%2F%2Fsnudifo37.fr%2Findex.php%2Fwp-json%2Fwp%2Fv2%2Fposts%2F2942&#038;p&#091;images&#093;&#091;0&#093;=https%3A%2F%2Fsnudifo37.fr%2Fwp-content%2Fuploads%2F2020%2F03%2Frempla%C3%A7ant2.jpg&#038;p&#091;title&#093;=Des%20contractuels%20parachut%C3%A9s%20dans%20les%20%C3%A9coles%E2%80%A6%20sans%20%C3%A9tude%20des%20situations%20%21\" style=\"font-size: 0px;width:32px;height:32px;margin:0;margin-bottom:20px;margin-right:20px\"><img loading=\"lazy\" decoding=\"async\" alt=\"Facebook\" title=\"Faites le savoir \u00e0 vos amis via Facebook \" class=\"synved-share-image synved-social-image synved-social-image-share\" width=\"32\" height=\"32\" style=\"display: inline;width:32px;height:32px;margin: 0;padding: 0;border: none;box-shadow: none\" src=\"https:\/\/snudifo37.fr\/wp-content\/plugins\/social-media-feather\/synved-social\/image\/social\/regular\/64x64\/facebook.png\" \/><\/a><a class=\"synved-social-button synved-social-button-share synved-social-size-32 synved-social-resolution-single synved-social-provider-twitter nolightbox\" data-provider=\"twitter\" target=\"_blank\" rel=\"nofollow\" title=\"Informez-en vos amis via Twitter\" href=\"https:\/\/twitter.com\/intent\/tweet?url=https%3A%2F%2Fsnudifo37.fr%2Findex.php%2Fwp-json%2Fwp%2Fv2%2Fposts%2F2942&#038;text=Le%20Snudi-Fo%20vous%20informe%3A\" style=\"font-size: 0px;width:32px;height:32px;margin:0;margin-bottom:20px;margin-right:20px\"><img loading=\"lazy\" decoding=\"async\" alt=\"twitter\" title=\"Informez-en vos amis via Twitter\" class=\"synved-share-image synved-social-image synved-social-image-share\" width=\"32\" height=\"32\" style=\"display: inline;width:32px;height:32px;margin: 0;padding: 0;border: none;box-shadow: none\" src=\"https:\/\/snudifo37.fr\/wp-content\/plugins\/social-media-feather\/synved-social\/image\/social\/regular\/64x64\/twitter.png\" \/><\/a><a class=\"synved-social-button synved-social-button-share synved-social-size-32 synved-social-resolution-single synved-social-provider-mail nolightbox\" data-provider=\"mail\" rel=\"nofollow\" title=\"Les derni\u00e8res informations du Snudi-Fo 37\" href=\"mailto:?subject=Des%20contractuels%20parachut%C3%A9s%20dans%20les%20%C3%A9coles%E2%80%A6%20sans%20%C3%A9tude%20des%20situations%20%21&#038;body=Le%20Snudi-Fo%20vous%20informe%3A:%20https%3A%2F%2Fsnudifo37.fr%2Findex.php%2Fwp-json%2Fwp%2Fv2%2Fposts%2F2942\" style=\"font-size: 0px;width:32px;height:32px;margin:0;margin-bottom:20px\"><img loading=\"lazy\" decoding=\"async\" alt=\"mail\" title=\"Les derni\u00e8res informations du Snudi-Fo 37\" class=\"synved-share-image synved-social-image synved-social-image-share\" width=\"32\" height=\"32\" style=\"display: inline;width:32px;height:32px;margin: 0;padding: 0;border: none;box-shadow: none\" src=\"https:\/\/snudifo37.fr\/wp-content\/plugins\/social-media-feather\/synved-social\/image\/social\/regular\/64x64\/mail.png\" \/><\/a>","protected":false},"excerpt":{"rendered":"<p>Sans aucune anticipation et avec beaucoup de retard, le Ministre a fait le choix de recruter des milliers de professeurs des \u00e9coles contractuels pour pallier aux absences li\u00e9es \u00e0 la situation sanitaire et aux manques de rempla\u00e7ants.<\/p>\n","protected":false},"author":1,"featured_media":1888,"comment_status":"closed","ping_status":"closed","sticky":false,"template":"","format":"standard","meta":{"footnotes":""},"categories":[7],"tags":[150,636,451,519,163,123],"class_list":["post-2942","post","type-post","status-publish","format-standard","has-post-thumbnail","hentry","category-syndicat","tag-150","tag-asa","tag-contractuels","tag-covid-19","tag-remplacements","tag-remplacants"],"_links":{"self":[{"href":"https:\/\/snudifo37.fr\/index.php\/wp-json\/wp\/v2\/posts\/2942","targetHints":{"allow":["GET"]}}],"collection":[{"href":"https:\/\/snudifo37.fr\/index.php\/wp-json\/wp\/v2\/posts"}],"about":[{"href":"https:\/\/snudifo37.fr\/index.php\/wp-json\/wp\/v2\/types\/post"}],"author":[{"embeddable":true,"href":"https:\/\/snudifo37.fr\/index.php\/wp-json\/wp\/v2\/users\/1"}],"replies":[{"embeddable":true,"href":"https:\/\/snudifo37.fr\/index.php\/wp-json\/wp\/v2\/comments?post=2942"}],"version-history":[{"count":1,"href":"https:\/\/snudifo37.fr\/index.php\/wp-json\/wp\/v2\/posts\/2942\/revisions"}],"predecessor-version":[{"id":2943,"href":"https:\/\/snudifo37.fr\/index.php\/wp-json\/wp\/v2\/posts\/2942\/revisions\/2943"}],"wp:featuredmedia":[{"embeddable":true,"href":"https:\/\/snudifo37.fr\/index.php\/wp-json\/wp\/v2\/media\/1888"}],"wp:attachment":[{"href":"https:\/\/snudifo37.fr\/index.php\/wp-json\/wp\/v2\/media?parent=2942"}],"wp:term":[{"taxonomy":"category","embeddable":true,"href":"https:\/\/snudifo37.fr\/index.php\/wp-json\/wp\/v2\/categories?post=2942"},{"taxonomy":"post_tag","embeddable":true,"href":"https:\/\/snudifo37.fr\/index.php\/wp-json\/wp\/v2\/tags?post=2942"}],"curies":[{"name":"wp","href":"https:\/\/api.w.org\/{rel}","templated":true}]}}