{"id":2901,"date":"2020-11-25T09:37:28","date_gmt":"2020-11-25T08:37:28","guid":{"rendered":"https:\/\/snudifo37.fr\/?p=2901"},"modified":"2020-11-25T09:37:29","modified_gmt":"2020-11-25T08:37:29","slug":"un-ctsd-sous-tension","status":"publish","type":"post","link":"https:\/\/snudifo37.fr\/index.php\/2020\/11\/25\/un-ctsd-sous-tension\/","title":{"rendered":"Un CTSD sous tension !"},"content":{"rendered":"\n<h3 class=\"wp-block-heading\">Le CTSD s&rsquo;est r\u00e9uni pendant 4h30 ce jour en visio-conf\u00e9rence.<\/h3>\n\n\n\n<p><strong>La FNEC FP-FO avait demand\u00e9 la tenue en pr\u00e9sentiel. <\/strong>Comment comprendre que, pendant que les personnels sont dans les \u00e9coles, l&rsquo;IA-DASEN convoque ses r\u00e9unions en visio\u2026 ?<\/p>\n\n\n\n<p>La FNEC FP-FO \u00e9tait repr\u00e9sent\u00e9e par J\u00e9r\u00f4me Th\u00e9baut, Julien Giraudier et Baptiste Duc et est imm\u00e9diatement entr\u00e9e dans la r\u00e9union en abordant les sujets brulants du moment : coll\u00e8gues \u00e0 80% \u00e0 qui l&rsquo;IA-DASEN impose des remplacements, constellations, \u2026. <strong>Le SNUDI-FO remplit ses mandats : prenez connaissance de notre d\u00e9claration ci-dessous !<\/strong><br>Voici un bref compte-rendu. Nous y reviendrons pour une version plus d\u00e9taill\u00e9e prochainement.<\/p>\n\n\n\n<p><strong><span class=\"has-inline-color has-vivid-red-color\">Nous avons mis au c\u0153ur de la r\u00e9union la recherche de l&rsquo;action commune : 3 avis FO vot\u00e9s unanimement par FO, FSU, CGT et UNSA<\/span><\/strong><\/p>\n\n\n\n<h3 class=\"wp-block-heading\">Coll\u00e8gues \u00e0 80% compl\u00e9t\u00e9s par des PES<\/h3>\n\n\n\n<p>Le SNUDI-FO accompagne les coll\u00e8gues concern\u00e9s dans leurs recours depuis jeudi dernier et est intervenu \u00e0 tous les niveaux dont le Minist\u00e8re pour que l&rsquo;IA-DASEN respecte sa circulaire mouvement.<br>Vu l&rsquo;urgence de la situation et le blocage, nous avons pris nos responsabilit\u00e9s en d\u00e9posant un avis.<\/p>\n\n\n\n<ul class=\"wp-block-list\"><li><strong>Avis d\u00e9pos\u00e9 par la FNEC-FP FO : <\/strong>\u00ab\u00a0<em>Le CTSD se prononce pour que les coll\u00e8gues travaillant \u00e0 80% compl\u00e9t\u00e9s par des PES travaillent les jours suppl\u00e9mentaires dus au sein de leur classe et que les PES soient en surnombre.<\/em>\u00ab\u00a0<\/li><\/ul>\n\n\n\n<ul class=\"wp-block-list\"><li><strong>Pour :<\/strong> 10 (FO, FSU, UNSA, CGT) <\/li><li><strong>Contre<\/strong> : &#8211; <\/li><li><strong>Abstention<\/strong> : &#8211;<\/li><\/ul>\n\n\n\n<h3 class=\"wp-block-heading\">Constellations ! L&rsquo;IA-DASEN maintiendra son dispositif !<\/h3>\n\n\n\n<p>Alors que dans d&rsquo;autres d\u00e9partements, le dispositif est suspendu, l&rsquo;IA-DASEN dit maintenir la totalit\u00e9 de la formation, celle-ci \u00e9tant \u00ab\u00a0<em>une priorit\u00e9 nationale.<\/em>\u00a0\u00bb Face \u00e0 la pression et \u00e0 notre opposition, il a d\u00e9clar\u00e9 r\u00e9fl\u00e9chir \u00e0 un ajustement \u2026 <strong>Pour FO, il faut obtenir le retrait d\u00e9finitif.<\/strong> Dans l&rsquo;attente, nous verrons s&rsquo;il y a un recul ne serait-ce que partiel.<\/p>\n\n\n\n<p>Notons au passage que <strong>nous avons eu la confirmation par l&rsquo;administration de ce que nous affirmions depuis le mois de juin<\/strong>: <strong><span class=\"has-inline-color has-vivid-red-color\">les visites de pairs dans les classes accompagnant les CPC sont bien pr\u00e9vues dans les constellations !<\/span><\/strong> Mais elles seraient laiss\u00e9es de c\u00f4t\u00e9 cette ann\u00e9e. L&rsquo;ann\u00e9e prochaine par contre&#8230;<\/p>\n\n\n\n<ul class=\"wp-block-list\"><li><strong>Avis d\u00e9pos\u00e9 par la FNEC-FP FO : <\/strong>\u00ab <em>Le CTSD consid\u00e9rant l&rsquo;impact sur les conditions de travail des enseignants de la mise en place de la r\u00e9forme de la formation qui impose un suivi par constellations demande la suspension de ce dispositif.<\/em>\u00bb<\/li><\/ul>\n\n\n\n<ul class=\"wp-block-list\"><li><strong>Pour :<\/strong> 10 (FO, FSU, UNSA, CGT) <\/li><li><strong>Contre :<\/strong> &#8211; <\/li><li><strong>Abstention :<\/strong> &#8211;<\/li><\/ul>\n\n\n\n<h3 class=\"wp-block-heading\">Signalement d&rsquo;un danger grave et imminent, l&rsquo;IA-DASEN refuse de r\u00e9unir un CHSCT-D extraordinaire !<\/h3>\n\n\n\n<p>Alors que le SNUDI-FO a mis en \u00e9vidence des dysfonctionnements dans la gestion d&rsquo;une situation dangereuse dans une \u00e9cole de Tours, nous nous f\u00e9licitons que toutes les organisations syndicales se sont ralli\u00e9es \u00e0 notre position en votant notre avis.<\/p>\n\n\n\n<ul class=\"wp-block-list\"><li><strong>Avis d\u00e9pos\u00e9 par la FNEC-FP FO<\/strong> : \u00ab <em>Le CTSD demande qu\u2019une enqu\u00eate du CHSCT-D ait lieu sur le signalement d&rsquo;un danger grave et imminent fait par le d\u00e9l\u00e9gu\u00e9 FO au CHSCT-A pour les personnels de l\u2019\u00e9cole maternelle Croix Pasquier de Tours. <\/em>\u00bb<\/li><\/ul>\n\n\n\n<ul class=\"wp-block-list\"><li><strong>Pour : <\/strong>10 (FO, FSU, UNSA, CGT) <\/li><li><strong>Contre <\/strong>: &#8211;<\/li><li><strong>Abstention <\/strong>: &#8211;<\/li><\/ul>\n\n\n\n<h3 class=\"wp-block-heading\">D\u00e9claration des d\u00e9l\u00e9gu\u00e9s FO au CTSD<\/h3>\n\n\n\n<p>Monsieur l\u2019Inspecteur d\u2019Acad\u00e9mie,<\/p>\n\n\n\n<p>En pr\u00e9alable \u00e0 notre d\u00e9claration, nous nous \u00e9levons contre votre d\u00e9cision d\u2019imposer aux coll\u00e8gues \u00e0 80%, titulaires de leur poste, et compl\u00e9t\u00e9s par des PES de devenir rempla\u00e7ants durant 7 jours !<br>Vous allez contre ce que vous avez stipul\u00e9 et sign\u00e9 dans votre circulaire d\u00e9partementale, signe de m\u00e9pris sans pr\u00e9c\u00e9dent contre les enseignants du d\u00e9partement !<\/p>\n\n\n\n<p>Par ailleurs, une grande majorit\u00e9 de ces coll\u00e8gues concern\u00e9s sont des femmes avec de jeunes enfants qui subissent une perte de salaire \u00e0 temps partiel pour les \u00e9lever et qui passent d\u00e9j\u00e0 \u00e9norm\u00e9ment de temps pour la liaison avec les stagiaires qui les compl\u00e8tent.<\/p>\n\n\n\n<p>Certaines d\u2019entre elles sont directrices d\u2019\u00e9cole et vous leur imposez \u00e9galement de partir 7 jours en missions de remplacement !<br>Est-ce cela la reconnaissance de la difficult\u00e9 des missions de direction ?<\/p>\n\n\n\n<p>Est-ce comme cela que vous reconnaissez la continuit\u00e9 de l\u2019Ecole dans cette p\u00e9riode de confinement ?<\/p>\n\n\n\n<p>Nous exigeons l\u2019annulation de cette d\u00e9cision et d\u00e9poserons l\u2019avis suivant : \u00ab Le CTSD se prononce pour le respect de la circulaire mouvement 2020 et donc que les coll\u00e8gues travaillant \u00e0 80% compl\u00e9t\u00e9s par des PES travaillent les jours suppl\u00e9mentaires d\u00fbs au sein de leur classe et que les PES soient en surnombre. \u00bb<\/p>\n\n\n\n<p>Ce CTSD de bilan de rentr\u00e9e se tient dans un contexte particulier avec les scandales qui se succ\u00e8dent dans notre Minist\u00e8re : apr\u00e8s le protocole inapplicable, les masques toxiques, l\u2019hommage \u00e0 Samuel Paty impos\u00e9 puis annul\u00e9 \u00e0 la derni\u00e8re minute, l\u2019absence de protection fonctionnelle pour ce coll\u00e8gue assassin\u00e9 &#8211; et j\u2019en oublie &#8211; voici venue l\u2019affaire du syndicat de lyc\u00e9ens artificiel du Ministre Blanquer tentant d\u00e9sesp\u00e9r\u00e9ment de simuler un soutien \u00e0 sa politique rejet\u00e9e des \u00e9l\u00e8ves et des personnels ! Le Rectorat d\u2019Orl\u00e9ans-Tours semblerait bien inform\u00e9 des faits, selon la presse nationale\u2026<\/p>\n\n\n\n<p>Jusqu\u2019o\u00f9 iront les trucages et mensonges de ce gouvernement qui remet en cause les libert\u00e9s fondamentales les unes apr\u00e8s les autres pour passer en force sur tous ses projets destructeurs ?<\/p>\n\n\n\n<p>Ce gouvernement aux abois est loin de mesurer la col\u00e8re qui monte de partout et notamment dans les \u00e9tablissements scolaires, confinement ou pas.<\/p>\n\n\n\n<p>Les personnels constatent que les conditions de travail sont toujours plus intenables et inacceptables avec un salaire toujours plus faible par rapport au co\u00fbt de la vie et ce malgr\u00e9 le soi-disant formidable PPCR dont chacun mesure \u00e0 quel point il a revaloris\u00e9 nos carri\u00e8res.<br>D\u2019ailleurs, dans le cadre de son Grenelle qu\u2019il \u00e9voque avec fiert\u00e9 dans les m\u00e9dias, notre Ministre ne \u00ab revalorise \u00bb que les d\u00e9buts de carri\u00e8re des enseignants &#8211; actuellement non loin du SMIC -mais rien pour les 2\/3 d\u2019entre eux et ni pour les autres personnels : AESH, administratifs\u2026<\/p>\n\n\n\n<p>Par contre, il envisage, \u00e0 l\u2019image des Ministres Peillon, Vallaud Belkacem et Hamon, de s\u2019attaquer violemment \u00e0 nos statuts en mettant notamment en place l\u2019accompagnement obligatoire de tous les personnels inscrit dans PPCR (comme l\u2019a confirm\u00e9 le DGRH) dont un \u00e9chantillon aujourd\u2019hui est la formation par constellations rejet\u00e9e par les personnels qui ont compris qu\u2019il n\u2019est pas question de p\u00e9dagogie mais bien de statut.<\/p>\n\n\n\n<p>A cette modification, le Ministre pr\u00e9voit d\u2019ajouter la fusion des corps des inspecteurs, le statut de directeur d\u2019\u00e9cole qui y est li\u00e9, un 4\u00e8m RDV de carri\u00e8re avec \u00e9valuation par les pairs, la mont\u00e9e en puissance de la gestion par les RH de proximit\u00e9 et autres contreparties inacceptables \u00e0 la pseudo revalorisation\u2026<\/p>\n\n\n\n<p>La FNEC FP-FO ne cautionnera pas ce jeu de dupes et rendra compte de ce qui se joue dans tous les groupes de travail minist\u00e9riels qu\u2019ils soient dans le cadre du Grenelle ou de l\u2019Agenda social.<\/p>\n\n\n\n<p>Avec les injonctions contradictoires et un protocole toujours aussi irr\u00e9alisable, les personnels sont \u00e9puis\u00e9s, \u00e9coeur\u00e9s du m\u00e9pris incessant\u2026<br>Vous avez fait le choix de maintenir les formations par constellations contre la demande des personnels ; cela ne fait qu\u2019accentuer cette fatigue.<\/p>\n\n\n\n<p>Des coll\u00e8gues nous alertent sur les cons\u00e9quences sur leur \u00e9tat de sant\u00e9.<br>Nous vous alertons \u00e0 notre tour aujourd\u2019hui solennellement et exigeons d\u2019\u00eatre entendus : ces formations &#8211; dans le cadre du nouveau management, qui ressemble \u00e9trangement \u00e0 celui de France Telecom, dont tout le monde a entendu parler \u2013 doivent \u00eatre arr\u00eat\u00e9es !<\/p>\n\n\n\n<p>Nous soumettrons l\u2019avis suivant \u00e0 ce CTSD : \u00ab <em>le CTSD consid\u00e9rant l&rsquo;impact sur les conditions de travail des enseignants de la mise en place de la r\u00e9forme de la formation qui impose un suivi par constellations demande la suspension de ce dispositif et le retour \u00e0 un libre choix de la formation continue sur temps de travail et des animations p\u00e9dagogiques. <\/em>\u00bb<\/p>\n\n\n\n<p>Par ailleurs, suite \u00e0 la demande intersyndicale avec la FCPE de recrutement massif de postes le Ministre a enfin pris conscience du manque de personnels dans les \u00e9tablissements scolaires. Nous avons appris le recrutement d\u2019AED et de 221 contractuels 1er degr\u00e9 pour 3 mois. La FNEC FP-FO s\u2019oppose aux contrats kleenex.<\/p>\n\n\n\n<p>C\u2019est pourquoi nous d\u00e9poserons l\u2019avis suivant :\u00ab <em>Le CTSD demande le recrutement des personnels de toutes les cat\u00e9gories pour faire face aux besoins criant dans les \u00e9tablissements scolaires. Il demande que les enseignants contractuels recrut\u00e9s soient int\u00e9gr\u00e9s en qualit\u00e9 de professeur des \u00e9coles stagiaires au terme de leur contrat.<\/em> \u00bb<\/p>\n\n\n\n<p>De ce point de vue que r\u00e9pondez-vous aux demandes qui vous ont \u00e9t\u00e9 adress\u00e9es par lettre p\u00e9tition par les personnels du Coll\u00e8ge Malraux d&rsquo;Amboise demandant le recrutement de 2 AED et le remplacement imm\u00e9diat de tous les personnels absents?,<br>Que r\u00e9pondez-vous aux demandes de 3 AED suppl\u00e9mentaires au coll\u00e8ge Choiseul d&rsquo;Amboise?<br>Les personnels sont pr\u00eats, partout \u00e0 se mobiliser pour obtenir gain de cause.<\/p>\n\n\n\n<p>Pour finir, nous d\u00e9non\u00e7ons le fait, qu\u2019un mois apr\u00e8s l&rsquo;assassinat de Samuel Paty, vous refusez de convoquer un CHSCT-D\u00e9partemental extraordinaire suite \u00e0 un signalement d&rsquo;un danger grave et imminent pour les personnels d\u2019une \u00e9cole du d\u00e9partement. Nous d\u00e9poserons pour finir l\u2019avis suivant :<\/p>\n\n\n\n<p>\u00ab <em>Le CTSD demande qu\u2019une enqu\u00eate du CHSCT-D ait lieu sur le signalement d&rsquo;un danger grave et imminent fait par le d\u00e9l\u00e9gu\u00e9 FO au CHSCT-A pour les personnels de l\u2019\u00e9cole maternelle Croix Pasquier de Tours.<\/em> \u00bb<\/p>\n<a class=\"synved-social-button synved-social-button-share synved-social-size-32 synved-social-resolution-single synved-social-provider-facebook nolightbox\" data-provider=\"facebook\" target=\"_blank\" rel=\"nofollow\" title=\"Faites le savoir \u00e0 vos amis via Facebook \" href=\"https:\/\/www.facebook.com\/sharer.php?u=https%3A%2F%2Fsnudifo37.fr%2Findex.php%2Fwp-json%2Fwp%2Fv2%2Fposts%2F2901&#038;t=Un%20CTSD%20sous%20tension%20%21&#038;s=100&#038;p&#091;url&#093;=https%3A%2F%2Fsnudifo37.fr%2Findex.php%2Fwp-json%2Fwp%2Fv2%2Fposts%2F2901&#038;p&#091;images&#093;&#091;0&#093;=https%3A%2F%2Fsnudifo37.fr%2Fwp-content%2Fuploads%2F2019%2F05%2FCTSD.png&#038;p&#091;title&#093;=Un%20CTSD%20sous%20tension%20%21\" style=\"font-size: 0px;width:32px;height:32px;margin:0;margin-bottom:20px;margin-right:20px\"><img loading=\"lazy\" decoding=\"async\" alt=\"Facebook\" title=\"Faites le savoir \u00e0 vos amis via Facebook \" class=\"synved-share-image synved-social-image synved-social-image-share\" width=\"32\" height=\"32\" style=\"display: inline;width:32px;height:32px;margin: 0;padding: 0;border: none;box-shadow: none\" src=\"https:\/\/snudifo37.fr\/wp-content\/plugins\/social-media-feather\/synved-social\/image\/social\/regular\/64x64\/facebook.png\" \/><\/a><a class=\"synved-social-button synved-social-button-share synved-social-size-32 synved-social-resolution-single synved-social-provider-twitter nolightbox\" data-provider=\"twitter\" target=\"_blank\" rel=\"nofollow\" title=\"Informez-en vos amis via Twitter\" href=\"https:\/\/twitter.com\/intent\/tweet?url=https%3A%2F%2Fsnudifo37.fr%2Findex.php%2Fwp-json%2Fwp%2Fv2%2Fposts%2F2901&#038;text=Le%20Snudi-Fo%20vous%20informe%3A\" style=\"font-size: 0px;width:32px;height:32px;margin:0;margin-bottom:20px;margin-right:20px\"><img loading=\"lazy\" decoding=\"async\" alt=\"twitter\" title=\"Informez-en vos amis via Twitter\" class=\"synved-share-image synved-social-image synved-social-image-share\" width=\"32\" height=\"32\" style=\"display: inline;width:32px;height:32px;margin: 0;padding: 0;border: none;box-shadow: none\" src=\"https:\/\/snudifo37.fr\/wp-content\/plugins\/social-media-feather\/synved-social\/image\/social\/regular\/64x64\/twitter.png\" \/><\/a><a class=\"synved-social-button synved-social-button-share synved-social-size-32 synved-social-resolution-single synved-social-provider-mail nolightbox\" data-provider=\"mail\" rel=\"nofollow\" title=\"Les derni\u00e8res informations du Snudi-Fo 37\" href=\"mailto:?subject=Un%20CTSD%20sous%20tension%20%21&#038;body=Le%20Snudi-Fo%20vous%20informe%3A:%20https%3A%2F%2Fsnudifo37.fr%2Findex.php%2Fwp-json%2Fwp%2Fv2%2Fposts%2F2901\" style=\"font-size: 0px;width:32px;height:32px;margin:0;margin-bottom:20px\"><img loading=\"lazy\" decoding=\"async\" alt=\"mail\" title=\"Les derni\u00e8res informations du Snudi-Fo 37\" class=\"synved-share-image synved-social-image synved-social-image-share\" width=\"32\" height=\"32\" style=\"display: inline;width:32px;height:32px;margin: 0;padding: 0;border: none;box-shadow: none\" src=\"https:\/\/snudifo37.fr\/wp-content\/plugins\/social-media-feather\/synved-social\/image\/social\/regular\/64x64\/mail.png\" \/><\/a>","protected":false},"excerpt":{"rendered":"<p>Apr\u00e8s avoir camp\u00e9 sur ses positions pendant une grande partie de la r\u00e9union concernant nos revendications, l&rsquo;IA-DASEN, sous pression, dit finalement se laisser du temps pour r\u00e9fl\u00e9chir &#8230;<\/p>\n","protected":false},"author":1,"featured_media":289,"comment_status":"closed","ping_status":"closed","sticky":false,"template":"","format":"standard","meta":{"footnotes":""},"categories":[10,8],"tags":[839,573,114,786,726,82,617,64,265,16,112,428,404,846],"class_list":["post-2901","post","type-post","status-publish","format-standard","has-post-thumbnail","hentry","category-csa","category-instances","tag-839","tag-avis","tag-chsct-d","tag-constellation","tag-constellations","tag-ctsd","tag-danger-grave-et-imminent","tag-declaration","tag-ia-dasen","tag-instances","tag-pes","tag-reunion","tag-temps-partiels","tag-visioconference"],"_links":{"self":[{"href":"https:\/\/snudifo37.fr\/index.php\/wp-json\/wp\/v2\/posts\/2901","targetHints":{"allow":["GET"]}}],"collection":[{"href":"https:\/\/snudifo37.fr\/index.php\/wp-json\/wp\/v2\/posts"}],"about":[{"href":"https:\/\/snudifo37.fr\/index.php\/wp-json\/wp\/v2\/types\/post"}],"author":[{"embeddable":true,"href":"https:\/\/snudifo37.fr\/index.php\/wp-json\/wp\/v2\/users\/1"}],"replies":[{"embeddable":true,"href":"https:\/\/snudifo37.fr\/index.php\/wp-json\/wp\/v2\/comments?post=2901"}],"version-history":[{"count":1,"href":"https:\/\/snudifo37.fr\/index.php\/wp-json\/wp\/v2\/posts\/2901\/revisions"}],"predecessor-version":[{"id":2902,"href":"https:\/\/snudifo37.fr\/index.php\/wp-json\/wp\/v2\/posts\/2901\/revisions\/2902"}],"wp:featuredmedia":[{"embeddable":true,"href":"https:\/\/snudifo37.fr\/index.php\/wp-json\/wp\/v2\/media\/289"}],"wp:attachment":[{"href":"https:\/\/snudifo37.fr\/index.php\/wp-json\/wp\/v2\/media?parent=2901"}],"wp:term":[{"taxonomy":"category","embeddable":true,"href":"https:\/\/snudifo37.fr\/index.php\/wp-json\/wp\/v2\/categories?post=2901"},{"taxonomy":"post_tag","embeddable":true,"href":"https:\/\/snudifo37.fr\/index.php\/wp-json\/wp\/v2\/tags?post=2901"}],"curies":[{"name":"wp","href":"https:\/\/api.w.org\/{rel}","templated":true}]}}