{"id":2857,"date":"2020-11-17T09:22:17","date_gmt":"2020-11-17T08:22:17","guid":{"rendered":"https:\/\/snudifo37.fr\/?p=2857"},"modified":"2020-11-17T09:27:16","modified_gmt":"2020-11-17T08:27:16","slug":"compte-rendu-de-laudience-grenelle-avec-le-ministre-blanquer-le-16-novembre-2020","status":"publish","type":"post","link":"https:\/\/snudifo37.fr\/index.php\/2020\/11\/17\/compte-rendu-de-laudience-grenelle-avec-le-ministre-blanquer-le-16-novembre-2020\/","title":{"rendered":"Compte rendu de l\u2019audience \u00ab Grenelle \u00bb avec le ministre Blanquer, le 16 novembre 2020"},"content":{"rendered":"\n<p>D\u00e9claration de la FNEC FP-FO : Monsieur le ministre, vous pr\u00e9tendez \u00ab revaloriser \u00bb les personnels. Nous vous avons d\u00e9j\u00e0 fait part de l\u2019indignation des agents \u00e0 la lecture des 4 scenarii du Grenelle qui excluaient d\u2019ailleurs la plupart des personnels de toute revalorisation : pour la plupart d\u2019entre eux, la \u00ab revalorisation \u00bb, ce sera 0 euros ! Rien par exemple pour les personnels administratifs de cat\u00e9gorie c qui en d\u00e9but de carri\u00e8re ont un salaire inf\u00e9rieur au SMIC ! Rien pour les personnels m\u00e9dico-sociaux ! Rien pour les AESH ! Ce n\u2019est pas acceptable !<\/p>\n\n\n\n<p>L\u2019enveloppe budg\u00e9taire est de 400 millions pour 2021. Elle est \u00e0 mettre en relation avec les 183\u20ac net d\u2019augmentation indiciaire obtenus par la mobilisation des personnels hospitaliers soit une hausse du budget pour leur r\u00e9mun\u00e9ration de 7,5 milliards.<\/p>\n\n\n\n<p>Vous avez expliqu\u00e9 que 2021 ne serait que la premi\u00e8re \u00e9tape de la revalorisation, mais, Monsieur le Ministre, c\u2019est maintenant qu\u2019il faut augmenter les salaires ! Pour tous les personnels !<\/p>\n\n\n\n<p>De plus, vous avez \u00e9crit : \u00ab <em>il faut rappeler que l\u2019un des objectifs du GRENELLE de l\u2019EDUCATION est de transformer en profondeur la GRH du MENJS pour d\u00e9velopper notamment une gestion de proximit\u00e9\u2026<\/em> \u00bb. (Document 2 du GT 11 parcours professionnels et gestion de proximit\u00e9).<\/p>\n\n\n\n<p>Les pi\u00e8ces du puzzle se coordonnent (parcours professionnels et gestion de proximit\u00e9, accompagnement PPCR, Formation continue, RH de proximit\u00e9, Loi Rilhac, fusion des corps d\u2019inspection\u2026) pour s\u2019en prendre au statut.<\/p>\n\n\n\n<p>Toutes les propositions pr\u00e9sent\u00e9es s\u2019articulent pour remettre en cause les statuts particuliers ainsi que les droits qui s\u2019y rattachent pour y substituer un non-droit local o\u00f9 la carri\u00e8re des agents est \u00ab <em>manag\u00e9e <\/em>\u00bb par un \u00ab <em>accompagnement individuel et collectif<\/em> \u00bb, des formations formatage impos\u00e9es, sous la houlette de RH de proximit\u00e9, v\u00e9ritable DRH d\u2019une \u00c9cole territorialis\u00e9e.<\/p>\n\n\n\n<p>Monsieur le Ministre, il est urgent de prendre la mesure de la col\u00e8re des personnels et de r\u00e9pondre \u00e0 leurs revendications.<\/p>\n\n\n\n<ul class=\"wp-block-list\"><li>Il faut ouvrir une n\u00e9gociation en vue d\u2019un rattrapage des pertes dues au gel de la valeur du point d\u2019indice, sans contrepartie. La FNEC FP-FO demande l\u2019attribution imm\u00e9diate de 49 points d\u2019indice, soit 183\u20ac, pour tous les personnels<\/li><li>d\u00e9cision nationale de restitution imm\u00e9diate de l\u2019indemnit\u00e9 ZEP en lyc\u00e9e !<\/li><li>Abandon de toutes les r\u00e9formes qui remettent en cause les statuts et l\u2019Ecole publique !<\/li><li>Un vrai statut et un vrai salaire pour les AESH !<\/li><li>Arr\u00eat de la r\u00e9pression antisyndicale, lev\u00e9e des sanctions prises \u00e0 l\u2019encontre de nos coll\u00e8gues de Melle !<\/li><li>enfin il y a urgence \u00e0 donner les moyens aux personnels pour faire face \u00e0 la crise sanitaire, par la cr\u00e9ation urgente et massive de postes<\/li><\/ul>\n\n\n\n<p>En effet, malgr\u00e9 l\u2019\u00e9tat d\u2019urgence, ce 10 novembre, des milliers de personnels ont fait gr\u00e8ve et particip\u00e9 aux rassemblements dans toute la France.<\/p>\n\n\n\n<p>Ce mouvement de gr\u00e8ve qui a commenc\u00e9 d\u00e8s le 2 novembre exprime le ras-le-bol des personnels face \u00e0 des conditions de travail disloqu\u00e9es, face \u00e0 l\u2019absence de mesures prises par le gouvernement de prot\u00e9ger les personnels et les \u00e9l\u00e8ves.<\/p>\n\n\n\n<p>Vos derni\u00e8res annonces Monsieur le Ministre ne r\u00e8glent absolument rien.<\/p>\n\n\n\n<p>Le plan de continuit\u00e9 p\u00e9dagogique se fait \u00e0 budget constant. 6 000 services civiques seraient embauch\u00e9s. Est-ce la r\u00e9ponse aux inqui\u00e9tudes l\u00e9gitimes des personnels, des parents et des \u00e9l\u00e8ves ? Vous avez annonc\u00e9 par voie de presse que les remplacements des enseignants absents seraient assur\u00e9s. Mais o\u00f9 sont les postes pour pouvoir assurer ces remplacements et baisser les effectifs dans les classes ? Un enseignement \u00e0 distance, ce n\u2019est pas de l\u2019enseignement. Un enseignement en pr\u00e9sentiel \u00e0 mi-temps, c\u2019est un enseignement d\u00e9grad\u00e9, des programmes amput\u00e9s. Est-ce une r\u00e9ponse \u00e0 la hauteur des enjeux, \u00e0 savoir donner \u00e0 tous les enfants de ce pays l\u2019acc\u00e8s aux apprentissages \u00e0 \u00e9galit\u00e9 ?<\/p>\n\n\n\n<p>Ce syst\u00e8me ne peut fonctionner. En outre, il remet en cause les obligations r\u00e9glementaires de service et la libert\u00e9 p\u00e9dagogique des enseignants.<\/p>\n\n\n\n<p>Pourquoi ne pas r\u00e9pondre \u00e0 la demande de recrutement imm\u00e9diat de personnels par le biais de la liste compl\u00e9mentaire du concours et son r\u00e9abondement si n\u00e9cessaire, revendication rappel\u00e9e dans la d\u00e9claration commune de toutes les organisations syndicales avec la FPCE et les organisations de lyc\u00e9ens, l\u2019UNL et la FIDL ? On ne sait pas comment va \u00e9voluer la pand\u00e9mie mais l\u2019on sait que si aucune solution valable n\u2019est apport\u00e9e dans l\u2019imm\u00e9diat, la d\u00e9r\u00e9glementation va se poursuivre, avec toujours plus de d\u00e9crochages.<\/p>\n\n\n\n<h2 class=\"has-text-align-center wp-block-heading\">Compte rendu<\/h2>\n\n\n\n<p><strong><span class=\"has-inline-color has-vivid-red-color\">JM Blanquer :<\/span><\/strong> Nous avons d\u00e9cid\u00e9 d\u2019une enveloppe de 500 millions d\u2019euros.<\/p>\n\n\n\n<p>L\u2019enveloppe budg\u00e9taire est de 500 millions, pour tous les personnels. Elle n\u2019est que de 400 millions pour 2021, car la \u00ab prime d\u2019attractivit\u00e9 \u00bb ne serait effective qu\u2019\u00e0 partir de mai 2021.<\/p>\n\n\n\n<h3 class=\"wp-block-heading\">\u00ab Prime d\u2019attractivit\u00e9 \u00bb (173 millions en 2021, 260 millions ensuite)<\/h3>\n\n\n\n<p>JMB : La moiti\u00e9 de cette enveloppe sera consacr\u00e9e \u00e0 une \u00ab prime d\u2019attractivit\u00e9 \u00bb pour revaloriser les plus jeunes. Nous avons choisi apr\u00e8s concertation avec les organisations syndicales de revaloriser jusqu\u2019\u00e0 15 an dans la carri\u00e8re (sc\u00e9nario 3). 33 % des personnels de mani\u00e8re d\u00e9gressive (de 114 \u20ac \u00e0 14 \u20ac net par mois).<\/p>\n\n\n\n<h3 class=\"wp-block-heading\">Prime informatique de 178 millions<\/h3>\n\n\n\n<p><strong><span class=\"has-inline-color has-vivid-red-color\">JMB : <\/span><\/strong>La prime d\u2019\u00e9quipement informatique permet d\u2019insister sur la dimension num\u00e9rique du m\u00e9tier d\u2019enseignant. Elle va de paire avec les Etats g\u00e9n\u00e9raux du num\u00e9rique. Elle s\u2019\u00e9l\u00e8ve \u00e0 150 \u20ac chaque ann\u00e9e ce qui est significatif. Tous les enseignants sont concern\u00e9s (RASED, psyEN compris) mais pas les CPE.<\/p>\n\n\n\n<ul class=\"wp-block-list\"><li><em><strong><span class=\"has-inline-color has-vivid-red-color\">Commentaire FO :<\/span><\/strong> L\u2019attribution de cette prime ne permettrait-elle pas au ministre de tenir pour acquis que chaque enseignant dispose d\u2019un \u00e9quipement informatique \u00e0 des buts professionnels, ouvrant la voie \u00e0 la g\u00e9n\u00e9ralisation du t\u00e9l\u00e9-enseignement ?<\/em><\/li><\/ul>\n\n\n\n<h3 class=\"wp-block-heading\">Mesures cat\u00e9gorielles 45 millions en 2021, 51 millions ensuite<\/h3>\n\n\n\n<p><strong><span class=\"has-inline-color has-vivid-red-color\">JMB : <\/span><\/strong>L\u2019enveloppe pour les mesures cat\u00e9gorielles s\u2019\u00e9l\u00e8ve \u00e0 45 millions. Nous donnerons \u00e0 nouveau la prime annuelle de 450 \u20ac pour tous les directeurs ce qui s\u2019\u00e9l\u00e8ve globalement \u00e0 21 millions d\u2019euros. Nous \u00ab sanctuariserons \u00bb les d\u00e9charges actuellement en vigueur pour les \u00e9coles de une \u00e0 trois classes qui ne peuvent pas toujours \u00eatre octroy\u00e9es faute de moyens de remplacement. Cela correspond \u00e0 900 \u00e9quivalents temps pleins. Nous ajouterons 600 \u00e9quivalents temps plein pour am\u00e9liorer le r\u00e9gime des d\u00e9charges.<\/p>\n\n\n\n<ul class=\"wp-block-list\"><li><em><strong><span class=\"has-inline-color has-vivid-red-color\">Commentaire FO :<\/span><\/strong> Ces 600 ETP seraient-ils soustraits de l\u2019enveloppe des 400 millions ? Que resterait-il pour les autres personnels ?<\/em><\/li><\/ul>\n\n\n\n<p><strong><span class=\"has-inline-color has-vivid-red-color\">JMB :<\/span><\/strong> On n\u2019oublie pas les personnels administratifs.<\/p>\n\n\n\n<ul class=\"wp-block-list\"><li><em><strong><span class=\"has-inline-color has-vivid-red-color\">Commentaire FO : <\/span><\/strong>Sans qu\u2019on sache quand, combien ni quelle enveloppe.<\/em><\/li><\/ul>\n\n\n\n<h3 class=\"wp-block-heading\">Augmentation des taux de passage \u00e0 la hors classe de 4 millions en 2021, 11 millions ensuite<\/h3>\n\n\n\n<p><strong><span class=\"has-inline-color has-vivid-red-color\">JMB : <\/span><\/strong>Nous augmenterons le taux de passage \u00e0 la hors-classe pour les enseignants de 17 % \u00e0 18 %. C\u2019est compl\u00e9mentaire avec la prime d\u2019attractivit\u00e9 puisque sont concern\u00e9s les personnels les plus avanc\u00e9s dans la carri\u00e8re.<\/p>\n\n\n\n<ul class=\"wp-block-list\"><li><em><strong><span class=\"has-inline-color has-vivid-red-color\">Commentaire FO : <\/span><\/strong>Avec la logique du PPCR, des personnels sont exclus du passage \u00e0 la hors-classe (ex-instituteurs, personnels mal \u00e9valu\u00e9s et qui ne peuvent plus se rattraper, car leur appr\u00e9ciation reste grav\u00e9e dans le marbre).<\/em><\/li><\/ul>\n\n\n\n<p><strong><span class=\"has-inline-color has-vivid-red-color\">JMB :<\/span><\/strong> Nous devons regarder les choses de mani\u00e8re globale. Les fran\u00e7ais ne comprendraient pas. Je ne veux pas entendre que les enseignants ne sont jamais contents, quoi qu\u2019on fasse. Je ne le partage pas mais il faut que nous ayons un consensus. Je compte sur les organisations syndicales pour nous aider dans cet objectif ambitieux.<\/p>\n\n\n\n<p>La suite du Grenelle, c\u2019est les Etats g\u00e9n\u00e9raux du num\u00e9rique, la conf\u00e9rence sur le professeur du XXI\u00e8me si\u00e8cle, les ateliers du Grenelle.<\/p>\n\n\n\n<p>A partir de f\u00e9vrier, il pourra y avoir un arbitrage sur la loi de programmation. Il n\u2019y aura pas de contreparties en face. Nous voulons avoir une vision syst\u00e9mique pour moderniser l\u2019Ecole.<\/p>\n\n\n\n<ul class=\"wp-block-list\"><li><em><strong><span class=\"has-inline-color has-vivid-red-color\">Commentaire FO : <\/span><\/strong>La FNEC FP-FO maintiendra en toute ind\u00e9pendance, quoi qu\u2019en disent le ministre et les soutiens qu\u2019il parviendra \u00e0 obtenir, de revendication d\u2019augmentation des salaires : int\u00e9gration des 49 points d\u2019indices nets suppl\u00e9mentaires (+183\u20ac comme les personnels hospitaliers), dans la grille de tous les personnels titulaires sans contrepartie, et ouverture imm\u00e9diate de n\u00e9gociations en vue d\u2019un rattrapage de la perte de pouvoir d\u2019achat subie depuis 2000, soit 20% d\u2019augmentation de la valeur du point d\u2019indice. La FNEC FP-FO n\u2019acceptera aucune remise en cause de nos statuts.<\/em><\/li><\/ul>\n\n\n\n<h2 class=\"wp-block-heading\">Questions sanitaires :<\/h2>\n\n\n\n<p>Sur les questions sanitaires, le ministre n\u2019a apport\u00e9 aucune r\u00e9ponse aux revendications de cr\u00e9ations de postes. Il a indiqu\u00e9 qu\u2019il n\u2019\u00e9tait pas oppos\u00e9 au fait d\u2019\u00e9largir les mesures qu\u2019il a prise dans les lyc\u00e9es.<\/p>\n\n\n\n<ul class=\"wp-block-list\"><li><em><strong><span class=\"has-inline-color has-vivid-red-color\">Commentaire FO : <\/span><\/strong>Pour la FNEC FP-FO, ces non-r\u00e9ponses du ministre ne peuvent satisfaire les personnels confront\u00e9s aux classes surcharg\u00e9es et aux probl\u00e8mes de remplacement. La FNEC FP-FO invite les personnels \u00e0 amplifier les r\u00e9unions de coll\u00e8gues, les assembl\u00e9es g\u00e9n\u00e9rales, \u00e0 lister leurs besoins en termes de postes, de classes, \u00e0 s\u2019adresser aux parents d\u2019\u00e9l\u00e8ves, \u00e0 organiser la  mobilisation pour porter ces revendications, si possible dans l\u2019action commune, et discuter collectivement des suites \u00e0 donner pour la satisfaction de toutes nos revendications.<\/em><\/li><\/ul>\n\n\n\n<p class=\"has-text-align-right\"><em>\u00e0 Montreuil, le 16 novembre 2020<\/em><\/p>\n\n\n\n<div class=\"wp-block-file\"><a href=\"https:\/\/snudifo37.fr\/wp-content\/uploads\/2020\/11\/20-11-16-CR-audience-Blanquer-revalorisation.pdf\">20-11-16-CR-audience-Blanquer-revalorisation<\/a><a href=\"https:\/\/snudifo37.fr\/wp-content\/uploads\/2020\/11\/20-11-16-CR-audience-Blanquer-revalorisation.pdf\" class=\"wp-block-file__button\" download>T\u00e9l\u00e9charger<\/a><\/div>\n\n\n\n<p><\/p>\n<a class=\"synved-social-button synved-social-button-share synved-social-size-32 synved-social-resolution-single synved-social-provider-facebook nolightbox\" data-provider=\"facebook\" target=\"_blank\" rel=\"nofollow\" title=\"Faites le savoir \u00e0 vos amis via Facebook \" href=\"https:\/\/www.facebook.com\/sharer.php?u=https%3A%2F%2Fsnudifo37.fr%2Findex.php%2Fwp-json%2Fwp%2Fv2%2Fposts%2F2857&#038;t=Compte%20rendu%20de%20l%E2%80%99audience%20%C2%AB%20Grenelle%20%C2%BB%20avec%20le%20ministre%20Blanquer%2C%20le%2016%20novembre%202020&#038;s=100&#038;p&#091;url&#093;=https%3A%2F%2Fsnudifo37.fr%2Findex.php%2Fwp-json%2Fwp%2Fv2%2Fposts%2F2857&#038;p&#091;images&#093;&#091;0&#093;=https%3A%2F%2Fsnudifo37.fr%2Fwp-content%2Fuploads%2F2020%2F02%2FClipboard01.jpg&#038;p&#091;title&#093;=Compte%20rendu%20de%20l%E2%80%99audience%20%C2%AB%20Grenelle%20%C2%BB%20avec%20le%20ministre%20Blanquer%2C%20le%2016%20novembre%202020\" style=\"font-size: 0px;width:32px;height:32px;margin:0;margin-bottom:20px;margin-right:20px\"><img loading=\"lazy\" decoding=\"async\" alt=\"Facebook\" title=\"Faites le savoir \u00e0 vos amis via Facebook \" class=\"synved-share-image synved-social-image synved-social-image-share\" width=\"32\" height=\"32\" style=\"display: inline;width:32px;height:32px;margin: 0;padding: 0;border: none;box-shadow: none\" src=\"https:\/\/snudifo37.fr\/wp-content\/plugins\/social-media-feather\/synved-social\/image\/social\/regular\/64x64\/facebook.png\" \/><\/a><a class=\"synved-social-button synved-social-button-share synved-social-size-32 synved-social-resolution-single synved-social-provider-twitter nolightbox\" data-provider=\"twitter\" target=\"_blank\" rel=\"nofollow\" title=\"Informez-en vos amis via Twitter\" href=\"https:\/\/twitter.com\/intent\/tweet?url=https%3A%2F%2Fsnudifo37.fr%2Findex.php%2Fwp-json%2Fwp%2Fv2%2Fposts%2F2857&#038;text=Le%20Snudi-Fo%20vous%20informe%3A\" style=\"font-size: 0px;width:32px;height:32px;margin:0;margin-bottom:20px;margin-right:20px\"><img loading=\"lazy\" decoding=\"async\" alt=\"twitter\" title=\"Informez-en vos amis via Twitter\" class=\"synved-share-image synved-social-image synved-social-image-share\" width=\"32\" height=\"32\" style=\"display: inline;width:32px;height:32px;margin: 0;padding: 0;border: none;box-shadow: none\" src=\"https:\/\/snudifo37.fr\/wp-content\/plugins\/social-media-feather\/synved-social\/image\/social\/regular\/64x64\/twitter.png\" \/><\/a><a class=\"synved-social-button synved-social-button-share synved-social-size-32 synved-social-resolution-single synved-social-provider-mail nolightbox\" data-provider=\"mail\" rel=\"nofollow\" title=\"Les derni\u00e8res informations du Snudi-Fo 37\" href=\"mailto:?subject=Compte%20rendu%20de%20l%E2%80%99audience%20%C2%AB%20Grenelle%20%C2%BB%20avec%20le%20ministre%20Blanquer%2C%20le%2016%20novembre%202020&#038;body=Le%20Snudi-Fo%20vous%20informe%3A:%20https%3A%2F%2Fsnudifo37.fr%2Findex.php%2Fwp-json%2Fwp%2Fv2%2Fposts%2F2857\" style=\"font-size: 0px;width:32px;height:32px;margin:0;margin-bottom:20px\"><img loading=\"lazy\" decoding=\"async\" alt=\"mail\" title=\"Les derni\u00e8res informations du Snudi-Fo 37\" class=\"synved-share-image synved-social-image synved-social-image-share\" width=\"32\" height=\"32\" style=\"display: inline;width:32px;height:32px;margin: 0;padding: 0;border: none;box-shadow: none\" src=\"https:\/\/snudifo37.fr\/wp-content\/plugins\/social-media-feather\/synved-social\/image\/social\/regular\/64x64\/mail.png\" \/><\/a>","protected":false},"excerpt":{"rendered":"<p>D\u00e9claration de la FNEC FP-FO : Monsieur le ministre, vous pr\u00e9tendez \u00ab revaloriser \u00bb les personnels. Nous vous avons d\u00e9j\u00e0 fait part de l\u2019indignation des agents \u00e0 la lecture des 4 scenarii du Grenelle qui excluaient d\u2019ailleurs la plupart des personnels de toute revalorisation : pour la plupart d\u2019entre eux, la \u00ab revalorisation \u00bb, ce sera 0 euros ! Rien par exemple pour les personnels administratifs de cat\u00e9gorie c qui en d\u00e9but de carri\u00e8re ont un salaire inf\u00e9rieur au SMIC ! Rien pour les personnels m\u00e9dico-sociaux ! Rien pour les AESH ! Ce n\u2019est pas acceptable !<\/p>\n","protected":false},"author":1,"featured_media":1735,"comment_status":"closed","ping_status":"closed","sticky":false,"template":"","format":"standard","meta":{"footnotes":""},"categories":[42,7],"tags":[43,34,751,221,460,332,178,101],"class_list":["post-2857","post","type-post","status-publish","format-standard","has-post-thumbnail","hentry","category-audience","category-syndicat","tag-audience","tag-blanquer","tag-grenelle","tag-ministre","tag-prime","tag-revalorisation","tag-statut","tag-traitement"],"_links":{"self":[{"href":"https:\/\/snudifo37.fr\/index.php\/wp-json\/wp\/v2\/posts\/2857","targetHints":{"allow":["GET"]}}],"collection":[{"href":"https:\/\/snudifo37.fr\/index.php\/wp-json\/wp\/v2\/posts"}],"about":[{"href":"https:\/\/snudifo37.fr\/index.php\/wp-json\/wp\/v2\/types\/post"}],"author":[{"embeddable":true,"href":"https:\/\/snudifo37.fr\/index.php\/wp-json\/wp\/v2\/users\/1"}],"replies":[{"embeddable":true,"href":"https:\/\/snudifo37.fr\/index.php\/wp-json\/wp\/v2\/comments?post=2857"}],"version-history":[{"count":1,"href":"https:\/\/snudifo37.fr\/index.php\/wp-json\/wp\/v2\/posts\/2857\/revisions"}],"predecessor-version":[{"id":2859,"href":"https:\/\/snudifo37.fr\/index.php\/wp-json\/wp\/v2\/posts\/2857\/revisions\/2859"}],"wp:featuredmedia":[{"embeddable":true,"href":"https:\/\/snudifo37.fr\/index.php\/wp-json\/wp\/v2\/media\/1735"}],"wp:attachment":[{"href":"https:\/\/snudifo37.fr\/index.php\/wp-json\/wp\/v2\/media?parent=2857"}],"wp:term":[{"taxonomy":"category","embeddable":true,"href":"https:\/\/snudifo37.fr\/index.php\/wp-json\/wp\/v2\/categories?post=2857"},{"taxonomy":"post_tag","embeddable":true,"href":"https:\/\/snudifo37.fr\/index.php\/wp-json\/wp\/v2\/tags?post=2857"}],"curies":[{"name":"wp","href":"https:\/\/api.w.org\/{rel}","templated":true}]}}