{"id":2809,"date":"2020-11-12T09:25:23","date_gmt":"2020-11-12T08:25:23","guid":{"rendered":"https:\/\/snudifo37.fr\/?p=2809"},"modified":"2020-11-12T09:25:23","modified_gmt":"2020-11-12T08:25:23","slug":"constellations-le-snudi-fo-ecrit-de-nouveau-au-ministre-pour-demander-labandon-immediat","status":"publish","type":"post","link":"https:\/\/snudifo37.fr\/index.php\/2020\/11\/12\/constellations-le-snudi-fo-ecrit-de-nouveau-au-ministre-pour-demander-labandon-immediat\/","title":{"rendered":"Constellations ! Le SNUDI FO \u00e9crit de nouveau au Ministre pour demander l&rsquo;abandon imm\u00e9diat!"},"content":{"rendered":"\n<p class=\"has-text-align-right\">Montreuil, le 11 novembre 2020<br>A l\u2019attention de Monsieur le ministre de l\u2019Education Nationale<\/p>\n\n\n\n<p><strong>Objet : <\/strong>dispositif de formation en constellations<\/p>\n\n\n\n<p class=\"has-text-align-center\">Monsieur le Ministre de l\u2019Education Nationale,<\/p>\n\n\n\n<p>Depuis la rentr\u00e9e, les coll\u00e8gues se voient imposer, dans le cadre des plans math\u00e9matiques et fran\u00e7ais, la formation par constellations, qu\u2019ils rejettent massivement et que vos repr\u00e9sentants ont confirm\u00e9 relever de l\u2019accompagnement inscrit dans PPCR.<\/p>\n\n\n\n<p>Notre organisation syndicale a \u00e9t\u00e9 re\u00e7ue le 8 octobre par la DGESCO et a fait part du m\u00e9contentement dans les \u00e9coles \u00e0 ce sujet, du refus de ce dispositif ainsi que de notre revendication d\u2019abandon imm\u00e9diat.<\/p>\n\n\n\n<p>Alors que la sant\u00e9, notamment psychologique, des coll\u00e8gues est fragilis\u00e9e par le contexte actuel, certains IA-DASEN maintiennent ces formations, continuant d\u2019imposer les visites de conseillers p\u00e9dagogiques, voire la pr\u00e9sence de plusieurs pairs observateurs devant assister aux s\u00e9ances. Ces conditions de travail intenables ne peuvent et ne doivent pas perdurer !<\/p>\n\n\n\n<p>La col\u00e8re monte, \u00e0 juste titre, chez les personnels qui se d\u00e9m\u00e8nent chaque jour pour que l\u2019\u00e9cole fonctionne le plus normalement possible dans un contexte difficile.<\/p>\n\n\n\n<p>Pour le SNUDI-FO, l\u2019heure est \u00e0 la protection des personnels, \u00e0 la pr\u00e9servation de leur sant\u00e9 et non pas \u00e0 la mise en place \u00e0 la hussarde d\u2019un dispositif n\u2019ayant pas \u00e9t\u00e9 pr\u00e9sent\u00e9 au CHSCT minist\u00e9riel.<\/p>\n\n\n\n<p>L\u2019abandon des formations en constellation est plus que jamais d\u2019actualit\u00e9. Aussi nous vous demandons de bien vouloir acc\u00e9der \u00e0 cette demande en intervenant aupr\u00e8s des IA-DASEN qui continueraient de l\u2019imposer dans les d\u00e9partements.<\/p>\n\n\n\n<p>Dans l\u2019attente de votre r\u00e9ponse, veuillez agr\u00e9er Monsieur le ministre l\u2019expression de mes salutations distingu\u00e9es.<\/p>\n\n\n\n<p class=\"has-text-align-right\">Fr\u00e9d\u00e9ric Volle, secr\u00e9taire g\u00e9n\u00e9ral du SNUDI-FO<\/p>\n\n\n\n<div class=\"wp-block-file\"><a href=\"https:\/\/snudifo37.fr\/wp-content\/uploads\/2020\/11\/201111-Courrier-SNUDI-FO-constellations.pdf\">201111-Courrier-SNUDI-FO-constellations<\/a><a href=\"https:\/\/snudifo37.fr\/wp-content\/uploads\/2020\/11\/201111-Courrier-SNUDI-FO-constellations.pdf\" class=\"wp-block-file__button\" download>T\u00e9l\u00e9charger<\/a><\/div>\n<a class=\"synved-social-button synved-social-button-share synved-social-size-32 synved-social-resolution-single synved-social-provider-facebook nolightbox\" data-provider=\"facebook\" target=\"_blank\" rel=\"nofollow\" title=\"Faites le savoir \u00e0 vos amis via Facebook \" href=\"https:\/\/www.facebook.com\/sharer.php?u=https%3A%2F%2Fsnudifo37.fr%2Findex.php%2Fwp-json%2Fwp%2Fv2%2Fposts%2F2809&#038;t=Constellations%20%21%20Le%20SNUDI%20FO%20%C3%A9crit%20de%20nouveau%20au%20Ministre%20pour%20demander%20l%E2%80%99abandon%20imm%C3%A9diat%21&#038;s=100&#038;p&#091;url&#093;=https%3A%2F%2Fsnudifo37.fr%2Findex.php%2Fwp-json%2Fwp%2Fv2%2Fposts%2F2809&#038;p&#091;images&#093;&#091;0&#093;=&#038;p&#091;title&#093;=Constellations%20%21%20Le%20SNUDI%20FO%20%C3%A9crit%20de%20nouveau%20au%20Ministre%20pour%20demander%20l%E2%80%99abandon%20imm%C3%A9diat%21\" style=\"font-size: 0px;width:32px;height:32px;margin:0;margin-bottom:20px;margin-right:20px\"><img loading=\"lazy\" decoding=\"async\" alt=\"Facebook\" title=\"Faites le savoir \u00e0 vos amis via Facebook \" class=\"synved-share-image synved-social-image synved-social-image-share\" width=\"32\" height=\"32\" style=\"display: inline;width:32px;height:32px;margin: 0;padding: 0;border: none;box-shadow: none\" src=\"https:\/\/snudifo37.fr\/wp-content\/plugins\/social-media-feather\/synved-social\/image\/social\/regular\/64x64\/facebook.png\" \/><\/a><a class=\"synved-social-button synved-social-button-share synved-social-size-32 synved-social-resolution-single synved-social-provider-twitter nolightbox\" data-provider=\"twitter\" target=\"_blank\" rel=\"nofollow\" title=\"Informez-en vos amis via Twitter\" href=\"https:\/\/twitter.com\/intent\/tweet?url=https%3A%2F%2Fsnudifo37.fr%2Findex.php%2Fwp-json%2Fwp%2Fv2%2Fposts%2F2809&#038;text=Le%20Snudi-Fo%20vous%20informe%3A\" style=\"font-size: 0px;width:32px;height:32px;margin:0;margin-bottom:20px;margin-right:20px\"><img loading=\"lazy\" decoding=\"async\" alt=\"twitter\" title=\"Informez-en vos amis via Twitter\" class=\"synved-share-image synved-social-image synved-social-image-share\" width=\"32\" height=\"32\" style=\"display: inline;width:32px;height:32px;margin: 0;padding: 0;border: none;box-shadow: none\" src=\"https:\/\/snudifo37.fr\/wp-content\/plugins\/social-media-feather\/synved-social\/image\/social\/regular\/64x64\/twitter.png\" \/><\/a><a class=\"synved-social-button synved-social-button-share synved-social-size-32 synved-social-resolution-single synved-social-provider-mail nolightbox\" data-provider=\"mail\" rel=\"nofollow\" title=\"Les derni\u00e8res informations du Snudi-Fo 37\" href=\"mailto:?subject=Constellations%20%21%20Le%20SNUDI%20FO%20%C3%A9crit%20de%20nouveau%20au%20Ministre%20pour%20demander%20l%E2%80%99abandon%20imm%C3%A9diat%21&#038;body=Le%20Snudi-Fo%20vous%20informe%3A:%20https%3A%2F%2Fsnudifo37.fr%2Findex.php%2Fwp-json%2Fwp%2Fv2%2Fposts%2F2809\" style=\"font-size: 0px;width:32px;height:32px;margin:0;margin-bottom:20px\"><img loading=\"lazy\" decoding=\"async\" alt=\"mail\" title=\"Les derni\u00e8res informations du Snudi-Fo 37\" class=\"synved-share-image synved-social-image synved-social-image-share\" width=\"32\" height=\"32\" style=\"display: inline;width:32px;height:32px;margin: 0;padding: 0;border: none;box-shadow: none\" src=\"https:\/\/snudifo37.fr\/wp-content\/plugins\/social-media-feather\/synved-social\/image\/social\/regular\/64x64\/mail.png\" \/><\/a>","protected":false},"excerpt":{"rendered":"<p>Retrouvez la lettre adress\u00e9e par le Snudi FO au Ministre Blanquer pour exiger l&rsquo;abandon total et sans condition des \u00ab\u00a0Constellations\u00a0\u00bb.<\/p>\n","protected":false},"author":1,"featured_media":0,"comment_status":"closed","ping_status":"closed","sticky":false,"template":"","format":"standard","meta":{"footnotes":""},"categories":[7],"tags":[815,34,726,53,221,20],"class_list":["post-2809","post","type-post","status-publish","format-standard","hentry","category-syndicat","tag-abandon","tag-blanquer","tag-constellations","tag-courrier","tag-ministre","tag-snudi-fo"],"_links":{"self":[{"href":"https:\/\/snudifo37.fr\/index.php\/wp-json\/wp\/v2\/posts\/2809","targetHints":{"allow":["GET"]}}],"collection":[{"href":"https:\/\/snudifo37.fr\/index.php\/wp-json\/wp\/v2\/posts"}],"about":[{"href":"https:\/\/snudifo37.fr\/index.php\/wp-json\/wp\/v2\/types\/post"}],"author":[{"embeddable":true,"href":"https:\/\/snudifo37.fr\/index.php\/wp-json\/wp\/v2\/users\/1"}],"replies":[{"embeddable":true,"href":"https:\/\/snudifo37.fr\/index.php\/wp-json\/wp\/v2\/comments?post=2809"}],"version-history":[{"count":1,"href":"https:\/\/snudifo37.fr\/index.php\/wp-json\/wp\/v2\/posts\/2809\/revisions"}],"predecessor-version":[{"id":2811,"href":"https:\/\/snudifo37.fr\/index.php\/wp-json\/wp\/v2\/posts\/2809\/revisions\/2811"}],"wp:attachment":[{"href":"https:\/\/snudifo37.fr\/index.php\/wp-json\/wp\/v2\/media?parent=2809"}],"wp:term":[{"taxonomy":"category","embeddable":true,"href":"https:\/\/snudifo37.fr\/index.php\/wp-json\/wp\/v2\/categories?post=2809"},{"taxonomy":"post_tag","embeddable":true,"href":"https:\/\/snudifo37.fr\/index.php\/wp-json\/wp\/v2\/tags?post=2809"}],"curies":[{"name":"wp","href":"https:\/\/api.w.org\/{rel}","templated":true}]}}