{"id":2779,"date":"2020-11-07T14:51:53","date_gmt":"2020-11-07T13:51:53","guid":{"rendered":"https:\/\/snudifo37.fr\/?p=2779"},"modified":"2020-11-10T14:51:12","modified_gmt":"2020-11-10T13:51:12","slug":"tous-en-greve-le-10-novembre","status":"publish","type":"post","link":"https:\/\/snudifo37.fr\/index.php\/2020\/11\/07\/tous-en-greve-le-10-novembre\/","title":{"rendered":"TOUS EN GREVE LE 10 NOVEMBRE"},"content":{"rendered":"\n<div class=\"wp-block-image\"><figure class=\"aligncenter size-large\"><img loading=\"lazy\" decoding=\"async\" width=\"758\" height=\"149\" src=\"https:\/\/snudifo37.fr\/wp-content\/uploads\/2020\/11\/IntersydincAaal.jpg\" alt=\"\" class=\"wp-image-2780\" srcset=\"https:\/\/snudifo37.fr\/wp-content\/uploads\/2020\/11\/IntersydincAaal.jpg 758w, https:\/\/snudifo37.fr\/wp-content\/uploads\/2020\/11\/IntersydincAaal-300x59.jpg 300w\" sizes=\"auto, (max-width: 758px) 100vw, 758px\" \/><\/figure><\/div>\n\n\n\n<p class=\"has-luminous-vivid-amber-background-color has-background\"><strong><em>Pour les PE, d\u00e9clarez-vous susceptibles d&rsquo;\u00eatre gr\u00e9vistes avant samedi minuit. (<a rel=\"noreferrer noopener\" href=\"https:\/\/snudifo37.fr\/index.php\/2020\/11\/05\/greve-du-10-novembre-note-technique\/\" target=\"_blank\">consignes ici<\/a>)<\/em><\/strong><\/p>\n\n\n\n<p>La situation sanitaire li\u00e9e \u00e0 la propagation de la pand\u00e9mie de la COVID-19 n\u00e9cessite une protection totale et compl\u00e8te de la sant\u00e9 des agent-e-s public-ques.<\/p>\n\n\n\n<p>Cette obligation r\u00e9glementaire est de la responsabilit\u00e9 des employeurs publics qui doivent prendre toutes les mesures n\u00e9cessaires pour assurer cette protection.<\/p>\n\n\n\n<p>Or nous ne pouvons que constater et regretter que ce ne soit pas toujours le cas.<\/p>\n\n\n\n<p>La situation actuelle n\u00e9cessite la pr\u00e9sence massive et urgente de personnels dans les \u00e9coles, coll\u00e8ges, lyc\u00e9es.<\/p>\n\n\n\n<p>C\u2019est pourquoi nous demandons au ministre de proc\u00e9der d\u00e8s \u00e0 pr\u00e9sent au recrutement de ces personnels, en particulier en ayant recours aux listes compl\u00e9mentaires des concours, et en r\u00e9abondant les listes compl\u00e9mentaires lorsque cela s\u2019av\u00e8re n\u00e9cessaire.<\/p>\n\n\n\n<p>Nous demandons donc des conditions sanitaires suffisantes. En particulier, les all\u00e8gements d\u2019effectifs demand\u00e9s par les \u00e9quipes \u00e9ducatives doivent \u00eatre mis en place.<\/p>\n\n\n\n<p>La FSU, la FNEC-FP-FO, la CGT Educ\u2019action et SUD Education, appellent l&rsquo;ensemble des personnels, titulaires et contractuels, \u00e0 faire gr\u00e8ve le mardi 10 novembre.<\/p>\n\n\n\n<p class=\"has-text-align-center\"><strong>RASSEMBLEMENT A 10H<\/strong><br><em>(dans le respect des gestes barri\u00e8re)<\/em><br><strong>DEVANT LA PREFECTURE DE TOURS<\/strong><br><em>(Pour vous y rendre, munissez-vous de l\u2019attestation professionnelle et de l\u2019attestation individuelle case 1)<\/em><br><\/p>\n\n\n\n<p class=\"has-text-align-left\">Une demande d\u2019audience intersyndicale a \u00e9t\u00e9 faite aupr\u00e8s de Madame la Pr\u00e9f\u00e8te.<\/p>\n<a class=\"synved-social-button synved-social-button-share synved-social-size-32 synved-social-resolution-single synved-social-provider-facebook nolightbox\" data-provider=\"facebook\" target=\"_blank\" rel=\"nofollow\" title=\"Faites le savoir \u00e0 vos amis via Facebook \" href=\"https:\/\/www.facebook.com\/sharer.php?u=https%3A%2F%2Fsnudifo37.fr%2Findex.php%2Fwp-json%2Fwp%2Fv2%2Fposts%2F2779&#038;t=TOUS%20EN%20GREVE%20LE%2010%20NOVEMBRE&#038;s=100&#038;p&#091;url&#093;=https%3A%2F%2Fsnudifo37.fr%2Findex.php%2Fwp-json%2Fwp%2Fv2%2Fposts%2F2779&#038;p&#091;images&#093;&#091;0&#093;=https%3A%2F%2Fsnudifo37.fr%2Fwp-content%2Fuploads%2F2020%2F11%2FIntersydincAaal.jpg&#038;p&#091;title&#093;=TOUS%20EN%20GREVE%20LE%2010%20NOVEMBRE\" style=\"font-size: 0px;width:32px;height:32px;margin:0;margin-bottom:20px;margin-right:20px\"><img loading=\"lazy\" decoding=\"async\" alt=\"Facebook\" title=\"Faites le savoir \u00e0 vos amis via Facebook \" class=\"synved-share-image synved-social-image synved-social-image-share\" width=\"32\" height=\"32\" style=\"display: inline;width:32px;height:32px;margin: 0;padding: 0;border: none;box-shadow: none\" src=\"https:\/\/snudifo37.fr\/wp-content\/plugins\/social-media-feather\/synved-social\/image\/social\/regular\/64x64\/facebook.png\" \/><\/a><a class=\"synved-social-button synved-social-button-share synved-social-size-32 synved-social-resolution-single synved-social-provider-twitter nolightbox\" data-provider=\"twitter\" target=\"_blank\" rel=\"nofollow\" title=\"Informez-en vos amis via Twitter\" href=\"https:\/\/twitter.com\/intent\/tweet?url=https%3A%2F%2Fsnudifo37.fr%2Findex.php%2Fwp-json%2Fwp%2Fv2%2Fposts%2F2779&#038;text=Le%20Snudi-Fo%20vous%20informe%3A\" style=\"font-size: 0px;width:32px;height:32px;margin:0;margin-bottom:20px;margin-right:20px\"><img loading=\"lazy\" decoding=\"async\" alt=\"twitter\" title=\"Informez-en vos amis via Twitter\" class=\"synved-share-image synved-social-image synved-social-image-share\" width=\"32\" height=\"32\" style=\"display: inline;width:32px;height:32px;margin: 0;padding: 0;border: none;box-shadow: none\" src=\"https:\/\/snudifo37.fr\/wp-content\/plugins\/social-media-feather\/synved-social\/image\/social\/regular\/64x64\/twitter.png\" \/><\/a><a class=\"synved-social-button synved-social-button-share synved-social-size-32 synved-social-resolution-single synved-social-provider-mail nolightbox\" data-provider=\"mail\" rel=\"nofollow\" title=\"Les derni\u00e8res informations du Snudi-Fo 37\" href=\"mailto:?subject=TOUS%20EN%20GREVE%20LE%2010%20NOVEMBRE&#038;body=Le%20Snudi-Fo%20vous%20informe%3A:%20https%3A%2F%2Fsnudifo37.fr%2Findex.php%2Fwp-json%2Fwp%2Fv2%2Fposts%2F2779\" style=\"font-size: 0px;width:32px;height:32px;margin:0;margin-bottom:20px\"><img loading=\"lazy\" decoding=\"async\" alt=\"mail\" title=\"Les derni\u00e8res informations du Snudi-Fo 37\" class=\"synved-share-image synved-social-image synved-social-image-share\" width=\"32\" height=\"32\" style=\"display: inline;width:32px;height:32px;margin: 0;padding: 0;border: none;box-shadow: none\" src=\"https:\/\/snudifo37.fr\/wp-content\/plugins\/social-media-feather\/synved-social\/image\/social\/regular\/64x64\/mail.png\" \/><\/a>","protected":false},"excerpt":{"rendered":"<p>COMMUNIQUE de la FSU 37, de la FNEC FP FO 37, de la CGT Educ\u2019action 37 et de SUD Education 37<\/p>\n","protected":false},"author":1,"featured_media":0,"comment_status":"closed","ping_status":"closed","sticky":false,"template":"","format":"standard","meta":{"footnotes":""},"categories":[7],"tags":[150,63,18,61,323,225,307,808,403],"class_list":["post-2779","post","type-post","status-publish","format-standard","hentry","category-syndicat","tag-150","tag-cgteduc","tag-communique","tag-fnec-fp-fo-2","tag-fsu","tag-greve","tag-intersyndical","tag-mardi-10-novembre","tag-sud-education-2"],"_links":{"self":[{"href":"https:\/\/snudifo37.fr\/index.php\/wp-json\/wp\/v2\/posts\/2779","targetHints":{"allow":["GET"]}}],"collection":[{"href":"https:\/\/snudifo37.fr\/index.php\/wp-json\/wp\/v2\/posts"}],"about":[{"href":"https:\/\/snudifo37.fr\/index.php\/wp-json\/wp\/v2\/types\/post"}],"author":[{"embeddable":true,"href":"https:\/\/snudifo37.fr\/index.php\/wp-json\/wp\/v2\/users\/1"}],"replies":[{"embeddable":true,"href":"https:\/\/snudifo37.fr\/index.php\/wp-json\/wp\/v2\/comments?post=2779"}],"version-history":[{"count":2,"href":"https:\/\/snudifo37.fr\/index.php\/wp-json\/wp\/v2\/posts\/2779\/revisions"}],"predecessor-version":[{"id":2790,"href":"https:\/\/snudifo37.fr\/index.php\/wp-json\/wp\/v2\/posts\/2779\/revisions\/2790"}],"wp:attachment":[{"href":"https:\/\/snudifo37.fr\/index.php\/wp-json\/wp\/v2\/media?parent=2779"}],"wp:term":[{"taxonomy":"category","embeddable":true,"href":"https:\/\/snudifo37.fr\/index.php\/wp-json\/wp\/v2\/categories?post=2779"},{"taxonomy":"post_tag","embeddable":true,"href":"https:\/\/snudifo37.fr\/index.php\/wp-json\/wp\/v2\/tags?post=2779"}],"curies":[{"name":"wp","href":"https:\/\/api.w.org\/{rel}","templated":true}]}}