{"id":2741,"date":"2020-11-01T14:01:38","date_gmt":"2020-11-01T13:01:38","guid":{"rendered":"https:\/\/snudifo37.fr\/?p=2741"},"modified":"2020-11-01T14:01:39","modified_gmt":"2020-11-01T13:01:39","slug":"aesh-suite-a-nos-interventions-le-ministere-retablit-enfin-lindemnite-compensatrice-csg","status":"publish","type":"post","link":"https:\/\/snudifo37.fr\/index.php\/2020\/11\/01\/aesh-suite-a-nos-interventions-le-ministere-retablit-enfin-lindemnite-compensatrice-csg\/","title":{"rendered":"AESH : Suite \u00e0 nos interventions, le minist\u00e8re r\u00e9tablit enfin l\u2019indemnit\u00e9 compensatrice CSG"},"content":{"rendered":"\n<p>L&rsquo;augmentation de la CSG au 1er janvier 2018 entra\u00eenait, pour l\u2019ensemble des personnels, une baisse de salaire. La FNEC FP-FO, avec la FGF-FO, a exig\u00e9 une compensation.<\/p>\n\n\n\n<p>Une indemnit\u00e9 compensatrice a \u00e9t\u00e9 instaur\u00e9e pour les fonctionnaires et les agents non-titulaires recrut\u00e9s avant le 1er janvier 2018.<\/p>\n\n\n\n<p>Or les non-titulaires en renouvellement de contrat en septembre 2018 se sont vus refuser cette indemnit\u00e9 compensatrice. Pour un AESH, la baisse de salaire repr\u00e9sente 0,92% de leur traitement brut, soit, pour un contrat de 24h, une centaine d\u2019euros par an ! <br>La FNEC FP-FO est intervenue aupr\u00e8s du minist\u00e8re d\u00e8s d\u00e9cembre 2018 et \u00e0 de nombreuses reprises par la suite pour que cette indemnit\u00e9 compensatrice soit vers\u00e9e pour tous les non-titulaires en renouvellement de contrat et en particulier pour les AESH, particuli\u00e8rement pr\u00e9caires.<\/p>\n\n\n\n<p>Lors du comit\u00e9 technique minist\u00e9riel de janvier 2019, le minist\u00e8re nous avait donn\u00e9 une r\u00e9ponse de principe favorable sans que cela ait \u00e9t\u00e9 suivi d&rsquo;effet, le minist\u00e8re des finances bloquant cette d\u00e9cision.<\/p>\n\n\n\n<p>Plus d\u2019un an et demi plus tard, le minist\u00e8re vient d\u2019envoyer des directives afin de mettre en place le versement de cette indemnit\u00e9 compensatrice CSG pour les AESH.<\/p>\n\n\n\n<p>Toutefois, les conditions fix\u00e9es par le minist\u00e8re sont tr\u00e8s restrictives. Pour la toucher, il faut \u00eatre en contrat actuellement et avoir \u00e9t\u00e9 en contrat sign\u00e9 avant le 1 er janvier 2018. Il ne doit pas y avoir interruption avec les contrats suivants. Si un contrat se termine au 31 ao\u00fbt, le contrat suivant doit commencer au 1 er septembre suivant. FO intervient pour qu\u2019aucun AESH ne soit l\u00e9s\u00e9, y compris ceux qui ne sont plus actuellement en contrat.<\/p>\n\n\n\n<p>Pour en savoir plus, contactez FO !<\/p>\n\n\n\n<p>FO continue \u00e0 demander la hausse des salaires et un vrai statut. L\u2019indemnit\u00e9 de 600\u20ac pour les AESH r\u00e9f\u00e9rents, instaur\u00e9e par le d\u00e9cret n\u00b0 2020-1287 du 23 octobre 2020 est loin de r\u00e9pondre aux revendications. C&rsquo;est une indemnit\u00e9 qui ne sera vers\u00e9e qu&rsquo;\u00e0 une infime partie des personnels, par ailleurs amen\u00e9s \u00e0 devenir des VRP des PIALs et \u00e0 prendre en charge des t\u00e2ches et des responsabilit\u00e9s sans commune mesure avec le montant de l&rsquo;indemnit\u00e9.<\/p>\n\n\n\n<p>La FNEC FP-FO invite les personnels \u00e0 se r\u00e9unir pour dresser la liste des revendications :<\/p>\n\n\n\n<ul class=\"wp-block-list\"><li>183\u20ac pour tous d\u00e8s maintenant, comme pour les personnels de la fonction publique hospitali\u00e8re !<\/li><li>Le paiement \u00e0 temps plein pour une quotit\u00e9 de 24h<\/li><li>Un vrai statut de la fonction publique pour les AESH<\/li><\/ul>\n\n\n\n<p class=\"has-text-align-right\"><em>Montreuil, le 30 octobre 2020<\/em><\/p>\n\n\n\n<div class=\"wp-block-file\"><a href=\"https:\/\/snudifo37.fr\/wp-content\/uploads\/2020\/11\/Communique-Indemnite-compensatrice-30-octobre.pdf\">Communique-Indemnite-compensatrice-30-octobre<\/a><a href=\"https:\/\/snudifo37.fr\/wp-content\/uploads\/2020\/11\/Communique-Indemnite-compensatrice-30-octobre.pdf\" class=\"wp-block-file__button\" download>T\u00e9l\u00e9charger<\/a><\/div>\n<a class=\"synved-social-button synved-social-button-share synved-social-size-32 synved-social-resolution-single synved-social-provider-facebook nolightbox\" data-provider=\"facebook\" target=\"_blank\" rel=\"nofollow\" title=\"Faites le savoir \u00e0 vos amis via Facebook \" href=\"https:\/\/www.facebook.com\/sharer.php?u=https%3A%2F%2Fsnudifo37.fr%2Findex.php%2Fwp-json%2Fwp%2Fv2%2Fposts%2F2741&#038;t=AESH%20%3A%20Suite%20%C3%A0%20nos%20interventions%2C%20le%20minist%C3%A8re%20r%C3%A9tablit%20enfin%20l%E2%80%99indemnit%C3%A9%20compensatrice%20CSG&#038;s=100&#038;p&#091;url&#093;=https%3A%2F%2Fsnudifo37.fr%2Findex.php%2Fwp-json%2Fwp%2Fv2%2Fposts%2F2741&#038;p&#091;images&#093;&#091;0&#093;=&#038;p&#091;title&#093;=AESH%20%3A%20Suite%20%C3%A0%20nos%20interventions%2C%20le%20minist%C3%A8re%20r%C3%A9tablit%20enfin%20l%E2%80%99indemnit%C3%A9%20compensatrice%20CSG\" style=\"font-size: 0px;width:32px;height:32px;margin:0;margin-bottom:20px;margin-right:20px\"><img loading=\"lazy\" decoding=\"async\" alt=\"Facebook\" title=\"Faites le savoir \u00e0 vos amis via Facebook \" class=\"synved-share-image synved-social-image synved-social-image-share\" width=\"32\" height=\"32\" style=\"display: inline;width:32px;height:32px;margin: 0;padding: 0;border: none;box-shadow: none\" src=\"https:\/\/snudifo37.fr\/wp-content\/plugins\/social-media-feather\/synved-social\/image\/social\/regular\/64x64\/facebook.png\" \/><\/a><a class=\"synved-social-button synved-social-button-share synved-social-size-32 synved-social-resolution-single synved-social-provider-twitter nolightbox\" data-provider=\"twitter\" target=\"_blank\" rel=\"nofollow\" title=\"Informez-en vos amis via Twitter\" href=\"https:\/\/twitter.com\/intent\/tweet?url=https%3A%2F%2Fsnudifo37.fr%2Findex.php%2Fwp-json%2Fwp%2Fv2%2Fposts%2F2741&#038;text=Le%20Snudi-Fo%20vous%20informe%3A\" style=\"font-size: 0px;width:32px;height:32px;margin:0;margin-bottom:20px;margin-right:20px\"><img loading=\"lazy\" decoding=\"async\" alt=\"twitter\" title=\"Informez-en vos amis via Twitter\" class=\"synved-share-image synved-social-image synved-social-image-share\" width=\"32\" height=\"32\" style=\"display: inline;width:32px;height:32px;margin: 0;padding: 0;border: none;box-shadow: none\" src=\"https:\/\/snudifo37.fr\/wp-content\/plugins\/social-media-feather\/synved-social\/image\/social\/regular\/64x64\/twitter.png\" \/><\/a><a class=\"synved-social-button synved-social-button-share synved-social-size-32 synved-social-resolution-single synved-social-provider-mail nolightbox\" data-provider=\"mail\" rel=\"nofollow\" title=\"Les derni\u00e8res informations du Snudi-Fo 37\" href=\"mailto:?subject=AESH%20%3A%20Suite%20%C3%A0%20nos%20interventions%2C%20le%20minist%C3%A8re%20r%C3%A9tablit%20enfin%20l%E2%80%99indemnit%C3%A9%20compensatrice%20CSG&#038;body=Le%20Snudi-Fo%20vous%20informe%3A:%20https%3A%2F%2Fsnudifo37.fr%2Findex.php%2Fwp-json%2Fwp%2Fv2%2Fposts%2F2741\" style=\"font-size: 0px;width:32px;height:32px;margin:0;margin-bottom:20px\"><img loading=\"lazy\" decoding=\"async\" alt=\"mail\" title=\"Les derni\u00e8res informations du Snudi-Fo 37\" class=\"synved-share-image synved-social-image synved-social-image-share\" width=\"32\" height=\"32\" style=\"display: inline;width:32px;height:32px;margin: 0;padding: 0;border: none;box-shadow: none\" src=\"https:\/\/snudifo37.fr\/wp-content\/plugins\/social-media-feather\/synved-social\/image\/social\/regular\/64x64\/mail.png\" \/><\/a>","protected":false},"excerpt":{"rendered":"<p>L&rsquo;augmentation de la CSG au 1er janvier 2018 entra\u00eenait, pour l\u2019ensemble des personnels, une baisse de salaire. La FNEC FP-FO, avec la FGF-FO, a exig\u00e9 une compensation.<br \/>\nUne indemnit\u00e9 compensatrice a \u00e9t\u00e9 instaur\u00e9e pour les fonctionnaires et les agents non-titulaires recrut\u00e9s avant le 1er janvier 2018.<\/p>\n","protected":false},"author":1,"featured_media":0,"comment_status":"closed","ping_status":"closed","sticky":false,"template":"","format":"standard","meta":{"footnotes":""},"categories":[7],"tags":[150,174,794,61,401],"class_list":["post-2741","post","type-post","status-publish","format-standard","hentry","category-syndicat","tag-150","tag-aesh","tag-csg","tag-fnec-fp-fo-2","tag-indemnite"],"_links":{"self":[{"href":"https:\/\/snudifo37.fr\/index.php\/wp-json\/wp\/v2\/posts\/2741","targetHints":{"allow":["GET"]}}],"collection":[{"href":"https:\/\/snudifo37.fr\/index.php\/wp-json\/wp\/v2\/posts"}],"about":[{"href":"https:\/\/snudifo37.fr\/index.php\/wp-json\/wp\/v2\/types\/post"}],"author":[{"embeddable":true,"href":"https:\/\/snudifo37.fr\/index.php\/wp-json\/wp\/v2\/users\/1"}],"replies":[{"embeddable":true,"href":"https:\/\/snudifo37.fr\/index.php\/wp-json\/wp\/v2\/comments?post=2741"}],"version-history":[{"count":1,"href":"https:\/\/snudifo37.fr\/index.php\/wp-json\/wp\/v2\/posts\/2741\/revisions"}],"predecessor-version":[{"id":2743,"href":"https:\/\/snudifo37.fr\/index.php\/wp-json\/wp\/v2\/posts\/2741\/revisions\/2743"}],"wp:attachment":[{"href":"https:\/\/snudifo37.fr\/index.php\/wp-json\/wp\/v2\/media?parent=2741"}],"wp:term":[{"taxonomy":"category","embeddable":true,"href":"https:\/\/snudifo37.fr\/index.php\/wp-json\/wp\/v2\/categories?post=2741"},{"taxonomy":"post_tag","embeddable":true,"href":"https:\/\/snudifo37.fr\/index.php\/wp-json\/wp\/v2\/tags?post=2741"}],"curies":[{"name":"wp","href":"https:\/\/api.w.org\/{rel}","templated":true}]}}