{"id":2731,"date":"2020-10-31T14:44:20","date_gmt":"2020-10-31T13:44:20","guid":{"rendered":"https:\/\/snudifo37.fr\/?p=2731"},"modified":"2020-10-31T14:44:20","modified_gmt":"2020-10-31T13:44:20","slug":"insupportable","status":"publish","type":"post","link":"https:\/\/snudifo37.fr\/index.php\/2020\/10\/31\/insupportable\/","title":{"rendered":"INSUPPORTABLE !"},"content":{"rendered":"\n<p>Suite \u00e0 l\u2019assassinat de Samuel Paty, le minist\u00e8re avait annonc\u00e9 dans les m\u00e9dias un dispositif particulier dans les \u00e9coles pour la rentr\u00e9e lundi 2 novembre : rentr\u00e9e des \u00e9l\u00e8ves \u00e0 10h, activit\u00e9s p\u00e9dagogiques impos\u00e9es autour de cet \u00e9v\u00e9nement tragique, minute de silence\u2026<\/p>\n\n\n\n<p>Jusqu\u2019aux derniers jours des vacances, aucune communication n\u2019a \u00e9t\u00e9 effectu\u00e9e aupr\u00e8s des directeurs d\u2019\u00e9cole sur les dispositions concr\u00e8tes de mise en place de cette rentr\u00e9e scolaire ! Faute d\u2019instructions claires des IA-DASEN et des recteurs, nos coll\u00e8gues, sur leur temps de vacances, recevaient donc les informations par BFM TV !<\/p>\n\n\n\n<p>Certains directeurs d\u2019\u00e9cole ont commenc\u00e9 lors des derniers jours de cong\u00e9s \u00e0 contacter les municipalit\u00e9s pour voir si une garderie \u00e9tait pr\u00e9vue jusqu\u2019\u00e0 10h au sein de l\u2019\u00e9cole, ils ont \u00e9t\u00e9 submerg\u00e9s de questions l\u00e9gitimes de parents d\u2019\u00e9l\u00e8ves sans pouvoir y r\u00e9pondre\u2026<\/p>\n\n\n\n<p>A cette situation s\u2019est ajout\u00e9e la question du nouveau protocole et du \u00ab <em>reconfinement <\/em>\u00bb.<\/p>\n\n\n\n<p>Aux directeurs d\u2019\u00e9cole et aux personnels de mettre en place le nouveau protocole sanitaire publi\u00e9 le 29 octobre au soir par le ministre, protocole encore plus inapplicable que les pr\u00e9c\u00e9dents, faisant peser toujours plus la responsabilit\u00e9 de la propagation de l\u2019\u00e9pid\u00e9mie sur les personnels : \u00e0 eux d\u2019organiser l\u2019impossible non-brassage des \u00e9l\u00e8ves, de renforcer la ventilation, de veiller \u00e0 ce que les \u00e9l\u00e8ves \u00e0 partir de 6 ans (enfants qui para\u00eet-il n\u2019\u00e9taient pas vecteurs de transmission du virus) portent le masque en permanence\u2026 pendant que le ministre s\u2019exon\u00e8re de ses obligations de prot\u00e9ger les personnels !<\/p>\n\n\n\n<p>Aux directeurs d\u2019\u00e9cole \u00e9galement lors de cette impossible rentr\u00e9e la responsabilit\u00e9 de signer les attestations aux dizaines ou aux centaines de parents d\u2019\u00e9l\u00e8ves venant accompagner ou r\u00e9cup\u00e9rer leurs enfants \u00e0 l\u2019\u00e9cole !<\/p>\n\n\n\n<p>Aux directeurs d\u2019\u00e9cole toujours de veiller \u00e0 la mise en place du plan Vigipirate renforc\u00e9 dans une p\u00e9riode marqu\u00e9e par plusieurs agressions et assassinats dans le pays !<\/p>\n\n\n\n<p>Comme si cela ne suffisait pas, le ministre vient d\u2019annoncer ce vendredi 30 octobre que la rentr\u00e9e du lundi 2 novembre, initialement pr\u00e9vue \u00e0 10h pour les \u00e9l\u00e8ves, aurait finalement lieu \u00e0 l\u2019heure habituelle\u2026 \u00ab <em>En pratique, tous les \u00e9l\u00e8ves reprendront les cours comme \u00e0 l\u2019habitude<\/em> \u00bb \u00e9crit-il\u2026 charge donc aux directeurs d\u2019\u00e9cole de pr\u00e9venir les familles durant le week-end, familles qu\u2019ils venaient \u00e0 peine d\u2019informer d\u2019une rentr\u00e9e des \u00e9l\u00e8ves \u00e0 10h !<\/p>\n\n\n\n<p>Avec ses ordres et contrordres permanents, le ministre est en train de faire exploser les personnels, et notamment les directeurs d\u2019\u00e9cole ! Les limites de l\u2019incurie et de l\u2019incomp\u00e9tence sont largement d\u00e9pass\u00e9es !<\/p>\n\n\n\n<p>Pour le SNUDI-FO, c\u2019est inacceptable ! Le m\u00e9pris des personnels, le m\u00e9pris des statuts, le m\u00e9pris de l\u2019Ecole publique, \u00e7a suffit ! <\/p>\n\n\n\n<p>Le refus de satisfaire la moindre des revendications (postes, salaires\u2026), \u00e7a suffit !<\/p>\n\n\n\n<p>La volont\u00e9 d\u2019imposer co\u00fbte que co\u00fbte des r\u00e9formes s\u2019en prenant \u00e0 nos statuts et nos conditions de travail, \u00e7a suffit !<\/p>\n\n\n\n<p><strong>Le SNUDI-FO appelle les personnels \u00e0 se saisir de l\u2019appel des f\u00e9d\u00e9rations FSU, FNEC FP-FO, CGT Educ\u2019action, SUD Education et SNALC \u00e0 se r\u00e9unir dans les \u00e9coles d\u00e8s le lundi 2 novembre, \u00e0 lister toutes leurs revendications et \u00e0 les faire remonter \u00e0 leur hi\u00e9rarchie, avec copie aux organisations syndicales.<\/strong><\/p>\n\n\n\n<p><strong>Pour le SNUDI-FO, la question de la gr\u00e8ve pour briser cette spirale infernale de d\u00e9gradation de nos conditions de travail et obtenir une r\u00e9elle augmentation de nos salaires est pos\u00e9e. La FNEC FP-FO a d\u2019ores et d\u00e9j\u00e0 d\u00e9pos\u00e9 un pr\u00e9avis de gr\u00e8ve pour couvrir toutes les initiatives jusqu\u2019aux vacances de No\u00ebl.<\/strong><\/p>\n\n\n\n<p class=\"has-text-align-right\"><em>Montreuil, le 30 octobre 2020<\/em><\/p>\n\n\n\n<div class=\"wp-block-file\"><a href=\"https:\/\/snudifo37.fr\/wp-content\/uploads\/2020\/10\/201030-Communique-SNUDI-FO-insupportable.pdf\">201030-Communique-SNUDI-FO-insupportable<\/a><a href=\"https:\/\/snudifo37.fr\/wp-content\/uploads\/2020\/10\/201030-Communique-SNUDI-FO-insupportable.pdf\" class=\"wp-block-file__button\" download>T\u00e9l\u00e9charger<\/a><\/div>\n<a class=\"synved-social-button synved-social-button-share synved-social-size-32 synved-social-resolution-single synved-social-provider-facebook nolightbox\" data-provider=\"facebook\" target=\"_blank\" rel=\"nofollow\" title=\"Faites le savoir \u00e0 vos amis via Facebook \" href=\"https:\/\/www.facebook.com\/sharer.php?u=https%3A%2F%2Fsnudifo37.fr%2Findex.php%2Fwp-json%2Fwp%2Fv2%2Fposts%2F2731&#038;t=INSUPPORTABLE%20%21&#038;s=100&#038;p&#091;url&#093;=https%3A%2F%2Fsnudifo37.fr%2Findex.php%2Fwp-json%2Fwp%2Fv2%2Fposts%2F2731&#038;p&#091;images&#093;&#091;0&#093;=&#038;p&#091;title&#093;=INSUPPORTABLE%20%21\" style=\"font-size: 0px;width:32px;height:32px;margin:0;margin-bottom:20px;margin-right:20px\"><img loading=\"lazy\" decoding=\"async\" alt=\"Facebook\" title=\"Faites le savoir \u00e0 vos amis via Facebook \" class=\"synved-share-image synved-social-image synved-social-image-share\" width=\"32\" height=\"32\" style=\"display: inline;width:32px;height:32px;margin: 0;padding: 0;border: none;box-shadow: none\" src=\"https:\/\/snudifo37.fr\/wp-content\/plugins\/social-media-feather\/synved-social\/image\/social\/regular\/64x64\/facebook.png\" \/><\/a><a class=\"synved-social-button synved-social-button-share synved-social-size-32 synved-social-resolution-single synved-social-provider-twitter nolightbox\" data-provider=\"twitter\" target=\"_blank\" rel=\"nofollow\" title=\"Informez-en vos amis via Twitter\" href=\"https:\/\/twitter.com\/intent\/tweet?url=https%3A%2F%2Fsnudifo37.fr%2Findex.php%2Fwp-json%2Fwp%2Fv2%2Fposts%2F2731&#038;text=Le%20Snudi-Fo%20vous%20informe%3A\" style=\"font-size: 0px;width:32px;height:32px;margin:0;margin-bottom:20px;margin-right:20px\"><img loading=\"lazy\" decoding=\"async\" alt=\"twitter\" title=\"Informez-en vos amis via Twitter\" class=\"synved-share-image synved-social-image synved-social-image-share\" width=\"32\" height=\"32\" style=\"display: inline;width:32px;height:32px;margin: 0;padding: 0;border: none;box-shadow: none\" src=\"https:\/\/snudifo37.fr\/wp-content\/plugins\/social-media-feather\/synved-social\/image\/social\/regular\/64x64\/twitter.png\" \/><\/a><a class=\"synved-social-button synved-social-button-share synved-social-size-32 synved-social-resolution-single synved-social-provider-mail nolightbox\" data-provider=\"mail\" rel=\"nofollow\" title=\"Les derni\u00e8res informations du Snudi-Fo 37\" href=\"mailto:?subject=INSUPPORTABLE%20%21&#038;body=Le%20Snudi-Fo%20vous%20informe%3A:%20https%3A%2F%2Fsnudifo37.fr%2Findex.php%2Fwp-json%2Fwp%2Fv2%2Fposts%2F2731\" style=\"font-size: 0px;width:32px;height:32px;margin:0;margin-bottom:20px\"><img loading=\"lazy\" decoding=\"async\" alt=\"mail\" title=\"Les derni\u00e8res informations du Snudi-Fo 37\" class=\"synved-share-image synved-social-image synved-social-image-share\" width=\"32\" height=\"32\" style=\"display: inline;width:32px;height:32px;margin: 0;padding: 0;border: none;box-shadow: none\" src=\"https:\/\/snudifo37.fr\/wp-content\/plugins\/social-media-feather\/synved-social\/image\/social\/regular\/64x64\/mail.png\" \/><\/a>","protected":false},"excerpt":{"rendered":"<p>Suite \u00e0 l\u2019assassinat de Samuel Paty, le minist\u00e8re avait annonc\u00e9 dans les m\u00e9dias un dispositif particulier dans les \u00e9coles pour la rentr\u00e9e lundi 2 novembre : rentr\u00e9e des \u00e9l\u00e8ves \u00e0 10h, activit\u00e9s p\u00e9dagogiques impos\u00e9es autour de cet \u00e9v\u00e9nement tragique, minute de silence\u2026<\/p>\n","protected":false},"author":1,"featured_media":0,"comment_status":"closed","ping_status":"closed","sticky":false,"template":"","format":"standard","meta":{"footnotes":""},"categories":[7],"tags":[150,243,792,618,791,283,779],"class_list":["post-2731","post","type-post","status-publish","format-standard","hentry","category-syndicat","tag-150","tag-directeurs","tag-insupportable","tag-protocole","tag-reconfinement","tag-revendications","tag-samuel-paty"],"_links":{"self":[{"href":"https:\/\/snudifo37.fr\/index.php\/wp-json\/wp\/v2\/posts\/2731","targetHints":{"allow":["GET"]}}],"collection":[{"href":"https:\/\/snudifo37.fr\/index.php\/wp-json\/wp\/v2\/posts"}],"about":[{"href":"https:\/\/snudifo37.fr\/index.php\/wp-json\/wp\/v2\/types\/post"}],"author":[{"embeddable":true,"href":"https:\/\/snudifo37.fr\/index.php\/wp-json\/wp\/v2\/users\/1"}],"replies":[{"embeddable":true,"href":"https:\/\/snudifo37.fr\/index.php\/wp-json\/wp\/v2\/comments?post=2731"}],"version-history":[{"count":1,"href":"https:\/\/snudifo37.fr\/index.php\/wp-json\/wp\/v2\/posts\/2731\/revisions"}],"predecessor-version":[{"id":2733,"href":"https:\/\/snudifo37.fr\/index.php\/wp-json\/wp\/v2\/posts\/2731\/revisions\/2733"}],"wp:attachment":[{"href":"https:\/\/snudifo37.fr\/index.php\/wp-json\/wp\/v2\/media?parent=2731"}],"wp:term":[{"taxonomy":"category","embeddable":true,"href":"https:\/\/snudifo37.fr\/index.php\/wp-json\/wp\/v2\/categories?post=2731"},{"taxonomy":"post_tag","embeddable":true,"href":"https:\/\/snudifo37.fr\/index.php\/wp-json\/wp\/v2\/tags?post=2731"}],"curies":[{"name":"wp","href":"https:\/\/api.w.org\/{rel}","templated":true}]}}