{"id":2651,"date":"2020-10-14T14:32:49","date_gmt":"2020-10-14T12:32:49","guid":{"rendered":"https:\/\/snudifo37.fr\/?p=2651"},"modified":"2020-10-14T14:32:50","modified_gmt":"2020-10-14T12:32:50","slug":"actualites-du-37-les-dernieres-interventions-du-snudi-fo","status":"publish","type":"post","link":"https:\/\/snudifo37.fr\/index.php\/2020\/10\/14\/actualites-du-37-les-dernieres-interventions-du-snudi-fo\/","title":{"rendered":"Actualit\u00e9s du 37: les derni\u00e8res interventions du Snudi FO"},"content":{"rendered":"\n<h3 class=\"has-vivid-red-color has-text-color wp-block-heading\"><strong>Directives de l&rsquo;IA-DASEN concernant la pause m\u00e9ridienne : le SNUDI-FO&nbsp;demande un rectificatif<\/strong><\/h3>\n\n\n\n<p><em>Monsieur l&rsquo;Inspecteur d&rsquo;Acad\u00e9mie,<br><br>Nous avons pris connaissance, comme nos coll\u00e8gues, avec stup\u00e9faction de votre communication dans la lettre info concernant des directives au sujet de la pause d\u00e9jeuner.<br><br>Nous tenons \u00e0 rappeler que le temps de pause ne fait pas partie du temps de travail des enseignants et que nulle consigne ne peut alors \u00eatre impos\u00e9e dans ce cadre.<br><br>Alors que le Ministre ne respecte pas ses obligations en terme de pr\u00e9vention et protection des personnels, nous ne saurions tol\u00e9rer des discours culpabilisants faisant porter une quelconque responsabilit\u00e9 de la situation sur nos coll\u00e8gues alors que, depuis&nbsp;des mois,&nbsp;dans des situations tr\u00e8s difficiles, chacun fait de son mieux pour remplir ses missions.<br><br>Nous tenons \u00e0 rappeler que, lors du dernier CHSCT-A, le m\u00e9decin de&nbsp;m\u00e9decin&nbsp;et le psychologue du travail ont t\u00e9moign\u00e9 de l\u2019\u00e9tat de fatigue de nombreux coll\u00e8gues en cette p\u00e9riode.<\/em><\/p>\n\n\n\n<p><em>Aussi, alors que les mesures toujours plus restrictives s\u2019accumulent contre les libert\u00e9s individuelles, nous vous demandons, Monsieur l&rsquo;Inspecteur d&rsquo;Acad\u00e9mie, d&rsquo;apporter un rectificatif \u00e0 votre lettre info et vous prions de croire en notre parfaite consid\u00e9ration.<br><br>J\u00e9r\u00f4me Th\u00e9baut, secr\u00e9taire d\u00e9partemental<\/em><\/p>\n\n\n\n<h3 class=\"has-vivid-red-color has-text-color wp-block-heading\"><strong>Saisie des r\u00e9sultats des \u00e9lections de parents et frais de d\u00e9placement conseils \u00e9cole-coll\u00e8ge\u00a0: le SNUDI-FO a imm\u00e9diatement saisi l&rsquo;IA-DASEN :<\/strong><\/h3>\n\n\n\n<p><em>Plusieurs directeurs nous ont inform\u00e9s des difficult\u00e9s qu\u2019ils ont rencontr\u00e9es hier soir&nbsp; (NDLR vendredi soir) lors de tentatives vaines de saisie des r\u00e9sultats des \u00e9lections des parents d\u2019\u00e9l\u00e8ves sur l\u2019application d\u00e9di\u00e9e.<\/em><\/p>\n\n\n\n<p><em>Au-del\u00e0 du fait que cela fait doublon avec l\u2019envoi papier des r\u00e9sultats, nous attirons votre attention sur la pression exerc\u00e9e encore une fois sur les directeurs avec l\u2019injonction de communiquer les r\u00e9sultats le soir-m\u00eame alors que l\u2019application est d\u00e9faillante. Des coll\u00e8gues ont essay\u00e9 durant des heures, en vain.<br>Nous demandons le versement d\u2019IPE pour indemniser le temps pass\u00e9 \u00e0 ces directives inapplicables.<\/em><\/p>\n\n\n\n<p><em>Par ailleurs, des coll\u00e8gues participant aux conseils Ecole-coll\u00e8ge ne re\u00e7oivent pas d\u2019ordre de mission ni de frais de d\u00e9placement, contrairement \u00e0 vos engagements. Nous vous demandons la r\u00e9gularisation r\u00e9troactive pour tous les coll\u00e8gues concern\u00e9s sur les 4 derni\u00e8res ann\u00e9es concernant les frais de d\u00e9placement.<\/em><\/p>\n\n\n\n<p><em>Persuad\u00e9 de votre attention \u00e0 l\u2019\u00e9gard des conditions de travail de nos coll\u00e8gues, je vous prie de croire, Monsieur l\u2019Inspecteur d\u2019Acad\u00e9mie, en ma parfaite consid\u00e9ration.<\/em><\/p>\n\n\n\n<h3 class=\"has-vivid-red-color has-text-color wp-block-heading\"><strong>ISSR des titulaires rempla\u00e7ants : le SNUDI-FO \u00e9crit \u00e0 l&rsquo;IA-DASEN<\/strong><br><\/h3>\n\n\n\n<p>Les TR-ZIL et BD sont affect\u00e9s depuis la rentr\u00e9e sur des missions de remplacement sans recevoir d&rsquo;avis de suppl\u00e9ance ni r\u00e9capitulatif ARIA ce qui suscite des inqui\u00e9tudes quant au versement des ISSR d\u00e8s novembre.<br>Nous avons demand\u00e9 \u00e0 l&rsquo;IA-DASEN que ces documents soient adress\u00e9s aux coll\u00e8gues concern\u00e9s et qu&rsquo;il nous assure que\u00a0ceux-ci\u00a0percevront bien les ISSR d\u00e8s novembre.<br><br>Nous invitons tous les rempla\u00e7ants \u00e0 nous saisir pour toute question sur ce dossier <a rel=\"noreferrer noopener\" href=\"mailto:fo-snudi@wanadoo.fr\" target=\"_blank\">fo-snudi@wanadoo.fr<\/a><\/p>\n<a class=\"synved-social-button synved-social-button-share synved-social-size-32 synved-social-resolution-single synved-social-provider-facebook nolightbox\" data-provider=\"facebook\" target=\"_blank\" rel=\"nofollow\" title=\"Faites le savoir \u00e0 vos amis via Facebook \" href=\"https:\/\/www.facebook.com\/sharer.php?u=https%3A%2F%2Fsnudifo37.fr%2Findex.php%2Fwp-json%2Fwp%2Fv2%2Fposts%2F2651&#038;t=Actualit%C3%A9s%20du%2037%3A%20les%20derni%C3%A8res%20interventions%20du%20Snudi%20FO&#038;s=100&#038;p&#091;url&#093;=https%3A%2F%2Fsnudifo37.fr%2Findex.php%2Fwp-json%2Fwp%2Fv2%2Fposts%2F2651&#038;p&#091;images&#093;&#091;0&#093;=https%3A%2F%2Fsnudifo37.fr%2Fwp-content%2Fuploads%2F2020%2F02%2Flogo_court_epais_quadri.png&#038;p&#091;title&#093;=Actualit%C3%A9s%20du%2037%3A%20les%20derni%C3%A8res%20interventions%20du%20Snudi%20FO\" style=\"font-size: 0px;width:32px;height:32px;margin:0;margin-bottom:20px;margin-right:20px\"><img loading=\"lazy\" decoding=\"async\" alt=\"Facebook\" title=\"Faites le savoir \u00e0 vos amis via Facebook \" class=\"synved-share-image synved-social-image synved-social-image-share\" width=\"32\" height=\"32\" style=\"display: inline;width:32px;height:32px;margin: 0;padding: 0;border: none;box-shadow: none\" src=\"https:\/\/snudifo37.fr\/wp-content\/plugins\/social-media-feather\/synved-social\/image\/social\/regular\/64x64\/facebook.png\" \/><\/a><a class=\"synved-social-button synved-social-button-share synved-social-size-32 synved-social-resolution-single synved-social-provider-twitter nolightbox\" data-provider=\"twitter\" target=\"_blank\" rel=\"nofollow\" title=\"Informez-en vos amis via Twitter\" href=\"https:\/\/twitter.com\/intent\/tweet?url=https%3A%2F%2Fsnudifo37.fr%2Findex.php%2Fwp-json%2Fwp%2Fv2%2Fposts%2F2651&#038;text=Le%20Snudi-Fo%20vous%20informe%3A\" style=\"font-size: 0px;width:32px;height:32px;margin:0;margin-bottom:20px;margin-right:20px\"><img loading=\"lazy\" decoding=\"async\" alt=\"twitter\" title=\"Informez-en vos amis via Twitter\" class=\"synved-share-image synved-social-image synved-social-image-share\" width=\"32\" height=\"32\" style=\"display: inline;width:32px;height:32px;margin: 0;padding: 0;border: none;box-shadow: none\" src=\"https:\/\/snudifo37.fr\/wp-content\/plugins\/social-media-feather\/synved-social\/image\/social\/regular\/64x64\/twitter.png\" \/><\/a><a class=\"synved-social-button synved-social-button-share synved-social-size-32 synved-social-resolution-single synved-social-provider-mail nolightbox\" data-provider=\"mail\" rel=\"nofollow\" title=\"Les derni\u00e8res informations du Snudi-Fo 37\" href=\"mailto:?subject=Actualit%C3%A9s%20du%2037%3A%20les%20derni%C3%A8res%20interventions%20du%20Snudi%20FO&#038;body=Le%20Snudi-Fo%20vous%20informe%3A:%20https%3A%2F%2Fsnudifo37.fr%2Findex.php%2Fwp-json%2Fwp%2Fv2%2Fposts%2F2651\" style=\"font-size: 0px;width:32px;height:32px;margin:0;margin-bottom:20px\"><img loading=\"lazy\" decoding=\"async\" alt=\"mail\" title=\"Les derni\u00e8res informations du Snudi-Fo 37\" class=\"synved-share-image synved-social-image synved-social-image-share\" width=\"32\" height=\"32\" style=\"display: inline;width:32px;height:32px;margin: 0;padding: 0;border: none;box-shadow: none\" src=\"https:\/\/snudifo37.fr\/wp-content\/plugins\/social-media-feather\/synved-social\/image\/social\/regular\/64x64\/mail.png\" \/><\/a>","protected":false},"excerpt":{"rendered":"<p>Pause m\u00e9ridienne, \u00e9lections de parents et indemnit\u00e9s de remplacement, retrouvez ici les derni\u00e8res interventions du Snudi FO 37.<\/p>\n","protected":false},"author":1,"featured_media":1710,"comment_status":"closed","ping_status":"closed","sticky":false,"template":"","format":"standard","meta":{"footnotes":""},"categories":[7],"tags":[771,768,769,265,171,163,123],"class_list":["post-2651","post","type-post","status-publish","format-standard","has-post-thumbnail","hentry","category-syndicat","tag-conseil-ecole-college","tag-directives","tag-elections","tag-ia-dasen","tag-issr","tag-remplacements","tag-remplacants"],"_links":{"self":[{"href":"https:\/\/snudifo37.fr\/index.php\/wp-json\/wp\/v2\/posts\/2651","targetHints":{"allow":["GET"]}}],"collection":[{"href":"https:\/\/snudifo37.fr\/index.php\/wp-json\/wp\/v2\/posts"}],"about":[{"href":"https:\/\/snudifo37.fr\/index.php\/wp-json\/wp\/v2\/types\/post"}],"author":[{"embeddable":true,"href":"https:\/\/snudifo37.fr\/index.php\/wp-json\/wp\/v2\/users\/1"}],"replies":[{"embeddable":true,"href":"https:\/\/snudifo37.fr\/index.php\/wp-json\/wp\/v2\/comments?post=2651"}],"version-history":[{"count":1,"href":"https:\/\/snudifo37.fr\/index.php\/wp-json\/wp\/v2\/posts\/2651\/revisions"}],"predecessor-version":[{"id":2652,"href":"https:\/\/snudifo37.fr\/index.php\/wp-json\/wp\/v2\/posts\/2651\/revisions\/2652"}],"wp:featuredmedia":[{"embeddable":true,"href":"https:\/\/snudifo37.fr\/index.php\/wp-json\/wp\/v2\/media\/1710"}],"wp:attachment":[{"href":"https:\/\/snudifo37.fr\/index.php\/wp-json\/wp\/v2\/media?parent=2651"}],"wp:term":[{"taxonomy":"category","embeddable":true,"href":"https:\/\/snudifo37.fr\/index.php\/wp-json\/wp\/v2\/categories?post=2651"},{"taxonomy":"post_tag","embeddable":true,"href":"https:\/\/snudifo37.fr\/index.php\/wp-json\/wp\/v2\/tags?post=2651"}],"curies":[{"name":"wp","href":"https:\/\/api.w.org\/{rel}","templated":true}]}}