{"id":2619,"date":"2020-09-29T11:55:39","date_gmt":"2020-09-29T09:55:39","guid":{"rendered":"https:\/\/snudifo37.fr\/?p=2619"},"modified":"2020-09-29T11:55:40","modified_gmt":"2020-09-29T09:55:40","slug":"le-snudi-fo-le-syndicat-de-la-fiche-de-paie-intervient-pour-faire-valoir-vos-droits","status":"publish","type":"post","link":"https:\/\/snudifo37.fr\/index.php\/2020\/09\/29\/le-snudi-fo-le-syndicat-de-la-fiche-de-paie-intervient-pour-faire-valoir-vos-droits\/","title":{"rendered":"Le SNUDI-FO, le syndicat de la fiche de paie, intervient pour faire valoir vos droits"},"content":{"rendered":"\n<h3 class=\"has-vivid-red-color has-text-color wp-block-heading\"><strong>Prime COVID pour encadrement d&rsquo;enfants de soignants :<\/strong><\/h3>\n\n\n\n<p>Saisi par plusieurs coll\u00e8gues, le SNUDI-FO est intervenu sur leurs dossiers et a obtenu le d\u00e9blocage de la situation pour les enseignants concern\u00e9s qui vont obtenir le paiement des primes dues.<\/p>\n\n\n\n<p>Contactez le SNUDI-FO 37 \u00e0\u00a0<a rel=\"noreferrer noopener\" href=\"mailto:fo-snudi@wanadoo.fr\" target=\"_blank\">fo-snudi@wanadoo.fr<\/a>.<\/p>\n\n\n\n<h3 class=\"has-vivid-red-color has-text-color wp-block-heading\"><strong>Frais de d\u00e9placement et de repas des TD-TRS<\/strong><strong>&nbsp;:<\/strong><\/h3>\n\n\n\n<p>Les TD-TRS ont re\u00e7u\u00a0l&rsquo;information selon laquelle ils ont jusqu&rsquo;au 2 octobre pour adresser les documents n\u00e9cessaires au paiement des frais de d\u00e9placement. <strong>Rappelons que nous disposons de 4 ans pour faire valoir nos droits et que cette date n&rsquo;a donc pas de valeur r\u00e9glementaire.<\/strong><br><br>Le SNUDI-FO demande le report de\u00a0ce butoir\u00a0et se tient \u00e0 votre disposition \u00e0\u00a0<a rel=\"noreferrer noopener\" href=\"mailto:fo-snudi@wanadoo.fr\" target=\"_blank\">fo-snudi@wanadoo.fr<\/a>\u00a0pour vous aider \u00e0 obtenir le remboursement de vos frais de d\u00e9placement et repas.<\/p>\n\n\n\n<h3 class=\"has-vivid-red-color has-text-color wp-block-heading\"><strong>Arr\u00eats pour suspicion COVID-19 : contactez le SNUDI-FO !<\/strong><\/h3>\n\n\n\n<p>Des coll\u00e8gues ont d\u00fb \u00eatre en arr\u00eat dans l&rsquo;attente de r\u00e9sultats du test COVID. Ceux-ci ont re\u00e7u un avis les informant d&rsquo;un jour de carence.<br>Or, si le test est n\u00e9gatif, les personnels doivent passer en ASA coronavirus et non en cong\u00e9 maladie.<br><strong>Nous sommes parvenus \u00e0 faire modifier les arr\u00eats de coll\u00e8gues concern\u00e9s qui ne se verront pas retirer le jour de carence.<\/strong><\/p>\n\n\n\n<p>Nous vous invitons \u00e0 saisir le SNUDI-FO \u00e0\u00a0<a rel=\"noreferrer noopener\" href=\"mailto:fo-snudi@wanadoo.fr\" target=\"_blank\">fo-snudi@wanadoo.fr<\/a>\u00a0pour toute question ou toute aide.<\/p>\n<a class=\"synved-social-button synved-social-button-share synved-social-size-32 synved-social-resolution-single synved-social-provider-facebook nolightbox\" data-provider=\"facebook\" target=\"_blank\" rel=\"nofollow\" title=\"Faites le savoir \u00e0 vos amis via Facebook \" href=\"https:\/\/www.facebook.com\/sharer.php?u=https%3A%2F%2Fsnudifo37.fr%2Findex.php%2Fwp-json%2Fwp%2Fv2%2Fposts%2F2619&#038;t=Le%20SNUDI-FO%2C%20le%20syndicat%20de%20la%20fiche%20de%20paie%2C%20intervient%20pour%20faire%20valoir%20vos%20droits&#038;s=100&#038;p&#091;url&#093;=https%3A%2F%2Fsnudifo37.fr%2Findex.php%2Fwp-json%2Fwp%2Fv2%2Fposts%2F2619&#038;p&#091;images&#093;&#091;0&#093;=&#038;p&#091;title&#093;=Le%20SNUDI-FO%2C%20le%20syndicat%20de%20la%20fiche%20de%20paie%2C%20intervient%20pour%20faire%20valoir%20vos%20droits\" style=\"font-size: 0px;width:32px;height:32px;margin:0;margin-bottom:20px;margin-right:20px\"><img loading=\"lazy\" decoding=\"async\" alt=\"Facebook\" title=\"Faites le savoir \u00e0 vos amis via Facebook \" class=\"synved-share-image synved-social-image synved-social-image-share\" width=\"32\" height=\"32\" style=\"display: inline;width:32px;height:32px;margin: 0;padding: 0;border: none;box-shadow: none\" src=\"https:\/\/snudifo37.fr\/wp-content\/plugins\/social-media-feather\/synved-social\/image\/social\/regular\/64x64\/facebook.png\" \/><\/a><a class=\"synved-social-button synved-social-button-share synved-social-size-32 synved-social-resolution-single synved-social-provider-twitter nolightbox\" data-provider=\"twitter\" target=\"_blank\" rel=\"nofollow\" title=\"Informez-en vos amis via Twitter\" href=\"https:\/\/twitter.com\/intent\/tweet?url=https%3A%2F%2Fsnudifo37.fr%2Findex.php%2Fwp-json%2Fwp%2Fv2%2Fposts%2F2619&#038;text=Le%20Snudi-Fo%20vous%20informe%3A\" style=\"font-size: 0px;width:32px;height:32px;margin:0;margin-bottom:20px;margin-right:20px\"><img loading=\"lazy\" decoding=\"async\" alt=\"twitter\" title=\"Informez-en vos amis via Twitter\" class=\"synved-share-image synved-social-image synved-social-image-share\" width=\"32\" height=\"32\" style=\"display: inline;width:32px;height:32px;margin: 0;padding: 0;border: none;box-shadow: none\" src=\"https:\/\/snudifo37.fr\/wp-content\/plugins\/social-media-feather\/synved-social\/image\/social\/regular\/64x64\/twitter.png\" \/><\/a><a class=\"synved-social-button synved-social-button-share synved-social-size-32 synved-social-resolution-single synved-social-provider-mail nolightbox\" data-provider=\"mail\" rel=\"nofollow\" title=\"Les derni\u00e8res informations du Snudi-Fo 37\" href=\"mailto:?subject=Le%20SNUDI-FO%2C%20le%20syndicat%20de%20la%20fiche%20de%20paie%2C%20intervient%20pour%20faire%20valoir%20vos%20droits&#038;body=Le%20Snudi-Fo%20vous%20informe%3A:%20https%3A%2F%2Fsnudifo37.fr%2Findex.php%2Fwp-json%2Fwp%2Fv2%2Fposts%2F2619\" style=\"font-size: 0px;width:32px;height:32px;margin:0;margin-bottom:20px\"><img loading=\"lazy\" decoding=\"async\" alt=\"mail\" title=\"Les derni\u00e8res informations du Snudi-Fo 37\" class=\"synved-share-image synved-social-image synved-social-image-share\" width=\"32\" height=\"32\" style=\"display: inline;width:32px;height:32px;margin: 0;padding: 0;border: none;box-shadow: none\" src=\"https:\/\/snudifo37.fr\/wp-content\/plugins\/social-media-feather\/synved-social\/image\/social\/regular\/64x64\/mail.png\" \/><\/a>","protected":false},"excerpt":{"rendered":"<p>Le SNUDI FO agit tant au niveau national qu&rsquo;au niveau d\u00e9partemental. Retrouvez ici nos derni\u00e8res interventions sur les dossiers de la Prime Covid, des arr\u00eats pour suspicion de Covid19 et concernant les frais de d\u00e9placements et de repas des TD TRS.<\/p>\n","protected":false},"author":1,"featured_media":0,"comment_status":"closed","ping_status":"closed","sticky":false,"template":"","format":"standard","meta":{"footnotes":""},"categories":[7],"tags":[150,490,519,733,104],"class_list":["post-2619","post","type-post","status-publish","format-standard","hentry","category-syndicat","tag-150","tag-coronavirus","tag-covid-19","tag-rentree-2020","tag-td-trs"],"_links":{"self":[{"href":"https:\/\/snudifo37.fr\/index.php\/wp-json\/wp\/v2\/posts\/2619","targetHints":{"allow":["GET"]}}],"collection":[{"href":"https:\/\/snudifo37.fr\/index.php\/wp-json\/wp\/v2\/posts"}],"about":[{"href":"https:\/\/snudifo37.fr\/index.php\/wp-json\/wp\/v2\/types\/post"}],"author":[{"embeddable":true,"href":"https:\/\/snudifo37.fr\/index.php\/wp-json\/wp\/v2\/users\/1"}],"replies":[{"embeddable":true,"href":"https:\/\/snudifo37.fr\/index.php\/wp-json\/wp\/v2\/comments?post=2619"}],"version-history":[{"count":1,"href":"https:\/\/snudifo37.fr\/index.php\/wp-json\/wp\/v2\/posts\/2619\/revisions"}],"predecessor-version":[{"id":2620,"href":"https:\/\/snudifo37.fr\/index.php\/wp-json\/wp\/v2\/posts\/2619\/revisions\/2620"}],"wp:attachment":[{"href":"https:\/\/snudifo37.fr\/index.php\/wp-json\/wp\/v2\/media?parent=2619"}],"wp:term":[{"taxonomy":"category","embeddable":true,"href":"https:\/\/snudifo37.fr\/index.php\/wp-json\/wp\/v2\/categories?post=2619"},{"taxonomy":"post_tag","embeddable":true,"href":"https:\/\/snudifo37.fr\/index.php\/wp-json\/wp\/v2\/tags?post=2619"}],"curies":[{"name":"wp","href":"https:\/\/api.w.org\/{rel}","templated":true}]}}