{"id":2600,"date":"2020-09-24T21:25:23","date_gmt":"2020-09-24T19:25:23","guid":{"rendered":"https:\/\/snudifo37.fr\/?p=2600"},"modified":"2020-09-24T21:25:23","modified_gmt":"2020-09-24T19:25:23","slug":"une-formation-constellations-imposee-inscrite-dans-le-cadre-de-ppcr-et-des-lignes-directrices-de-gestion-promotions","status":"publish","type":"post","link":"https:\/\/snudifo37.fr\/index.php\/2020\/09\/24\/une-formation-constellations-imposee-inscrite-dans-le-cadre-de-ppcr-et-des-lignes-directrices-de-gestion-promotions\/","title":{"rendered":"Une formation \u00abconstellations\u00bb impos\u00e9e inscrite dans le cadre de PPCR et des lignes directrices de gestion promotions !"},"content":{"rendered":"\n<p>Depuis juillet dernier, le SNUDI-FO alerte sur la mise en place des formations constellations qui remettent en cause la libert\u00e9 p\u00e9dagogique et le libre choix de la formation. Ce dispositif se met en place progressivement dans les d\u00e9partements.<\/p>\n\n\n\n<h3 class=\"has-text-align-center wp-block-heading\"><strong>Une formation continue qui se r\u00e9sumerait \u00e0 observer et \u00eatre observ\u00e9 dans nos classes, en dehors de tout cadre r\u00e9glementaire : les coll\u00e8gues refusent !<\/strong><\/h3>\n\n\n\n<p>Dans les d\u00e9partements, les enseignants cibl\u00e9s refusent ces constellations :<\/p>\n\n\n\n<ul class=\"wp-block-list\"><li>ils veulent pouvoir choisir librement leurs 18h d\u2019animations p\u00e9dagogiques ;<\/li><li>ils veulent pouvoir choisir leur stage de formation comme les ann\u00e9es pr\u00e9c\u00e9dentes ;<\/li><li>ils ne veulent ni de la co-observation ni des visites des CPC que ce soit dans le cadre des deux jours de stage impos\u00e9s ou dans le cadre de la pr\u00e9paration de la constellation ;<\/li><li>ils ne veulent pas d\u2019une pseudo formation consistant au final \u00e0 de l\u2019auto-formation ou du formatage ;<\/li><li>ils refusent la remise en cause de leurs pratiques p\u00e9dagogiques dans un dispositif qui nie la r\u00e9alit\u00e9 de leurs conditions de travail.<\/li><\/ul>\n\n\n\n<p>Le SNUDI-FO rappelle que, si les enseignants sont tenus de participer \u00e0 18h d\u2019animations p\u00e9dagogiques, il est de la responsabilit\u00e9 de l\u2019institution d\u2019organiser un plan de formation avec des animations p\u00e9dagogiques que les PE peuvent librement choisir en fonction du contenu.<\/p>\n\n\n\n<p>Il rappelle \u00e9galement qu\u2019aucun texte r\u00e9glementaire ne permet d\u2019imposer \u00e0 un enseignant la visite d\u2019un de ses coll\u00e8gues, qui n\u2019a aucun statut particulier pour cela. De m\u00eame, le fait de convoquer un enseignant et le sortir de sa classe pour participer \u00e0 l\u2019observation de la classe d\u2019un autre coll\u00e8gue ne peut \u00eatre consid\u00e9r\u00e9 comme un stage de formation continue et \u00eatre impos\u00e9.<\/p>\n\n\n\n<p>C\u2019est pourquoi le SNUDI-FO demande l\u2019abandon de ce dispositif qui ne saurait se substituer aux 18h d\u2019animations p\u00e9dagogiques telles que d\u00e9finies dans nos obligations r\u00e9glementaires de service et intervient pour qu\u2019il ne soit en aucun cas impos\u00e9 aux coll\u00e8gues. Le SNUDI-FO rappelle que les RIS sont d\u00e9ductibles des animations p\u00e9dagogiques.<\/p>\n\n\n\n<h3 class=\"has-text-align-center wp-block-heading\"><strong>Des premi\u00e8res mobilisations \u2026<\/strong><\/h3>\n\n\n\n<p>Dans les d\u00e9partements d\u00e9j\u00e0 concern\u00e9s, les coll\u00e8gues cherchent \u00e0 r\u00e9sister \u00e0 cette offensive.<\/p>\n\n\n\n<p>Dans les Yvelines, des conseils de maitres se r\u00e9unissent et prennent position. Ils indiquent ne pas \u00eatre volontaires pour participer \u00e0 la formation constellation et s\u2019inscrivent aux animations p\u00e9dagogiques de leur choix, comme ils l\u2019ont toujours fait. Dans ce cadre, des IEN indiquent d\u00e9j\u00e0 que, si la formation ne convient pas aux enseignants, ils ne seront pas oblig\u00e9s de la mettre en place.<\/p>\n\n\n\n<p>En Indre-et-Loire, les coll\u00e8gues signent le v\u0153u pr\u00e9sent\u00e9 par la FNEC FP-FO au CHSCT-A de l\u2019acad\u00e9mie Orl\u00e9ans-Tours repris dans une p\u00e9tition : \u00ab <em>Le CHSCT-A consid\u00e9rant l&rsquo;impact sur les conditions de travail des enseignants de la mise en place de la r\u00e9forme de la formation qui impose un suivi par constellations demande la suspension de ce dispositif et le retour \u00e0 un libre choix de la formation continue sur temps de travail et des animations p\u00e9dagogiques.<\/em> \u00bb<\/p>\n\n\n\n<p>Le SNUDI-FO, dans les d\u00e9partements, demande audience apr\u00e8s des DASEN pour porter les revendications des coll\u00e8gues.<\/p>\n\n\n\n<h3 class=\"has-text-align-center wp-block-heading\"><strong>Un accompagnement qui d\u00e9coule de PPCR, inscrit dans les lignes directrices de gestion promotions applicables \u00e0 partir de cette ann\u00e9e<\/strong><\/h3>\n\n\n\n<p>Comme nous l\u2019expliquons depuis juillet, ce dispositif formation-accompagnement impos\u00e9 ne tombe pas de nulle part : le ministre r\u00e9affirme lui-m\u00eame que cela d\u00e9coule de PPCR dans son projet de \u00ab <em>Lignes Directrices de Gestion relatives aux promotions et \u00e0 la valorisation des parcours professionnels<\/em> \u00bb qui cadreront les promotions \u00e0 partir de cette ann\u00e9e.<\/p>\n\n\n\n<p>Dans le chapitre \u00ab <em><strong>Un accompagnement des personnels tout au long de leur carri\u00e8re <\/strong>\u00bb, <\/em>il est pr\u00e9cis\u00e9 que les DRH acad\u00e9miques contribuent <em>\u00ab<strong> \u00e0 l\u2019accompagnement professionnel<\/strong> des personnels par la mise en place et la coordination de dispositifs d\u2019aide, de soutien et de conseil ainsi que de formation en lien avec le service acad\u00e9mique de la formation continue de tous les personnels. <\/em>\u00bb<br>\u00ab <em>Les personnels doivent, selon leurs fonctions : (\u2026)<\/em><\/p>\n\n\n\n<ul class=\"wp-block-list\"><li><em>faire \u00e9voluer leurs pratiques professionnelles (\u2026)(\u2026)<\/em><\/li><li><em>et partager leurs exp\u00e9riences entre pairs \u00bb<\/em><\/li><\/ul>\n\n\n\n<p>Le SNUDI-FO, depuis la mise en place de PPCR qu\u2019il n\u2019a pas sign\u00e9, a toujours alert\u00e9 sur le deuxi\u00e8me volet de ce protocole \u00e0 savoir un dispositif d\u2019accompagnement individuel ou collectif visant \u00e0 remettre en cause l\u2019ind\u00e9pendance professionnelle et la libert\u00e9 p\u00e9dagogique pour imposer les contre-r\u00e9formes minist\u00e9rielles.<\/p>\n\n\n\n<p><strong>Le SNUDI-FO renouvelle sa demande d\u2019audience au Ministre pour exiger :<\/strong><\/p>\n\n\n\n<ul class=\"wp-block-list\"><li><strong>Le respect de la libert\u00e9 p\u00e9dagogique et du libre choix de la formation continue<\/strong><\/li><li><strong>Le respect de nos obligations r\u00e9glementaires de service<\/strong><\/li><li><strong>Le retrait de PPCR<\/strong><\/li><\/ul>\n\n\n\n<p>Le SNUDI-FO invite les coll\u00e8gues \u00e0 se r\u00e9unir pour organiser la mobilisation face \u00e0 cette attaque contre les conditions de travail.<\/p>\n\n\n\n<p class=\"has-text-align-right\"><em>Montreuil, le 24 septembre 2020<\/em><\/p>\n\n\n\n<div class=\"wp-block-file\"><a href=\"https:\/\/snudifo37.fr\/wp-content\/uploads\/2020\/09\/200924-Communique-SNUDI-FO-formation-constellations.pdf\">200924-Communique-SNUDI-FO-formation-constellations<\/a><a href=\"https:\/\/snudifo37.fr\/wp-content\/uploads\/2020\/09\/200924-Communique-SNUDI-FO-formation-constellations.pdf\" class=\"wp-block-file__button\" download>T\u00e9l\u00e9charger<\/a><\/div>\n<a class=\"synved-social-button synved-social-button-share synved-social-size-32 synved-social-resolution-single synved-social-provider-facebook nolightbox\" data-provider=\"facebook\" target=\"_blank\" rel=\"nofollow\" title=\"Faites le savoir \u00e0 vos amis via Facebook \" href=\"https:\/\/www.facebook.com\/sharer.php?u=https%3A%2F%2Fsnudifo37.fr%2Findex.php%2Fwp-json%2Fwp%2Fv2%2Fposts%2F2600&#038;t=Une%20formation%20%C2%ABconstellations%C2%BB%20impos%C3%A9e%20inscrite%20dans%20le%20cadre%20de%20PPCR%20et%20des%20lignes%20directrices%20de%20gestion%20promotions%20%21&#038;s=100&#038;p&#091;url&#093;=https%3A%2F%2Fsnudifo37.fr%2Findex.php%2Fwp-json%2Fwp%2Fv2%2Fposts%2F2600&#038;p&#091;images&#093;&#091;0&#093;=&#038;p&#091;title&#093;=Une%20formation%20%C2%ABconstellations%C2%BB%20impos%C3%A9e%20inscrite%20dans%20le%20cadre%20de%20PPCR%20et%20des%20lignes%20directrices%20de%20gestion%20promotions%20%21\" style=\"font-size: 0px;width:32px;height:32px;margin:0;margin-bottom:20px;margin-right:20px\"><img loading=\"lazy\" decoding=\"async\" alt=\"Facebook\" title=\"Faites le savoir \u00e0 vos amis via Facebook \" class=\"synved-share-image synved-social-image synved-social-image-share\" width=\"32\" height=\"32\" style=\"display: inline;width:32px;height:32px;margin: 0;padding: 0;border: none;box-shadow: none\" src=\"https:\/\/snudifo37.fr\/wp-content\/plugins\/social-media-feather\/synved-social\/image\/social\/regular\/64x64\/facebook.png\" \/><\/a><a class=\"synved-social-button synved-social-button-share synved-social-size-32 synved-social-resolution-single synved-social-provider-twitter nolightbox\" data-provider=\"twitter\" target=\"_blank\" rel=\"nofollow\" title=\"Informez-en vos amis via Twitter\" href=\"https:\/\/twitter.com\/intent\/tweet?url=https%3A%2F%2Fsnudifo37.fr%2Findex.php%2Fwp-json%2Fwp%2Fv2%2Fposts%2F2600&#038;text=Le%20Snudi-Fo%20vous%20informe%3A\" style=\"font-size: 0px;width:32px;height:32px;margin:0;margin-bottom:20px;margin-right:20px\"><img loading=\"lazy\" decoding=\"async\" alt=\"twitter\" title=\"Informez-en vos amis via Twitter\" class=\"synved-share-image synved-social-image synved-social-image-share\" width=\"32\" height=\"32\" style=\"display: inline;width:32px;height:32px;margin: 0;padding: 0;border: none;box-shadow: none\" src=\"https:\/\/snudifo37.fr\/wp-content\/plugins\/social-media-feather\/synved-social\/image\/social\/regular\/64x64\/twitter.png\" \/><\/a><a class=\"synved-social-button synved-social-button-share synved-social-size-32 synved-social-resolution-single synved-social-provider-mail nolightbox\" data-provider=\"mail\" rel=\"nofollow\" title=\"Les derni\u00e8res informations du Snudi-Fo 37\" href=\"mailto:?subject=Une%20formation%20%C2%ABconstellations%C2%BB%20impos%C3%A9e%20inscrite%20dans%20le%20cadre%20de%20PPCR%20et%20des%20lignes%20directrices%20de%20gestion%20promotions%20%21&#038;body=Le%20Snudi-Fo%20vous%20informe%3A:%20https%3A%2F%2Fsnudifo37.fr%2Findex.php%2Fwp-json%2Fwp%2Fv2%2Fposts%2F2600\" style=\"font-size: 0px;width:32px;height:32px;margin:0;margin-bottom:20px\"><img loading=\"lazy\" decoding=\"async\" alt=\"mail\" title=\"Les derni\u00e8res informations du Snudi-Fo 37\" class=\"synved-share-image synved-social-image synved-social-image-share\" width=\"32\" height=\"32\" style=\"display: inline;width:32px;height:32px;margin: 0;padding: 0;border: none;box-shadow: none\" src=\"https:\/\/snudifo37.fr\/wp-content\/plugins\/social-media-feather\/synved-social\/image\/social\/regular\/64x64\/mail.png\" \/><\/a>","protected":false},"excerpt":{"rendered":"<p>Le SNUDI-FO organise la mobilisation pour mettre en \u00e9chec cette funeste r\u00e9forme !<\/p>\n","protected":false},"author":1,"featured_media":0,"comment_status":"closed","ping_status":"closed","sticky":false,"template":"","format":"standard","meta":{"footnotes":""},"categories":[7],"tags":[150,276,726,44,758,159,582,759,33],"class_list":["post-2600","post","type-post","status-publish","format-standard","hentry","category-syndicat","tag-150","tag-accompagnement","tag-constellations","tag-dasen","tag-drh","tag-formation","tag-liberte-pedagogique","tag-libre-choix","tag-ppcr"],"_links":{"self":[{"href":"https:\/\/snudifo37.fr\/index.php\/wp-json\/wp\/v2\/posts\/2600","targetHints":{"allow":["GET"]}}],"collection":[{"href":"https:\/\/snudifo37.fr\/index.php\/wp-json\/wp\/v2\/posts"}],"about":[{"href":"https:\/\/snudifo37.fr\/index.php\/wp-json\/wp\/v2\/types\/post"}],"author":[{"embeddable":true,"href":"https:\/\/snudifo37.fr\/index.php\/wp-json\/wp\/v2\/users\/1"}],"replies":[{"embeddable":true,"href":"https:\/\/snudifo37.fr\/index.php\/wp-json\/wp\/v2\/comments?post=2600"}],"version-history":[{"count":1,"href":"https:\/\/snudifo37.fr\/index.php\/wp-json\/wp\/v2\/posts\/2600\/revisions"}],"predecessor-version":[{"id":2602,"href":"https:\/\/snudifo37.fr\/index.php\/wp-json\/wp\/v2\/posts\/2600\/revisions\/2602"}],"wp:attachment":[{"href":"https:\/\/snudifo37.fr\/index.php\/wp-json\/wp\/v2\/media?parent=2600"}],"wp:term":[{"taxonomy":"category","embeddable":true,"href":"https:\/\/snudifo37.fr\/index.php\/wp-json\/wp\/v2\/categories?post=2600"},{"taxonomy":"post_tag","embeddable":true,"href":"https:\/\/snudifo37.fr\/index.php\/wp-json\/wp\/v2\/tags?post=2600"}],"curies":[{"name":"wp","href":"https:\/\/api.w.org\/{rel}","templated":true}]}}