{"id":2596,"date":"2020-09-23T21:21:36","date_gmt":"2020-09-23T19:21:36","guid":{"rendered":"https:\/\/snudifo37.fr\/?p=2596"},"modified":"2020-09-23T21:21:37","modified_gmt":"2020-09-23T19:21:37","slug":"communique-de-la-fnec-fp-fo-de-lacademie-dorleans-tours-concernant-le-courrier-de-madame-la-rectrice-aux-aed","status":"publish","type":"post","link":"https:\/\/snudifo37.fr\/index.php\/2020\/09\/23\/communique-de-la-fnec-fp-fo-de-lacademie-dorleans-tours-concernant-le-courrier-de-madame-la-rectrice-aux-aed\/","title":{"rendered":"Communiqu\u00e9 de la FNEC-FP-FO de l&rsquo;Acad\u00e9mie d&rsquo;Orl\u00e9ans Tours concernant le courrier de Madame la Rectrice aux AED"},"content":{"rendered":"\n<p>La FNEC FP FO Orl\u00e9ans Tours s\u2019\u00e9l\u00e8ve vigoureusement contre le courrier du 17 septembre de Madame la Rectrice de l\u2019Acad\u00e9mie adress\u00e9 aux AED, leur indiquant notamment \u00ab <em>puisque les brassages inh\u00e9rents \u00e0 vos activit\u00e9s ne peuvent gu\u00e8re \u00eatre limit\u00e9s, <strong>c\u2019est votre sens civique et des responsabilit\u00e9s qui permettra de freiner la propagation du virus, pour votre sant\u00e9 et le bon fonctionnement des \u00e9tablissements que vous fr\u00e9quentez.<\/strong> <\/em>\u00bb<\/p>\n\n\n\n<div class=\"wp-block-image\"><figure class=\"aligncenter size-large\"><img loading=\"lazy\" decoding=\"async\" width=\"724\" height=\"1024\" src=\"https:\/\/snudifo37.fr\/wp-content\/uploads\/2020\/09\/courrier_assistants_d_education-724x1024.png\" alt=\"\" class=\"wp-image-2598\" srcset=\"https:\/\/snudifo37.fr\/wp-content\/uploads\/2020\/09\/courrier_assistants_d_education-724x1024.png 724w, https:\/\/snudifo37.fr\/wp-content\/uploads\/2020\/09\/courrier_assistants_d_education-212x300.png 212w, https:\/\/snudifo37.fr\/wp-content\/uploads\/2020\/09\/courrier_assistants_d_education-768x1087.png 768w, https:\/\/snudifo37.fr\/wp-content\/uploads\/2020\/09\/courrier_assistants_d_education.png 826w\" sizes=\"auto, (max-width: 724px) 100vw, 724px\" \/><\/figure><\/div>\n\n\n\n<p>Dans le cadre de l&rsquo;actuelle campagne gouvernementale de culpabilisation de la jeunesse, les AED sont finalement stigmatis\u00e9s et rendus potentiellement responsables de la propagation du virus alors que c&rsquo;est leur employeur qui les a plac\u00e9s en situation de danger face \u00e0 des \u00e9l\u00e8ves sans masque sans leur fournir d&rsquo;\u00e9quipements de protection individuelle efficaces (masques FFP2 conform\u00e9ment au code du travail).<\/p>\n\n\n\n<p>En effet, ils travaillent dans des conditions tr\u00e8s risqu\u00e9es pour leur sant\u00e9, devant assurer la surveillance de cantines remplies d\u2019\u00e9l\u00e8ves, qui ne portent pas de masques \u00e0 ce moment-l\u00e0.<\/p>\n\n\n\n<p>Une vie scolaire enti\u00e8re dans un coll\u00e8ge de l\u2019acad\u00e9mie a d\u00fb \u00eatre plac\u00e9e en isolement cette semaine.<\/p>\n\n\n\n<p>Depuis le mois de mars, notre organisation \u00e9tait intervenue \u00e0 de multiples reprises pour faire respecter les missions statutaires des AED, sur lesquels les plus fortes pressions existaient pour faire \u00ab autre chose \u00bb que de la surveillance ou de l\u2019accompagnement \u00e9ducatif, telles que le nettoyage de certains lieux (toilettes), ou m\u00eame le remplacement d\u2019enseignants en classe !<\/p>\n\n\n\n<p>En mai, nous \u00e9tions intervenus pour que tous les AED aient des masques fournis par l\u2019employeur !<\/p>\n\n\n\n<p>Ces pressions existent toujours et se conjuguent \u00e0 une p\u00e9nurie des personnels AED par rapport aux t\u00e2ches multiples qu\u2019ils doivent exercer avec le protocole sanitaire, p\u00e9nurie que nous avons d\u00e9nonc\u00e9e lors du CHSCT acad\u00e9mique du 10 septembre.<\/p>\n\n\n\n<p>Les effectifs explosent en coll\u00e8ge et en lyc\u00e9e, classes, couloirs et r\u00e9fectoires sont bond\u00e9s, il est impossible de faire respecter la distanciation physique lors du repas, et ce serait de la faute du \u00ab <em>comportement<\/em> \u00bb des AED, y compris dans leur vie sociale ou priv\u00e9e ??<\/p>\n\n\n\n<p><strong>Ces propos sont inacceptables.<\/strong><\/p>\n\n\n\n<p>La FNEC FP FO Orl\u00e9ans Tours demande que toutes les mesures de protection n\u00e9cessaires soient prises pour les AED, comme pour l\u2019ensemble du personnel qui intervient en EPLE : m\u00e9decine de pr\u00e9vention, tests de d\u00e9pistage, masques r\u00e9ellement protecteurs (FFP2 conform\u00e9ment au code du travail).<\/p>\n\n\n\n<p>La FNEC FP FO Orl\u00e9ans Tours exige que les revendications des personnels des \u00e9tablissements en cr\u00e9ations de classes, cr\u00e9ation des postes n\u00e9cessaires et notamment en postes d\u2019AED soient satisfaites imm\u00e9diatement.<\/p>\n\n\n\n<p>Le Ministre porte l\u2019enti\u00e8re responsabilit\u00e9 de la protection des personnels, il doit r\u00e9pondre aux revendications !!<\/p>\n\n\n\n<p class=\"has-text-align-center has-vivid-red-color has-text-color\"><strong>Nous appelons tous les AED \u00e0 nous contacter si besoin \u00e0 <a rel=\"noreferrer noopener\" href=\"mailto:fnecfpfo.orleans.tours@gmail.com\" target=\"_blank\">fnecfpfo.orleans.tours@gmail.com<\/a> et s&rsquo;organiser en rejoignant les syndicats FO (bulletin d&rsquo;adh\u00e9sion par retour de mel)<\/strong><\/p>\n\n\n\n<div class=\"wp-block-file\"><a href=\"https:\/\/snudifo37.fr\/wp-content\/uploads\/2020\/09\/Communique-FNEC-FP-FO-AED.pdf\">Communique-FNEC-FP-FO-AED<\/a><a href=\"https:\/\/snudifo37.fr\/wp-content\/uploads\/2020\/09\/Communique-FNEC-FP-FO-AED.pdf\" class=\"wp-block-file__button\" download>T\u00e9l\u00e9charger<\/a><\/div>\n<a class=\"synved-social-button synved-social-button-share synved-social-size-32 synved-social-resolution-single synved-social-provider-facebook nolightbox\" data-provider=\"facebook\" target=\"_blank\" rel=\"nofollow\" title=\"Faites le savoir \u00e0 vos amis via Facebook \" href=\"https:\/\/www.facebook.com\/sharer.php?u=https%3A%2F%2Fsnudifo37.fr%2Findex.php%2Fwp-json%2Fwp%2Fv2%2Fposts%2F2596&#038;t=Communiqu%C3%A9%20de%20la%20FNEC-FP-FO%20de%20l%E2%80%99Acad%C3%A9mie%20d%E2%80%99Orl%C3%A9ans%20Tours%20concernant%20le%20courrier%20de%20Madame%20la%20Rectrice%20aux%20AED&#038;s=100&#038;p&#091;url&#093;=https%3A%2F%2Fsnudifo37.fr%2Findex.php%2Fwp-json%2Fwp%2Fv2%2Fposts%2F2596&#038;p&#091;images&#093;&#091;0&#093;=https%3A%2F%2Fsnudifo37.fr%2Fwp-content%2Fuploads%2F2019%2F05%2Flogo_Fnec_moyen.png&#038;p&#091;title&#093;=Communiqu%C3%A9%20de%20la%20FNEC-FP-FO%20de%20l%E2%80%99Acad%C3%A9mie%20d%E2%80%99Orl%C3%A9ans%20Tours%20concernant%20le%20courrier%20de%20Madame%20la%20Rectrice%20aux%20AED\" style=\"font-size: 0px;width:32px;height:32px;margin:0;margin-bottom:20px;margin-right:20px\"><img loading=\"lazy\" decoding=\"async\" alt=\"Facebook\" title=\"Faites le savoir \u00e0 vos amis via Facebook \" class=\"synved-share-image synved-social-image synved-social-image-share\" width=\"32\" height=\"32\" style=\"display: inline;width:32px;height:32px;margin: 0;padding: 0;border: none;box-shadow: none\" src=\"https:\/\/snudifo37.fr\/wp-content\/plugins\/social-media-feather\/synved-social\/image\/social\/regular\/64x64\/facebook.png\" \/><\/a><a class=\"synved-social-button synved-social-button-share synved-social-size-32 synved-social-resolution-single synved-social-provider-twitter nolightbox\" data-provider=\"twitter\" target=\"_blank\" rel=\"nofollow\" title=\"Informez-en vos amis via Twitter\" href=\"https:\/\/twitter.com\/intent\/tweet?url=https%3A%2F%2Fsnudifo37.fr%2Findex.php%2Fwp-json%2Fwp%2Fv2%2Fposts%2F2596&#038;text=Le%20Snudi-Fo%20vous%20informe%3A\" style=\"font-size: 0px;width:32px;height:32px;margin:0;margin-bottom:20px;margin-right:20px\"><img loading=\"lazy\" decoding=\"async\" alt=\"twitter\" title=\"Informez-en vos amis via Twitter\" class=\"synved-share-image synved-social-image synved-social-image-share\" width=\"32\" height=\"32\" style=\"display: inline;width:32px;height:32px;margin: 0;padding: 0;border: none;box-shadow: none\" src=\"https:\/\/snudifo37.fr\/wp-content\/plugins\/social-media-feather\/synved-social\/image\/social\/regular\/64x64\/twitter.png\" \/><\/a><a class=\"synved-social-button synved-social-button-share synved-social-size-32 synved-social-resolution-single synved-social-provider-mail nolightbox\" data-provider=\"mail\" rel=\"nofollow\" title=\"Les derni\u00e8res informations du Snudi-Fo 37\" href=\"mailto:?subject=Communiqu%C3%A9%20de%20la%20FNEC-FP-FO%20de%20l%E2%80%99Acad%C3%A9mie%20d%E2%80%99Orl%C3%A9ans%20Tours%20concernant%20le%20courrier%20de%20Madame%20la%20Rectrice%20aux%20AED&#038;body=Le%20Snudi-Fo%20vous%20informe%3A:%20https%3A%2F%2Fsnudifo37.fr%2Findex.php%2Fwp-json%2Fwp%2Fv2%2Fposts%2F2596\" style=\"font-size: 0px;width:32px;height:32px;margin:0;margin-bottom:20px\"><img loading=\"lazy\" decoding=\"async\" alt=\"mail\" title=\"Les derni\u00e8res informations du Snudi-Fo 37\" class=\"synved-share-image synved-social-image synved-social-image-share\" width=\"32\" height=\"32\" style=\"display: inline;width:32px;height:32px;margin: 0;padding: 0;border: none;box-shadow: none\" src=\"https:\/\/snudifo37.fr\/wp-content\/plugins\/social-media-feather\/synved-social\/image\/social\/regular\/64x64\/mail.png\" \/><\/a>","protected":false},"excerpt":{"rendered":"<p>La FNEC FP FO Orl\u00e9ans Tours s\u2019\u00e9l\u00e8ve vigoureusement contre le courrier du 17 septembre de Madame la Rectrice de l\u2019Acad\u00e9mie adress\u00e9 aux AED, leur indiquant notamment \u00ab puisque les brassages inh\u00e9rents \u00e0 vos activit\u00e9s ne peuvent gu\u00e8re \u00eatre limit\u00e9s, c\u2019est votre sens civique et des responsabilit\u00e9s qui permettra de freiner la propagation du virus, pour votre sant\u00e9 et le bon fonctionnement des \u00e9tablissements que vous fr\u00e9quentez. \u00bb<\/p>\n","protected":false},"author":1,"featured_media":390,"comment_status":"closed","ping_status":"closed","sticky":false,"template":"","format":"standard","meta":{"footnotes":""},"categories":[531,7],"tags":[71,490,53,519,378],"class_list":["post-2596","post","type-post","status-publish","format-standard","has-post-thumbnail","hentry","category-epidemie-coronavirus","category-syndicat","tag-aed","tag-coronavirus","tag-courrier","tag-covid-19","tag-rectrice"],"_links":{"self":[{"href":"https:\/\/snudifo37.fr\/index.php\/wp-json\/wp\/v2\/posts\/2596","targetHints":{"allow":["GET"]}}],"collection":[{"href":"https:\/\/snudifo37.fr\/index.php\/wp-json\/wp\/v2\/posts"}],"about":[{"href":"https:\/\/snudifo37.fr\/index.php\/wp-json\/wp\/v2\/types\/post"}],"author":[{"embeddable":true,"href":"https:\/\/snudifo37.fr\/index.php\/wp-json\/wp\/v2\/users\/1"}],"replies":[{"embeddable":true,"href":"https:\/\/snudifo37.fr\/index.php\/wp-json\/wp\/v2\/comments?post=2596"}],"version-history":[{"count":1,"href":"https:\/\/snudifo37.fr\/index.php\/wp-json\/wp\/v2\/posts\/2596\/revisions"}],"predecessor-version":[{"id":2599,"href":"https:\/\/snudifo37.fr\/index.php\/wp-json\/wp\/v2\/posts\/2596\/revisions\/2599"}],"wp:featuredmedia":[{"embeddable":true,"href":"https:\/\/snudifo37.fr\/index.php\/wp-json\/wp\/v2\/media\/390"}],"wp:attachment":[{"href":"https:\/\/snudifo37.fr\/index.php\/wp-json\/wp\/v2\/media?parent=2596"}],"wp:term":[{"taxonomy":"category","embeddable":true,"href":"https:\/\/snudifo37.fr\/index.php\/wp-json\/wp\/v2\/categories?post=2596"},{"taxonomy":"post_tag","embeddable":true,"href":"https:\/\/snudifo37.fr\/index.php\/wp-json\/wp\/v2\/tags?post=2596"}],"curies":[{"name":"wp","href":"https:\/\/api.w.org\/{rel}","templated":true}]}}