{"id":2590,"date":"2020-09-17T22:03:29","date_gmt":"2020-09-17T20:03:29","guid":{"rendered":"https:\/\/snudifo37.fr\/?p=2590"},"modified":"2020-09-17T22:03:30","modified_gmt":"2020-09-17T20:03:30","slug":"formations-en-constellations-le-snudi-fo-37-propose-laction-commune-au-snuipp-fsu-37","status":"publish","type":"post","link":"https:\/\/snudifo37.fr\/index.php\/2020\/09\/17\/formations-en-constellations-le-snudi-fo-37-propose-laction-commune-au-snuipp-fsu-37\/","title":{"rendered":"Formations en \u00ab\u00a0constellations\u00a0\u00bb : le SNUDI-FO 37 propose l&rsquo;action commune au SNUipp\/FSU 37"},"content":{"rendered":"\n<p><em>Chers coll\u00e8gues,<\/em><\/p>\n\n\n\n<p><em>Nous avons pris connaissance avec grand int\u00e9r\u00eat de votre courrier au DASEN. Apr\u00e8s avoir alert\u00e9 les coll\u00e8gues depuis juin sur ce dispositif et l\u2019avoir combattu en CTSD, nous nous f\u00e9licitons de vous voir maintenant partager notre revendication de suspension imm\u00e9diate de la formation par \u00ab constellations \u00bb.<\/em><\/p>\n\n\n\n<p><em>Soucieux de l\u2019int\u00e9r\u00eat de la profession et de la satisfaction de ses revendications, nous vous proposons d\u2019agir dans l\u2019unit\u00e9 sur cette question.<\/em><\/p>\n\n\n\n<p><em>C\u2019est pourquoi nous vous proposons de vous rencontrer le plus t\u00f4t possible afin d\u2019envisager les modalit\u00e9s d\u2019action.<\/em><\/p>\n\n\n\n<p><em>Pour conclure, nous sommes juste surpris sur la formulation propos\u00e9e dans votre mod\u00e8le de motion pour les conseils des ma\u00eetres qui est ax\u00e9e sur la situation sanitaire.<\/em><\/p>\n\n\n\n<p><em>Ce qui nous remonte des \u00e9coles est le refus de cette formation impos\u00e9e et ce quel que soit le contexte sanitaire. (\u2026).<\/em><\/p>\n\n\n\n<p><em>Dans l\u2019attente de votre r\u00e9ponse,<br>Syndicalement,<\/em><\/p>\n\n\n\n<p>J\u00e9r\u00f4me Th\u00e9baut, secr\u00e9taire d\u00e9partemental<\/p>\n\n\n\n<p class=\"has-text-align-center has-vivid-red-color has-text-color has-medium-font-size\"><a rel=\"noreferrer noopener\" href=\"https:\/\/framaforms.org\/les-formations-par-constellations-cest-non-1599901189?fbclid=IwAR2SAwxIeKiH6RaJkYCnMlLG4I-Ge2X9UcIY6fc-l8pS3EKsLct56w4qAQc\" target=\"_blank\"><strong>CONTINUEZ DE SIGNER ET FAIRE SIGNER LA PETITION ICI <\/strong><\/a><\/p>\n<a class=\"synved-social-button synved-social-button-share synved-social-size-32 synved-social-resolution-single synved-social-provider-facebook nolightbox\" data-provider=\"facebook\" target=\"_blank\" rel=\"nofollow\" title=\"Faites le savoir \u00e0 vos amis via Facebook \" href=\"https:\/\/www.facebook.com\/sharer.php?u=https%3A%2F%2Fsnudifo37.fr%2Findex.php%2Fwp-json%2Fwp%2Fv2%2Fposts%2F2590&#038;t=Formations%20en%20%C2%AB%C2%A0constellations%C2%A0%C2%BB%20%3A%20le%20SNUDI-FO%2037%20propose%20l%E2%80%99action%20commune%20au%20SNUipp%2FFSU%2037&#038;s=100&#038;p&#091;url&#093;=https%3A%2F%2Fsnudifo37.fr%2Findex.php%2Fwp-json%2Fwp%2Fv2%2Fposts%2F2590&#038;p&#091;images&#093;&#091;0&#093;=&#038;p&#091;title&#093;=Formations%20en%20%C2%AB%C2%A0constellations%C2%A0%C2%BB%20%3A%20le%20SNUDI-FO%2037%20propose%20l%E2%80%99action%20commune%20au%20SNUipp%2FFSU%2037\" style=\"font-size: 0px;width:32px;height:32px;margin:0;margin-bottom:20px;margin-right:20px\"><img loading=\"lazy\" decoding=\"async\" alt=\"Facebook\" title=\"Faites le savoir \u00e0 vos amis via Facebook \" class=\"synved-share-image synved-social-image synved-social-image-share\" width=\"32\" height=\"32\" style=\"display: inline;width:32px;height:32px;margin: 0;padding: 0;border: none;box-shadow: none\" src=\"https:\/\/snudifo37.fr\/wp-content\/plugins\/social-media-feather\/synved-social\/image\/social\/regular\/64x64\/facebook.png\" \/><\/a><a class=\"synved-social-button synved-social-button-share synved-social-size-32 synved-social-resolution-single synved-social-provider-twitter nolightbox\" data-provider=\"twitter\" target=\"_blank\" rel=\"nofollow\" title=\"Informez-en vos amis via Twitter\" href=\"https:\/\/twitter.com\/intent\/tweet?url=https%3A%2F%2Fsnudifo37.fr%2Findex.php%2Fwp-json%2Fwp%2Fv2%2Fposts%2F2590&#038;text=Le%20Snudi-Fo%20vous%20informe%3A\" style=\"font-size: 0px;width:32px;height:32px;margin:0;margin-bottom:20px;margin-right:20px\"><img loading=\"lazy\" decoding=\"async\" alt=\"twitter\" title=\"Informez-en vos amis via Twitter\" class=\"synved-share-image synved-social-image synved-social-image-share\" width=\"32\" height=\"32\" style=\"display: inline;width:32px;height:32px;margin: 0;padding: 0;border: none;box-shadow: none\" src=\"https:\/\/snudifo37.fr\/wp-content\/plugins\/social-media-feather\/synved-social\/image\/social\/regular\/64x64\/twitter.png\" \/><\/a><a class=\"synved-social-button synved-social-button-share synved-social-size-32 synved-social-resolution-single synved-social-provider-mail nolightbox\" data-provider=\"mail\" rel=\"nofollow\" title=\"Les derni\u00e8res informations du Snudi-Fo 37\" href=\"mailto:?subject=Formations%20en%20%C2%AB%C2%A0constellations%C2%A0%C2%BB%20%3A%20le%20SNUDI-FO%2037%20propose%20l%E2%80%99action%20commune%20au%20SNUipp%2FFSU%2037&#038;body=Le%20Snudi-Fo%20vous%20informe%3A:%20https%3A%2F%2Fsnudifo37.fr%2Findex.php%2Fwp-json%2Fwp%2Fv2%2Fposts%2F2590\" style=\"font-size: 0px;width:32px;height:32px;margin:0;margin-bottom:20px\"><img loading=\"lazy\" decoding=\"async\" alt=\"mail\" title=\"Les derni\u00e8res informations du Snudi-Fo 37\" class=\"synved-share-image synved-social-image synved-social-image-share\" width=\"32\" height=\"32\" style=\"display: inline;width:32px;height:32px;margin: 0;padding: 0;border: none;box-shadow: none\" src=\"https:\/\/snudifo37.fr\/wp-content\/plugins\/social-media-feather\/synved-social\/image\/social\/regular\/64x64\/mail.png\" \/><\/a>","protected":false},"excerpt":{"rendered":"<p>Le Snudi FO a pris contact avec le bureau du Snuipp 37 afin qu&rsquo;ensemble, nous puissions faire pencher la balance en faveur des coll\u00e8gues !<\/p>\n","protected":false},"author":1,"featured_media":0,"comment_status":"closed","ping_status":"closed","sticky":false,"template":"","format":"standard","meta":{"footnotes":""},"categories":[7],"tags":[150,726,206,323,56],"class_list":["post-2590","post","type-post","status-publish","format-standard","hentry","category-syndicat","tag-150","tag-constellations","tag-formation-continue","tag-fsu","tag-snuipp"],"_links":{"self":[{"href":"https:\/\/snudifo37.fr\/index.php\/wp-json\/wp\/v2\/posts\/2590","targetHints":{"allow":["GET"]}}],"collection":[{"href":"https:\/\/snudifo37.fr\/index.php\/wp-json\/wp\/v2\/posts"}],"about":[{"href":"https:\/\/snudifo37.fr\/index.php\/wp-json\/wp\/v2\/types\/post"}],"author":[{"embeddable":true,"href":"https:\/\/snudifo37.fr\/index.php\/wp-json\/wp\/v2\/users\/1"}],"replies":[{"embeddable":true,"href":"https:\/\/snudifo37.fr\/index.php\/wp-json\/wp\/v2\/comments?post=2590"}],"version-history":[{"count":1,"href":"https:\/\/snudifo37.fr\/index.php\/wp-json\/wp\/v2\/posts\/2590\/revisions"}],"predecessor-version":[{"id":2591,"href":"https:\/\/snudifo37.fr\/index.php\/wp-json\/wp\/v2\/posts\/2590\/revisions\/2591"}],"wp:attachment":[{"href":"https:\/\/snudifo37.fr\/index.php\/wp-json\/wp\/v2\/media?parent=2590"}],"wp:term":[{"taxonomy":"category","embeddable":true,"href":"https:\/\/snudifo37.fr\/index.php\/wp-json\/wp\/v2\/categories?post=2590"},{"taxonomy":"post_tag","embeddable":true,"href":"https:\/\/snudifo37.fr\/index.php\/wp-json\/wp\/v2\/tags?post=2590"}],"curies":[{"name":"wp","href":"https:\/\/api.w.org\/{rel}","templated":true}]}}