{"id":2583,"date":"2020-09-16T22:08:04","date_gmt":"2020-09-16T20:08:04","guid":{"rendered":"https:\/\/snudifo37.fr\/?p=2583"},"modified":"2020-09-16T22:08:05","modified_gmt":"2020-09-16T20:08:05","slug":"compte-rendu-du-chsct-departemental-du-15-septembre","status":"publish","type":"post","link":"https:\/\/snudifo37.fr\/index.php\/2020\/09\/16\/compte-rendu-du-chsct-departemental-du-15-septembre\/","title":{"rendered":"Compte rendu du CHSCT d\u00e9partemental du 15 septembre."},"content":{"rendered":"\n<p>Un CHSCT-D extraordinaire s\u2019est tenu le 15 septembre 2020. Le point central de l\u2019ordre du jour \u00e9tait la gestion de la Crise Sanitaire Covid-19 en cette rentr\u00e9e 2020.<\/p>\n\n\n\n<p>Comme \u00e0 notre habitude, nous publions en int\u00e9gralit\u00e9 <strong>nos avis<\/strong> <em>(rappelons que ceux-ci sont r\u00e9glementairement contraignants pour l\u2019administration qui se doit d\u2019y r\u00e9pondre dans un d\u00e9lai d\u2019un mois et de rendre publique cette r\u00e9ponse)<\/em> et <strong>notre d\u00e9claration<\/strong> (<em>ci-dessous tout en bas<\/em>).<\/p>\n\n\n\n<h3 class=\"has-vivid-red-color has-text-color wp-block-heading\"><strong>La FNEC-FP-FO a propos\u00e9 4 avis lors de cette s\u00e9ance\u00a0qui avaient \u00e9t\u00e9 envoy\u00e9s aux autres organisations syndicales avant la r\u00e9union.<\/strong><\/h3>\n\n\n\n<p><strong>Les deux premiers \u00e9taient des avis adopt\u00e9s lors du r\u00e9cent CHSCT minist\u00e9riel par la FNEC FP FO et l\u2019UNSA :<\/strong><\/p>\n\n\n\n<ul class=\"wp-block-list\"><li><strong><em>AVIS n\u00b01<\/em><\/strong><em>\u00a0: Tous les personnels de l\u2019\u00c9ducation nationale doivent b\u00e9n\u00e9ficier d\u2019\u00e9quipements qui soient adapt\u00e9s \u00e0 leurs missions tout en assurant une protection efficace.\u00a0 C\u2019est pourquoi les membres du CHSCT-D exigent du minist\u00e8re une expertise urgente pour clarifier au plus vite la capacit\u00e9 filtrante des masques textiles et attester de la protection maximale qu\u2019ils offrent \u00e0 leurs utilisateurs.<\/em><\/li><\/ul>\n\n\n\n<p><strong>R\u00e9sultat du vote<\/strong>&nbsp;: 2 voix pour (FO) \u2013 3 voix pour (FSU, 1 d\u00e9l\u00e9gu\u00e9 absent au moment du vote) \u2013 1 voix pour (Unsa)<\/p>\n\n\n\n<ul class=\"wp-block-list\"><li><strong><em>AVIS n\u00b0 2\u00a0: <\/em><\/strong><em>En cas d\u2019expertise d\u00e9classant la capacit\u00e9 des masques \u00e0 assurer une protection totale des personnels, les membres du CHSCT-D demandent au minist\u00e8re que ces \u00e9quipements soient d\u2019urgence remplac\u00e9s par des masques plus efficaces.<\/em><\/li><\/ul>\n\n\n\n<p><strong>R\u00e9sultat du vote<\/strong>&nbsp;: 2 voix pour (FO) &#8211; 3 voix pour (FSU, 1 d\u00e9l\u00e9gu\u00e9 absent au moment du vote) \u2013 1 voix pour (Unsa)<\/p>\n\n\n\n<p>Le troisi\u00e8me avis reprenait \u00e0 l\u2019identique celui que la FNEC FP FO avait pr\u00e9sent\u00e9 lors du CHSCT acad\u00e9mique du 10 septembre<\/p>\n\n\n\n<ul class=\"wp-block-list\"><li><strong><em>AVIS n\u00b03\u00a0<\/em><\/strong><em>: Le CHSCT-D consid\u00e9rant l&rsquo;impact sur les conditions de travail des enseignants de la mise en place de la r\u00e9forme de la formation qui impose un suivi par constellations demande la suspension de ce dispositif et le retour \u00e0 un libre choix de la formation continue sur temps de travail et des animations p\u00e9dagogiques.\u00a0\u00bb<\/em><\/li><\/ul>\n\n\n\n<p><strong>Refus de la part de l\u2019IA DASEN de mettre cet avis aux voix.<\/strong> Selon lui, cette th\u00e9matique n\u2019a pas \u00e0 \u00eatre trait\u00e9e en CHSCT-D. Ce que la FNEC-FP-FO a contest\u00e9 car ces nouvelles formations impos\u00e9es en constellations vont fortement impacter les conditions de travail des PE du d\u00e9partement&nbsp;! Encore la censure de la FNEC FP FO par l\u2019IA-Dasen&nbsp;qui cherche \u00e0 nous baillonner&nbsp;: il n\u2019y arrivera pas&nbsp;!<\/p>\n\n\n\n<p>Le quatri\u00e8me avis \u00e9tait pour contester le fait que l\u2019IA-Dasen n\u2019adresse plus directement les documents \u00e0 la FNEC FP FO, les faisant transiter par la FSU <em>(alors que depuis 9 ans que nous si\u00e9geons dans le CHSCT d\u00e9partemental, \u00e0 aucun moment et quel que soit l\u2019IA-dasen, nous n\u2019avons rencontr\u00e9 cette difficult\u00e9)&nbsp;<\/em><\/p>\n\n\n\n<ul class=\"wp-block-list\"><li><strong><em>AVIS n\u00b04<\/em><\/strong><em> : Le CHSCT-D demande que toutes les organisations syndicales si\u00e9geant en CHSCT soient directement destinataires des documents de l\u2019administration.<\/em><\/li><\/ul>\n\n\n\n<p><strong>R\u00e9sultat du vote<\/strong>&nbsp;: 2 voix pour (FO) \u2013 1 abstention (Unsa) \u2013 la FSU n\u2019a pas pris part au vote<\/p>\n\n\n\n<h3 class=\"has-vivid-red-color has-text-color wp-block-heading\"><strong>La FSU a \u00e9galement propos\u00e9 2 avis\u00a0:\u00a0<\/strong><\/h3>\n\n\n\n<ul class=\"wp-block-list\"><li><strong><em>AVIS\u00a0:<\/em><\/strong><em> Les\u00a0autorit\u00e9s de sant\u00e9 alertent sur l\u2019inefficacit\u00e9 du masque en tissu fourni par le minist\u00e8re en termes de protection des \u00e9l\u00e8ves comme des personnels. Dans l&rsquo;attente, ils demandent que l&rsquo;administration \u00c9ducation nationale\u00a0suive la pr\u00e9conisation\u00a0de doter les personnels en contact avec des \u00e9l\u00e8ves de masques chirurgicaux. Il demande pour les coll\u00e8gues ne pouvant porter l\u2019un de ces masques que des mesures sp\u00e9cifiques soient mises en place pour leur protection ainsi que de leurs \u00e9l\u00e8ves.<\/em><\/li><\/ul>\n\n\n\n<p><strong>R\u00e9sultat du vote&nbsp;<\/strong>: 3 voix pour (FSU, 1 d\u00e9l\u00e9gu\u00e9 absent au moment du vote) \u2013 1 pour (Unsa)<\/p>\n\n\n\n<p><strong>Nous avions avant la r\u00e9union propos\u00e9 de remplacer \u00ab\u00a0masques chirurgicaux\u00a0\u00bb par \u00ab\u00a0masques FFP2\u00a0\u00bb\u00a0.<\/strong> En effet, depuis mars, le FNEC FP FO comme organisation syndicale attach\u00e9e au Code du travail FO, demande de vrais masques de protection. La FSU a refus\u00e9 d\u2019int\u00e9grer notre proposition. <strong>Nous avons donc d\u00e9cid\u00e9 de ne pas prendre part au vote, consid\u00e9rant que les avis 1 et 2, repris du CHSCT minist\u00e9riel et vot\u00e9s \u00e0 l\u2019unanimit\u00e9 \u00e9taient plus justes.<\/strong><\/p>\n\n\n\n<p class=\"has-vivid-red-color has-text-color\"><strong>A noter que le Snuipp-FSU dans son CR \u00e9crit que les d\u00e9l\u00e9gu\u00e9es FO ont vot\u00e9 contre\u00a0; c\u2019est faux. Nous allons demander \u00e0 nos coll\u00e8gues du Snuipp-FSude corriger ce qui ne peut \u00eatre qu\u2019une erreur de frappe.<\/strong><\/p>\n\n\n\n<ul class=\"wp-block-list\"><li><strong><em>AVIS \u00a0<\/em><\/strong><em>: <\/em>\u00a0<em>Le CHSCT-D, r\u00e9unit le 15\/09\/20, demande un suivi des coll\u00e8gues dits vuln\u00e9rables notamment pour permettre une adaptation de leur poste de travail comme l\u2019indique le protocole minist\u00e9riel.<\/em><\/li><\/ul>\n\n\n\n<p><strong>R\u00e9sultat du vote&nbsp;<\/strong>: 2 voix contre (FO) &#8211; 3 voix pour (FSU, 1 d\u00e9l\u00e9gu\u00e9 absent au moment du vote) \u2013 1 voix pour (Unsa)<\/p>\n\n\n\n<h4 class=\"wp-block-heading\">L\u00e0 nous avons vot\u00e9 contre. Pourquoi\u00a0:<\/h4>\n\n\n\n<ul class=\"wp-block-list\"><li>Le \u00ab\u00a0protocole Blanquer\u00a0\u00bb a tout d\u2019abord <strong>exclu de la liste des personnes vuln\u00e9rables beaucoup de coll\u00e8gues<\/strong> ayant des pathologies \u00e0 risque sans \u00e9videmment leur fournir le seul mat\u00e9riel de protection valable, des masques FFP2<\/li><li>Le \u00ab\u00a0protocole Blanquer\u00a0\u00bb, <strong>c\u2019est le maintien du jour de carence<\/strong> pour ceux qui sont oblig\u00e9s de s\u2019arr\u00eater car n\u2019\u00e9tant pas reconnus \u00ab\u00a0<em>personnes vuln\u00e9rables<\/em>\u00a0\u00bb\u00a0; <strong>c\u2019est aussi un jour de carence pour tous ceux qui seront malades du COVID \u2026 une honte\u00a0!<\/strong><\/li><li>Le \u00ab\u00a0protocole Blanquer\u00a0\u00bb n\u2019a cr\u00e9\u00e9 aucun poste et n\u2019a permis aucun recrutement de m\u00e9decin de pr\u00e9vention\u00a0: <strong>dans l\u2019acad\u00e9mie, un seul m\u00e9decin \u2026 \u00e0 Orl\u00e9ans\u00a0; aucun \u00e0 Tours<\/strong> alors qu\u2019il y a plus de 10000 personnels de l\u2019Education Nationale.<\/li><li>Le \u00ab\u00a0protocole Blanquer\u00a0\u00bb, ne prot\u00e8ge personne \u2026 mise \u00e0 part le Ministre Blanquer qui d\u00e9g\u00e9ge sa responsabilit\u00e9 sur les directeurs et les enseignants des \u00e9coles.<\/li><\/ul>\n\n\n\n<p><strong>Pour les personnels vuln\u00e9rables, c\u2019est \u00e0 la m\u00e9decine de pr\u00e9vention d\u2019agir (qu\u2019il y ait un protocole sanitaire ou non). Tous les coll\u00e8gues avec des pathologies doivent pouvoir \u00eatre vus par le m\u00e9decin de pr\u00e9vention. Et c\u2019est ensuite au m\u00e9decin de pr\u00e9vention de pr\u00e9coniser une adaptation du poste de travail\u00a0! Voil\u00e0 pourquoi nous avons vot\u00e9 contre cet avis.<\/strong><\/p>\n<a class=\"synved-social-button synved-social-button-share synved-social-size-32 synved-social-resolution-single synved-social-provider-facebook nolightbox\" data-provider=\"facebook\" target=\"_blank\" rel=\"nofollow\" title=\"Faites le savoir \u00e0 vos amis via Facebook \" href=\"https:\/\/www.facebook.com\/sharer.php?u=https%3A%2F%2Fsnudifo37.fr%2Findex.php%2Fwp-json%2Fwp%2Fv2%2Fposts%2F2583&#038;t=Compte%20rendu%20du%20CHSCT%20d%C3%A9partemental%20du%2015%20septembre.&#038;s=100&#038;p&#091;url&#093;=https%3A%2F%2Fsnudifo37.fr%2Findex.php%2Fwp-json%2Fwp%2Fv2%2Fposts%2F2583&#038;p&#091;images&#093;&#091;0&#093;=https%3A%2F%2Fsnudifo37.fr%2Fwp-content%2Fuploads%2F2019%2F05%2FCHSCT.png&#038;p&#091;title&#093;=Compte%20rendu%20du%20CHSCT%20d%C3%A9partemental%20du%2015%20septembre.\" style=\"font-size: 0px;width:32px;height:32px;margin:0;margin-bottom:20px;margin-right:20px\"><img loading=\"lazy\" decoding=\"async\" alt=\"Facebook\" title=\"Faites le savoir \u00e0 vos amis via Facebook \" class=\"synved-share-image synved-social-image synved-social-image-share\" width=\"32\" height=\"32\" style=\"display: inline;width:32px;height:32px;margin: 0;padding: 0;border: none;box-shadow: none\" src=\"https:\/\/snudifo37.fr\/wp-content\/plugins\/social-media-feather\/synved-social\/image\/social\/regular\/64x64\/facebook.png\" \/><\/a><a class=\"synved-social-button synved-social-button-share synved-social-size-32 synved-social-resolution-single synved-social-provider-twitter nolightbox\" data-provider=\"twitter\" target=\"_blank\" rel=\"nofollow\" title=\"Informez-en vos amis via Twitter\" href=\"https:\/\/twitter.com\/intent\/tweet?url=https%3A%2F%2Fsnudifo37.fr%2Findex.php%2Fwp-json%2Fwp%2Fv2%2Fposts%2F2583&#038;text=Le%20Snudi-Fo%20vous%20informe%3A\" style=\"font-size: 0px;width:32px;height:32px;margin:0;margin-bottom:20px;margin-right:20px\"><img loading=\"lazy\" decoding=\"async\" alt=\"twitter\" title=\"Informez-en vos amis via Twitter\" class=\"synved-share-image synved-social-image synved-social-image-share\" width=\"32\" height=\"32\" style=\"display: inline;width:32px;height:32px;margin: 0;padding: 0;border: none;box-shadow: none\" src=\"https:\/\/snudifo37.fr\/wp-content\/plugins\/social-media-feather\/synved-social\/image\/social\/regular\/64x64\/twitter.png\" \/><\/a><a class=\"synved-social-button synved-social-button-share synved-social-size-32 synved-social-resolution-single synved-social-provider-mail nolightbox\" data-provider=\"mail\" rel=\"nofollow\" title=\"Les derni\u00e8res informations du Snudi-Fo 37\" href=\"mailto:?subject=Compte%20rendu%20du%20CHSCT%20d%C3%A9partemental%20du%2015%20septembre.&#038;body=Le%20Snudi-Fo%20vous%20informe%3A:%20https%3A%2F%2Fsnudifo37.fr%2Findex.php%2Fwp-json%2Fwp%2Fv2%2Fposts%2F2583\" style=\"font-size: 0px;width:32px;height:32px;margin:0;margin-bottom:20px\"><img loading=\"lazy\" decoding=\"async\" alt=\"mail\" title=\"Les derni\u00e8res informations du Snudi-Fo 37\" class=\"synved-share-image synved-social-image synved-social-image-share\" width=\"32\" height=\"32\" style=\"display: inline;width:32px;height:32px;margin: 0;padding: 0;border: none;box-shadow: none\" src=\"https:\/\/snudifo37.fr\/wp-content\/plugins\/social-media-feather\/synved-social\/image\/social\/regular\/64x64\/mail.png\" \/><\/a>","protected":false},"excerpt":{"rendered":"<p>Un CHSCT-D extraordinaire s\u2019est tenu le 15 septembre 2020. Le point central de l\u2019ordre du jour \u00e9tait la gestion de la Crise Sanitaire Covid-19 en cette rentr\u00e9e 2020. <\/p>\n","protected":false},"author":1,"featured_media":304,"comment_status":"closed","ping_status":"closed","sticky":false,"template":"","format":"standard","meta":{"footnotes":""},"categories":[12,8],"tags":[25,155,726,490,519,747,206,551,733],"class_list":["post-2583","post","type-post","status-publish","format-standard","has-post-thumbnail","hentry","category-chsct","category-instances","tag-chsct","tag-conditions-de-travail","tag-constellations","tag-coronavirus","tag-covid-19","tag-ffp2","tag-formation-continue","tag-masques","tag-rentree-2020"],"_links":{"self":[{"href":"https:\/\/snudifo37.fr\/index.php\/wp-json\/wp\/v2\/posts\/2583","targetHints":{"allow":["GET"]}}],"collection":[{"href":"https:\/\/snudifo37.fr\/index.php\/wp-json\/wp\/v2\/posts"}],"about":[{"href":"https:\/\/snudifo37.fr\/index.php\/wp-json\/wp\/v2\/types\/post"}],"author":[{"embeddable":true,"href":"https:\/\/snudifo37.fr\/index.php\/wp-json\/wp\/v2\/users\/1"}],"replies":[{"embeddable":true,"href":"https:\/\/snudifo37.fr\/index.php\/wp-json\/wp\/v2\/comments?post=2583"}],"version-history":[{"count":1,"href":"https:\/\/snudifo37.fr\/index.php\/wp-json\/wp\/v2\/posts\/2583\/revisions"}],"predecessor-version":[{"id":2584,"href":"https:\/\/snudifo37.fr\/index.php\/wp-json\/wp\/v2\/posts\/2583\/revisions\/2584"}],"wp:featuredmedia":[{"embeddable":true,"href":"https:\/\/snudifo37.fr\/index.php\/wp-json\/wp\/v2\/media\/304"}],"wp:attachment":[{"href":"https:\/\/snudifo37.fr\/index.php\/wp-json\/wp\/v2\/media?parent=2583"}],"wp:term":[{"taxonomy":"category","embeddable":true,"href":"https:\/\/snudifo37.fr\/index.php\/wp-json\/wp\/v2\/categories?post=2583"},{"taxonomy":"post_tag","embeddable":true,"href":"https:\/\/snudifo37.fr\/index.php\/wp-json\/wp\/v2\/tags?post=2583"}],"curies":[{"name":"wp","href":"https:\/\/api.w.org\/{rel}","templated":true}]}}