{"id":2574,"date":"2020-09-14T21:00:56","date_gmt":"2020-09-14T19:00:56","guid":{"rendered":"https:\/\/snudifo37.fr\/?p=2574"},"modified":"2020-09-16T13:46:28","modified_gmt":"2020-09-16T11:46:28","slug":"compte-rendu-de-laudience-du-14-09-avec-lia-dasen","status":"publish","type":"post","link":"https:\/\/snudifo37.fr\/index.php\/2020\/09\/14\/compte-rendu-de-laudience-du-14-09-avec-lia-dasen\/","title":{"rendered":"Compte-rendu de l&rsquo;audience du 14\/09 avec l&rsquo;IA Dasen"},"content":{"rendered":"\n<h3 class=\"has-vivid-red-color has-text-color wp-block-heading\">Formations en \u00ab\u00a0constellations\u00a0\u00bb : accentuons la mobilisation !<\/h3>\n\n\n\n<p>D\u00e8s juin, nous avions inform\u00e9 la profession sur la modification des conditions de travail qu&rsquo;impliquait la r\u00e9forme de la formation avec \u00ab\u00a0l&rsquo;accompagnement\u00a0\u00bb obligatoire de tous les coll\u00e8gues.<\/p>\n\n\n\n<p>Lors du conseil de formation de juillet dont nous avions exig\u00e9 la tenue, nous nous \u00e9tions prononc\u00e9s contre ce dispositif remettant en cause le droit au libre choix de la formation continue et aux animations p\u00e9dagogiques.<\/p>\n\n\n\n<p>Nous avions alors demand\u00e9 la pr\u00e9sentation de ce plan de formation au CTSD esp\u00e9rant obtenir un vote unanime contre celui-ci et avons saisi les CHSCT-Acad\u00e9mique et d\u00e9partemental de l&rsquo;impact de ce dispositif sur les conditions de travail.<\/p>\n\n\n\n<p><strong>Nouvelle censure de l&rsquo;IA-DASEN \u00e0 l&rsquo;\u00e9gard de la FNEC FP FO : alors que nous avions pu pr\u00e9senter un avis concernant les constellations lors du CHSCT-A, l&rsquo;IA-DASEN a refus\u00e9 hier de soumettre le m\u00eame avis au CHSCT-D !<\/strong><\/p>\n\n\n\n<p>La position ind\u00e9pendante du SNUDI-FO g\u00e8ne-t-elle au point qu&rsquo;il faille encore une fois le b\u00e2illonner? Apr\u00e8s le refus de nous adresser directement les documents concernant les \u00e9coles impact\u00e9es par le virus, d&rsquo;abord envoy\u00e9s \u00e0 la FSU, l&rsquo;IA-DASEN persiste donc dans sa volont\u00e9 d&rsquo;\u00e9carter FO. Nous ne laisserons pas faire !<\/p>\n\n\n\n<h5 class=\"has-vivid-red-color has-text-color wp-block-heading\"><strong>Le SNUDI-FO est aux c\u00f4t\u00e9s des nombreux coll\u00e8gues qui nous saisissent pour refuser ce nouveau cadre !<\/strong><\/h5>\n\n\n\n<p>Alors que dans de nombreux d\u00e9partements, selon les pr\u00e9conisations du Ministre, les PE inscrits dans les constellations doivent se rendre dans les classes de leurs coll\u00e8gues, l&rsquo;IA-DASEN nous a annonc\u00e9 lors de l&rsquo;audience que \u00ab\u00a0seuls\u00a0\u00bb les conseillers p\u00e9dagogiques ne viendraient dans les classes des coll\u00e8gues concern\u00e9s cette ann\u00e9e. Dont acte.<\/p>\n\n\n\n<p><strong>Mais l&rsquo;IA-DASEN nous a demand\u00e9 d&rsquo;\u00eatre rassurants. Rassurants ?<\/strong><\/p>\n\n\n\n<ul class=\"wp-block-list\"><li>Cet accompagnement obligatoire est inscrit dans les d\u00e9crets PPCR sur l&rsquo;\u00e9valuation des enseignants du 5 mai 2017 : \u00ab\u00a0<em>Art. 23.-Tout professeur des \u00e9coles b\u00e9n\u00e9ficie d&rsquo;un accompagnement continu dans son parcours professionnel. \u00ab Individuel ou collectif, cet accompagnement r\u00e9pond \u00e0 une demande des personnels ou \u00e0 une initiative de l&rsquo;administration. <\/em>\u00bb<\/li><li>D\u00e8s septembre, les coll\u00e8gues concern\u00e9s seront r\u00e9unis (malgr\u00e9 le contexte sanitaire\u2026)<\/li><li>L&rsquo;accompagnement sera fait par <strong>le conseiller p\u00e9dagogique ou l&rsquo;IEN qui viendront lors de 3 s\u00e9ances en classe<\/strong> analyser les pratiques<\/li><li>Le libre choix des animations p\u00e9dagogiques et de la formation continue dispara\u00eet<\/li><li><strong>Le Ministre propose d&rsquo;utiliser le d\u00e9cret sur les 5 jours de formation sur temps de vacances si le nombre de rempla\u00e7ants est insuffisant&#8230;<\/strong> \u00ab <em>Le probl\u00e8me du temps de remplacement disponible peut trouver de nouvelles solutions dans la r\u00e9cente possibilit\u00e9 de la r\u00e9mun\u00e9ration de la formation offerte par le d\u00e9cret 2019-935 du 6 septembre 2019.<\/em> \u00bb<\/li><\/ul>\n\n\n\n<p><strong>Le SNUDI-FO n&rsquo;est pas l\u00e0 pour faire la promotion de la politique gouvernementale! <\/strong>Encore une fois, il ne s&rsquo;agit pas d&rsquo;une question de p\u00e9dagogie mais bien d&rsquo;attaque contre notre statut!<\/p>\n\n\n\n<p>L\u00e0 o\u00f9 nous pouvons \u00eatre rassurants, c&rsquo;est que vous avez le droit de d\u00e9duire 9h de RIS !<\/p>\n\n\n\n<p>Nous pouvons faire reculer cette remise en cause de la libert\u00e9 p\u00e9dagogique et aggravation des conditions de travail ! <strong><a href=\"https:\/\/framaforms.org\/les-formations-par-constellations-cest-non-1599901189\" target=\"_blank\" rel=\"noreferrer noopener\">Continuez \u00e0 signer et faire signer la p\u00e9tition !<\/a><\/strong><\/p>\n\n\n\n<h3 class=\"has-vivid-red-color has-text-color wp-block-heading\">Situation dans les \u00e9coles avec des suspicions ou confirmation de malades :<\/h3>\n\n\n\n<p>Nous avons demand\u00e9 que les rempla\u00e7ants soient inform\u00e9s lorsqu&rsquo;ils sont doivent se rendre dans une \u00e9cole suite \u00e0 des suspicions ou confirmations de cas.<\/p>\n\n\n\n<p><strong>Nous avons alert\u00e9 sur la charge \u00e9norme qui repose sur les directeurs <\/strong>: appel de tous les parents pour tout cas, saisie de toutes les coordonn\u00e9es car l&rsquo;ARS refuse les fichiers de base \u00e9l\u00e8ves, de nombreuses t\u00e2ches suppl\u00e9mentaires qu&rsquo;il est impossible de traiter sur une journ\u00e9e !<\/p>\n\n\n\n<p>Nous avons demand\u00e9 \u00e0 ce que les IEN soutiennent les directeurs confront\u00e9s aux difficult\u00e9s li\u00e9es \u00e0 la situation sanitaire ! <strong>Le burn out est proche pour nos coll\u00e8gues. <\/strong><\/p>\n\n\n\n<p><strong>Pour toute difficult\u00e9, saisissez le SNUDI-FO \u00e0 <a href=\"mailto:fo-snudi@wanadoo.fr\" target=\"_blank\" rel=\"noreferrer noopener\">fo-snudi@wanadoo.fr<\/a> ou au 06 70 30 11 58 !<\/strong><\/p>\n\n\n\n<h3 class=\"has-vivid-red-color has-text-color wp-block-heading\">Evaluations nationales : le Ministre offre g\u00e9n\u00e9reusement 6h d&rsquo;all\u00e8gement d&rsquo;APC aux coll\u00e8gues concern\u00e9s!<\/h3>\n\n\n\n<p>Rappelons qu&rsquo;il y a quelques ann\u00e9es, ces coll\u00e8gues \u00e9taient r\u00e9mun\u00e9r\u00e9s 400 \u20ac !<\/p>\n\n\n\n<h3 class=\"has-vivid-red-color has-text-color wp-block-heading\">Rendez-vous de carri\u00e8re :<\/h3>\n\n\n\n<p>Nous avons fait part d&rsquo;erreurs dans les envois de mails pour les RDV de carri\u00e8re en juillet.<\/p>\n\n\n\n<p>Par ailleurs, les RDV de carri\u00e8re de l&rsquo;an pass\u00e9 devraient se terminer avant les cong\u00e9s de novembre. <strong>Les rapports devraient alors \u00eatre adress\u00e9s.<\/strong> Nous saisir pour toute contestation \u00e0 r\u00e9diger dans les 15 jours.<\/p>\n\n\n\n<p>Les appr\u00e9ciations de l&rsquo;IA-DASEN seront envoy\u00e9es en janvier.<\/p>\n\n\n\n<h3 class=\"has-vivid-red-color has-text-color wp-block-heading\">Rupture conventionnelle : les fonds enfin d\u00e9bloqu\u00e9s :<\/h3>\n\n\n\n<p>La situation se d\u00e9bloque enfin pour les demandes de rupture conventionnelle. Le budget sera d\u00e9bloqu\u00e9 en octobre et les premiers entretiens et premi\u00e8res conventions vont arriver dans les semaines qui viennent.<\/p>\n<a class=\"synved-social-button synved-social-button-share synved-social-size-32 synved-social-resolution-single synved-social-provider-facebook nolightbox\" data-provider=\"facebook\" target=\"_blank\" rel=\"nofollow\" title=\"Faites le savoir \u00e0 vos amis via Facebook \" href=\"https:\/\/www.facebook.com\/sharer.php?u=https%3A%2F%2Fsnudifo37.fr%2Findex.php%2Fwp-json%2Fwp%2Fv2%2Fposts%2F2574&#038;t=Compte-rendu%20de%20l%E2%80%99audience%20du%2014%2F09%20avec%20l%E2%80%99IA%20Dasen&#038;s=100&#038;p&#091;url&#093;=https%3A%2F%2Fsnudifo37.fr%2Findex.php%2Fwp-json%2Fwp%2Fv2%2Fposts%2F2574&#038;p&#091;images&#093;&#091;0&#093;=&#038;p&#091;title&#093;=Compte-rendu%20de%20l%E2%80%99audience%20du%2014%2F09%20avec%20l%E2%80%99IA%20Dasen\" style=\"font-size: 0px;width:32px;height:32px;margin:0;margin-bottom:20px;margin-right:20px\"><img loading=\"lazy\" decoding=\"async\" alt=\"Facebook\" title=\"Faites le savoir \u00e0 vos amis via Facebook \" class=\"synved-share-image synved-social-image synved-social-image-share\" width=\"32\" height=\"32\" style=\"display: inline;width:32px;height:32px;margin: 0;padding: 0;border: none;box-shadow: none\" src=\"https:\/\/snudifo37.fr\/wp-content\/plugins\/social-media-feather\/synved-social\/image\/social\/regular\/64x64\/facebook.png\" \/><\/a><a class=\"synved-social-button synved-social-button-share synved-social-size-32 synved-social-resolution-single synved-social-provider-twitter nolightbox\" data-provider=\"twitter\" target=\"_blank\" rel=\"nofollow\" title=\"Informez-en vos amis via Twitter\" href=\"https:\/\/twitter.com\/intent\/tweet?url=https%3A%2F%2Fsnudifo37.fr%2Findex.php%2Fwp-json%2Fwp%2Fv2%2Fposts%2F2574&#038;text=Le%20Snudi-Fo%20vous%20informe%3A\" style=\"font-size: 0px;width:32px;height:32px;margin:0;margin-bottom:20px;margin-right:20px\"><img loading=\"lazy\" decoding=\"async\" alt=\"twitter\" title=\"Informez-en vos amis via Twitter\" class=\"synved-share-image synved-social-image synved-social-image-share\" width=\"32\" height=\"32\" style=\"display: inline;width:32px;height:32px;margin: 0;padding: 0;border: none;box-shadow: none\" src=\"https:\/\/snudifo37.fr\/wp-content\/plugins\/social-media-feather\/synved-social\/image\/social\/regular\/64x64\/twitter.png\" \/><\/a><a class=\"synved-social-button synved-social-button-share synved-social-size-32 synved-social-resolution-single synved-social-provider-mail nolightbox\" data-provider=\"mail\" rel=\"nofollow\" title=\"Les derni\u00e8res informations du Snudi-Fo 37\" href=\"mailto:?subject=Compte-rendu%20de%20l%E2%80%99audience%20du%2014%2F09%20avec%20l%E2%80%99IA%20Dasen&#038;body=Le%20Snudi-Fo%20vous%20informe%3A:%20https%3A%2F%2Fsnudifo37.fr%2Findex.php%2Fwp-json%2Fwp%2Fv2%2Fposts%2F2574\" style=\"font-size: 0px;width:32px;height:32px;margin:0;margin-bottom:20px\"><img loading=\"lazy\" decoding=\"async\" alt=\"mail\" title=\"Les derni\u00e8res informations du Snudi-Fo 37\" class=\"synved-share-image synved-social-image synved-social-image-share\" width=\"32\" height=\"32\" style=\"display: inline;width:32px;height:32px;margin: 0;padding: 0;border: none;box-shadow: none\" src=\"https:\/\/snudifo37.fr\/wp-content\/plugins\/social-media-feather\/synved-social\/image\/social\/regular\/64x64\/mail.png\" \/><\/a>","protected":false},"excerpt":{"rendered":"<p>Le SNUDI-FO a \u00e9t\u00e9 re\u00e7u pendant 1h30 par l&rsquo;IA-DASEN lundi 14 septembre au soir.<br \/>\nH\u00e9l\u00e8ne Nizou, J\u00e9r\u00f4me Th\u00e9baut et Yvan Moquette y repr\u00e9sentaient le syndicat.<\/p>\n","protected":false},"author":1,"featured_media":0,"comment_status":"closed","ping_status":"closed","sticky":false,"template":"","format":"standard","meta":{"footnotes":""},"categories":[42,7],"tags":[150,43,726,490,519,757,159,265,92,733,381],"class_list":["post-2574","post","type-post","status-publish","format-standard","hentry","category-audience","category-syndicat","tag-150","tag-audience","tag-constellations","tag-coronavirus","tag-covid-19","tag-evaluations-nationales","tag-formation","tag-ia-dasen","tag-rdv-de-carriere","tag-rentree-2020","tag-rupture-conventionnelle"],"_links":{"self":[{"href":"https:\/\/snudifo37.fr\/index.php\/wp-json\/wp\/v2\/posts\/2574","targetHints":{"allow":["GET"]}}],"collection":[{"href":"https:\/\/snudifo37.fr\/index.php\/wp-json\/wp\/v2\/posts"}],"about":[{"href":"https:\/\/snudifo37.fr\/index.php\/wp-json\/wp\/v2\/types\/post"}],"author":[{"embeddable":true,"href":"https:\/\/snudifo37.fr\/index.php\/wp-json\/wp\/v2\/users\/1"}],"replies":[{"embeddable":true,"href":"https:\/\/snudifo37.fr\/index.php\/wp-json\/wp\/v2\/comments?post=2574"}],"version-history":[{"count":6,"href":"https:\/\/snudifo37.fr\/index.php\/wp-json\/wp\/v2\/posts\/2574\/revisions"}],"predecessor-version":[{"id":2582,"href":"https:\/\/snudifo37.fr\/index.php\/wp-json\/wp\/v2\/posts\/2574\/revisions\/2582"}],"wp:attachment":[{"href":"https:\/\/snudifo37.fr\/index.php\/wp-json\/wp\/v2\/media?parent=2574"}],"wp:term":[{"taxonomy":"category","embeddable":true,"href":"https:\/\/snudifo37.fr\/index.php\/wp-json\/wp\/v2\/categories?post=2574"},{"taxonomy":"post_tag","embeddable":true,"href":"https:\/\/snudifo37.fr\/index.php\/wp-json\/wp\/v2\/tags?post=2574"}],"curies":[{"name":"wp","href":"https:\/\/api.w.org\/{rel}","templated":true}]}}