{"id":2557,"date":"2020-09-10T16:23:11","date_gmt":"2020-09-10T14:23:11","guid":{"rendered":"https:\/\/snudifo37.fr\/?p=2557"},"modified":"2020-09-10T16:23:11","modified_gmt":"2020-09-10T14:23:11","slug":"formation-en-constellations-une-attaque-contre-nos-conditions-de-travail-sappuyant-sur-laccompagnement-inscrit-dans-ppcr","status":"publish","type":"post","link":"https:\/\/snudifo37.fr\/index.php\/2020\/09\/10\/formation-en-constellations-une-attaque-contre-nos-conditions-de-travail-sappuyant-sur-laccompagnement-inscrit-dans-ppcr\/","title":{"rendered":"Formation en \u00ab constellations \u00bb : une attaque contre nos conditions de travail s\u2019appuyant sur l\u2019accompagnement inscrit dans PPCR !"},"content":{"rendered":"\n<p>En cette rentr\u00e9e, la r\u00e9forme de la formation continue qui s\u2019appuie sur l\u2019accompagnement pr\u00e9vu par PPCR se d\u00e9ploie dans les d\u00e9partements. Cette formation pr\u00e9voit que chaque enseignant soit accompagn\u00e9 dans les 6 ans \u00e0 la fois dans le cadre du plan fran\u00e7ais et du plan math\u00e9matiques.<\/p>\n\n\n\n<h2 class=\"has-text-align-center wp-block-heading\">Tous, stagiaires \u00e0 vie\u2026<\/h2>\n\n\n\n<p>Des centaines de coll\u00e8gues par d\u00e9partement se retrouvent ainsi inscrits dans des \u00ab <em>constellations<\/em> \u00bb de 8 enseignants, bien souvent sans avoir \u00e9t\u00e9 sollicit\u00e9s.<\/p>\n\n\n\n<p>D\u00e9sign\u00e9s par les IEN, les enseignants \u00ab <em>constell\u00e9s <\/em>\u00bb sont contraints de participer \u00e0 une formation sur une th\u00e9matique impos\u00e9e. Les autres enseignants de l\u2019\u00e9cole doivent \u00e9galement participer \u00e0 des animations p\u00e9dagogiques en commun. <strong>C\u2019est nier le libre choix des enseignants \u00e0 une formation individuelle. Pour le SNUDI-FO, ce n\u2019est pas de la formation, c\u2019est du formatage !<\/strong><\/p>\n\n\n\n<p>D\u00e8s septembre, tout un programme se met en place : journ\u00e9es de regroupement pour pr\u00e9parer la formation et les visites en classe par les pairs et des conseillers p\u00e9dagogiques. En fin d\u2019ann\u00e9e scolaire, d\u2019autres regroupements pour faire le bilan et pr\u00e9voir les prolongements sur les ann\u00e9es \u00e0 venir\u2026 Dans un d\u00e9partement, des IEN indiquent m\u00eame que, contrairement \u00e0 la r\u00e9glementation, les r\u00e9unions d\u2019information syndicale ne pourraient \u00eatre d\u00e9duites de ces formations\u2026 ce que le SNUDI-FO ne laissera pas passer !<\/p>\n\n\n\n<p>Ce dispositif infantilisant vise \u00e0 remettre en cause la libert\u00e9 p\u00e9dagogique et \u00e0 exercer une pression permanente sur les enseignants dans le cadre des d\u00e9crets sur l\u2019\u00e9valuation de 2017. Un suivi ressemblant \u00e9trangement \u00e0 celui de stagiaires, ce que certains IA-DASEN n\u2019h\u00e9sitent pas \u00e0 assumer\u2026<\/p>\n\n\n\n<h2 class=\"has-text-align-center wp-block-heading\">Une \u00e9tape suppl\u00e9mentaire dans la dislocation de notre statut que le Ministre pr\u00e9voit d\u2019acc\u00e9l\u00e9rer \u2026<\/h2>\n\n\n\n<p>Le ministre annonce un grenelle des enseignants et pr\u00e9cise le 8 septembre que la \u00ab <em>revalorisation <\/em>\u00bb sera li\u00e9e \u00e0 \u00ab <em>un changement syst\u00e9mique pour que l\u2019ensemble de la vie des professeurs \u00e9volue <\/em>\u00bb \u2026<\/p>\n\n\n\n<p>On ne peut qu\u2019y voir une d\u00e9marche similaire \u00e0 celle du gouvernement Valls-Hollande avec son protocole PPCR : quelques miettes contre des modifications profondes de nos droits statutaires.<\/p>\n\n\n\n<p>Le SNUDI-FO avec la FNEC FP-FO iront dans les r\u00e9unions minist\u00e9rielles pour porter la revendication de 183 euros d\u2019augmentation indiciaire dans un premier temps (comme les hospitaliers) pour tous d\u00e8s maintenant sans contrepartie et l\u2019ouverture imm\u00e9diate de n\u00e9gociations en vue d\u2019un rattrapage de la perte de pouvoir d\u2019achat subie depuis 2000 (18 % en plus) !<\/p>\n\n\n\n<h2 class=\"has-text-align-center wp-block-heading\">Se r\u00e9unir avec le SNUDI-FO pour organiser la mobilisation et bloquer cette attaque<\/h2>\n\n\n\n<p><strong>Dans certains d\u00e9partements, il est question de 30h de formation au lieu des 18h r\u00e9glementaires.<\/strong> Les personnels n\u2019acceptent pas cette remise en cause de leurs obligations r\u00e9glementaires de services comme ils n\u2019acceptent pas la logique \u00ab d\u2019accompagnement \u00bb pr\u00e9vue par PPCR dont FO demande le retrait.<\/p>\n\n\n\n<p class=\"has-vivid-red-color has-text-color\"><strong>Le SNUDI-FO demande imm\u00e9diatement audience au ministre pour lui demander l\u2019abandon de ce dispositif et exiger le maintien du libre choix des animations p\u00e9dagogiques et de la formation continue.<\/strong><\/p>\n\n\n\n<p>Le SNUDI-FO invite les coll\u00e8gues \u00e0 se r\u00e9unir avec le syndicat pour organiser la mobilisation face \u00e0 cette attaque contre les conditions de travail. Il rappelle que les r\u00e9unions d\u2019information syndicale sont d\u00e9ductibles des animations p\u00e9dagogiques \u00e0 hauteur de 9h.<\/p>\n\n\n\n<p class=\"has-text-align-right\"><em>Montreuil, le 10 septembre 2020<\/em><\/p>\n\n\n\n<div class=\"wp-block-file\"><a href=\"https:\/\/snudifo37.fr\/wp-content\/uploads\/2020\/09\/200910-Communique-SNUDI-FO-constellations.pdf\">200910-Communique-SNUDI-FO-constellations<\/a><a href=\"https:\/\/snudifo37.fr\/wp-content\/uploads\/2020\/09\/200910-Communique-SNUDI-FO-constellations.pdf\" class=\"wp-block-file__button\" download>T\u00e9l\u00e9charger<\/a><\/div>\n<a class=\"synved-social-button synved-social-button-share synved-social-size-32 synved-social-resolution-single synved-social-provider-facebook nolightbox\" data-provider=\"facebook\" target=\"_blank\" rel=\"nofollow\" title=\"Faites le savoir \u00e0 vos amis via Facebook \" href=\"https:\/\/www.facebook.com\/sharer.php?u=https%3A%2F%2Fsnudifo37.fr%2Findex.php%2Fwp-json%2Fwp%2Fv2%2Fposts%2F2557&#038;t=Formation%20en%20%C2%AB%20constellations%20%C2%BB%20%3A%20une%20attaque%20contre%20nos%20conditions%20de%20travail%20s%E2%80%99appuyant%20sur%20l%E2%80%99accompagnement%20inscrit%20dans%20PPCR%20%21&#038;s=100&#038;p&#091;url&#093;=https%3A%2F%2Fsnudifo37.fr%2Findex.php%2Fwp-json%2Fwp%2Fv2%2Fposts%2F2557&#038;p&#091;images&#093;&#091;0&#093;=&#038;p&#091;title&#093;=Formation%20en%20%C2%AB%20constellations%20%C2%BB%20%3A%20une%20attaque%20contre%20nos%20conditions%20de%20travail%20s%E2%80%99appuyant%20sur%20l%E2%80%99accompagnement%20inscrit%20dans%20PPCR%20%21\" style=\"font-size: 0px;width:32px;height:32px;margin:0;margin-bottom:20px;margin-right:20px\"><img loading=\"lazy\" decoding=\"async\" alt=\"Facebook\" title=\"Faites le savoir \u00e0 vos amis via Facebook \" class=\"synved-share-image synved-social-image synved-social-image-share\" width=\"32\" height=\"32\" style=\"display: inline;width:32px;height:32px;margin: 0;padding: 0;border: none;box-shadow: none\" src=\"https:\/\/snudifo37.fr\/wp-content\/plugins\/social-media-feather\/synved-social\/image\/social\/regular\/64x64\/facebook.png\" \/><\/a><a class=\"synved-social-button synved-social-button-share synved-social-size-32 synved-social-resolution-single synved-social-provider-twitter nolightbox\" data-provider=\"twitter\" target=\"_blank\" rel=\"nofollow\" title=\"Informez-en vos amis via Twitter\" href=\"https:\/\/twitter.com\/intent\/tweet?url=https%3A%2F%2Fsnudifo37.fr%2Findex.php%2Fwp-json%2Fwp%2Fv2%2Fposts%2F2557&#038;text=Le%20Snudi-Fo%20vous%20informe%3A\" style=\"font-size: 0px;width:32px;height:32px;margin:0;margin-bottom:20px;margin-right:20px\"><img loading=\"lazy\" decoding=\"async\" alt=\"twitter\" title=\"Informez-en vos amis via Twitter\" class=\"synved-share-image synved-social-image synved-social-image-share\" width=\"32\" height=\"32\" style=\"display: inline;width:32px;height:32px;margin: 0;padding: 0;border: none;box-shadow: none\" src=\"https:\/\/snudifo37.fr\/wp-content\/plugins\/social-media-feather\/synved-social\/image\/social\/regular\/64x64\/twitter.png\" \/><\/a><a class=\"synved-social-button synved-social-button-share synved-social-size-32 synved-social-resolution-single synved-social-provider-mail nolightbox\" data-provider=\"mail\" rel=\"nofollow\" title=\"Les derni\u00e8res informations du Snudi-Fo 37\" href=\"mailto:?subject=Formation%20en%20%C2%AB%20constellations%20%C2%BB%20%3A%20une%20attaque%20contre%20nos%20conditions%20de%20travail%20s%E2%80%99appuyant%20sur%20l%E2%80%99accompagnement%20inscrit%20dans%20PPCR%20%21&#038;body=Le%20Snudi-Fo%20vous%20informe%3A:%20https%3A%2F%2Fsnudifo37.fr%2Findex.php%2Fwp-json%2Fwp%2Fv2%2Fposts%2F2557\" style=\"font-size: 0px;width:32px;height:32px;margin:0;margin-bottom:20px\"><img loading=\"lazy\" decoding=\"async\" alt=\"mail\" title=\"Les derni\u00e8res informations du Snudi-Fo 37\" class=\"synved-share-image synved-social-image synved-social-image-share\" width=\"32\" height=\"32\" style=\"display: inline;width:32px;height:32px;margin: 0;padding: 0;border: none;box-shadow: none\" src=\"https:\/\/snudifo37.fr\/wp-content\/plugins\/social-media-feather\/synved-social\/image\/social\/regular\/64x64\/mail.png\" \/><\/a>","protected":false},"excerpt":{"rendered":"<p>En cette rentr\u00e9e, la r\u00e9forme de la formation continue qui s\u2019appuie sur l\u2019accompagnement pr\u00e9vu par PPCR se d\u00e9ploie dans les d\u00e9partements. Cette formation pr\u00e9voit que chaque enseignant soit accompagn\u00e9 dans les 6 ans \u00e0 la fois dans le cadre du plan fran\u00e7ais et du plan math\u00e9matiques.<\/p>\n","protected":false},"author":1,"featured_media":0,"comment_status":"closed","ping_status":"closed","sticky":false,"template":"","format":"standard","meta":{"footnotes":""},"categories":[7],"tags":[150,276,726,725,756,33,733,720],"class_list":["post-2557","post","type-post","status-publish","format-standard","hentry","category-syndicat","tag-150","tag-accompagnement","tag-constellations","tag-plan-francais","tag-plan-maths","tag-ppcr","tag-rentree-2020","tag-stagiaire-a-vie"],"_links":{"self":[{"href":"https:\/\/snudifo37.fr\/index.php\/wp-json\/wp\/v2\/posts\/2557","targetHints":{"allow":["GET"]}}],"collection":[{"href":"https:\/\/snudifo37.fr\/index.php\/wp-json\/wp\/v2\/posts"}],"about":[{"href":"https:\/\/snudifo37.fr\/index.php\/wp-json\/wp\/v2\/types\/post"}],"author":[{"embeddable":true,"href":"https:\/\/snudifo37.fr\/index.php\/wp-json\/wp\/v2\/users\/1"}],"replies":[{"embeddable":true,"href":"https:\/\/snudifo37.fr\/index.php\/wp-json\/wp\/v2\/comments?post=2557"}],"version-history":[{"count":1,"href":"https:\/\/snudifo37.fr\/index.php\/wp-json\/wp\/v2\/posts\/2557\/revisions"}],"predecessor-version":[{"id":2559,"href":"https:\/\/snudifo37.fr\/index.php\/wp-json\/wp\/v2\/posts\/2557\/revisions\/2559"}],"wp:attachment":[{"href":"https:\/\/snudifo37.fr\/index.php\/wp-json\/wp\/v2\/media?parent=2557"}],"wp:term":[{"taxonomy":"category","embeddable":true,"href":"https:\/\/snudifo37.fr\/index.php\/wp-json\/wp\/v2\/categories?post=2557"},{"taxonomy":"post_tag","embeddable":true,"href":"https:\/\/snudifo37.fr\/index.php\/wp-json\/wp\/v2\/tags?post=2557"}],"curies":[{"name":"wp","href":"https:\/\/api.w.org\/{rel}","templated":true}]}}