{"id":2554,"date":"2020-09-07T21:25:14","date_gmt":"2020-09-07T19:25:14","guid":{"rendered":"https:\/\/snudifo37.fr\/?p=2554"},"modified":"2020-09-07T21:25:15","modified_gmt":"2020-09-07T19:25:15","slug":"reforme-de-la-formation-mise-en-place-de-constellations-et-suivi-pour-tous-dans-les-3-ans-des-centaines-de-collegues-du-departement-impactes","status":"publish","type":"post","link":"https:\/\/snudifo37.fr\/index.php\/2020\/09\/07\/reforme-de-la-formation-mise-en-place-de-constellations-et-suivi-pour-tous-dans-les-3-ans-des-centaines-de-collegues-du-departement-impactes\/","title":{"rendered":"R\u00e9forme de la formation : mise en place de \u00ab\u00a0constellations\u00a0\u00bb et suivi pour tous dans les 3 ans : des centaines de coll\u00e8gues du d\u00e9partement impact\u00e9s !"},"content":{"rendered":"\n<p>De nombreux coll\u00e8gues nous alertent, inquiets \u00e0 juste titre, concernant les conditions de formation appliqu\u00e9es cette ann\u00e9e dans le d\u00e9partement sur consignes du Ministre Blanquer : une soixantaine de coll\u00e8gues par circonscription sont choisis pour participer aux plans Fran\u00e7ais ou Math\u00e9matiques avec des r\u00e9unions, d\u00e8s ce mois-ci, en&nbsp;pr\u00e9sentiel et un suivi par des pairs et des conseillers p\u00e9dagogiques. Tout un programme \u2026 :<\/p>\n\n\n\n<ul class=\"wp-block-list\"><li>\u00ab\u00a0<em>2 temps de regroupement (en septembre) qui nous permettront de lancer ce nouveau projet de formation, de nous organiser et de trouver les th\u00e8mes sur lesquels vous souhaitez travailler.<\/em><\/li><li><em>3 visites en classe (qui auront lieu les lundis ou mardis)<\/em><\/li><li><em>3 temps de concertation (le mercredi) : le premier temps de concertation arrivera lorsque les 8 membres d&rsquo;une constellations auront eu leur premi\u00e8re visite. Nous pourrons ainsi nous r\u00e9unir afin de partager ensemble l&rsquo;exp\u00e9rience v\u00e9cue en classe. Et ainsi de suite pour les visites et temps de concertation suivants.<\/em><\/li><li><em>1 temps de regroupement (juin) qui nous permettra d&rsquo;\u00e9valuer notre temps d&rsquo;\u00e9change sur l&rsquo;ann\u00e9e et d&rsquo;ouvrir des perspectives pour les ann\u00e9es \u00e0 venir.<\/em> \u00ab\u00a0<\/li><\/ul>\n\n\n\n<p><strong>Rappelons que ce suivi obligatoire d\u00e9coule de PPCR qui impose l&rsquo;accompagnement des personnels.<\/strong><\/p>\n\n\n\n<p>Rappelons \u00e9galement que le SNUDI-FO s&rsquo;est oppos\u00e9 \u00e0 ces pratiques lors du conseil de formation de juillet (<a rel=\"noreferrer noopener\" href=\"https:\/\/snudifo37.fr\/index.php\/2020\/07\/09\/conseil-de-formation-mise-en-oeuvre-de-laccompagnement-ppcr-nous-sommes-voues-a-tous-devenir-stagiaires-a-vie\/\" target=\"_blank\">Lire le compte-rendu ici<\/a>)\u00a0) et lors du CTSD de mercredi dernier (<a href=\"https:\/\/snudifo37.fr\/index.php\/2020\/09\/06\/un-ctsd-dans-lequel-seule-la-fnec-fp-fo-vote-contre-le-plan-de-formation-continue-selon-le-ministre-blanquer-qui-impose-le-suivi-de-tous-les-collegues\/\" target=\"_blank\" rel=\"noreferrer noopener\">Lire le compte-rendu<\/a>) dans lequel nous avons insist\u00e9 pour avoir un vote sur le plan de formation continue int\u00e9grant ce dispositif, esp\u00e9rant avoir l&rsquo;unanimit\u00e9 des d\u00e9l\u00e9gu\u00e9s du personnel contre.<\/p>\n\n\n\n<p>Nous avons malheureusement \u00e9t\u00e9 les seuls \u00e0 voter contre, la FSU et l&rsquo;UNSA pr\u00e9f\u00e9rant s&rsquo;abstenir.<\/p>\n\n\n\n<p class=\"has-vivid-red-color has-text-color\"><strong>Le SNUDI FO revendique le maintien du libre choix des animations p\u00e9dagogiques et de la formation continue.<\/strong><\/p>\n\n\n\n<p>Nous interviendrons dans les prochains CHSCT, notamment acad\u00e9mique le jeudi 10 septembre, pour nous opposer \u00e0 la d\u00e9gradation des conditions de travail r\u00e9sultant de ce dispositif et pr\u00e9senterons un avis en esp\u00e9rant que nos coll\u00e8gues de la FSU se ressaisissent.<\/p>\n\n\n\n<p>Nous avons demand\u00e9 \u00e0 3 reprises audience aupr\u00e8s de l&rsquo;IA-DASEN notamment sur ce dossier et, persuad\u00e9s qu&rsquo;il n&rsquo;y a aucun ostracisme \u00e0 l&rsquo;\u00e9gard du SNUDI-FO, nous sommes en attente d&rsquo;une r\u00e9ponse.<\/p>\n\n\n\n<p>Nous organiserons prochainement des RIS afin de faire le point sur la situation en cette rentr\u00e9e par secteurs (<strong>Pour rappel, les RIS peuvent \u00eatre d\u00e9duites de ces animations p\u00e9dagogiques!<\/strong>).<\/p>\n\n\n\n<p>Pour en savoir plus :<br><a href=\"https:\/\/l.facebook.com\/l.php?u=https%3A%2F%2Fsnudifo37.fr%2Findex.php%2F2020%2F07%2F01%2Fnouveau-dispositif-de-formation-des-enseignants-laccompagnement-selon-ppcr%2F%3Ffbclid%3DIwAR2J1j70j0sShDbTDn0Ikj3xKhXE58SYHPuAxlucSHwhhoItzUkZVR1006c&amp;h=AT19KIKbnX_pxVFxia_Y9E9GnBZ2up56Oj2vh7adTt3lDkL8D0Pf7PNTtLprai7fQmcFwn8wKeYXzBgeb4uXz96kQ4DJuilmmebI_F-PVmV2Tnja_juSvIFUH0c9UrZdWVSdJk41qZLkFPcwijsQFixMtK_ZQvv9AyAf5tqOC2_A6CMkhlPbXIHrdfuPa5UYE0pNngZcS7s8dt_0vZhokM6yYVoiz9NOPz4RmIJvtGLaeKiBiuzqHJBV6jKMcEBoVowBzktu5qyD_H6-0JC-XnMrHVtVrEVGVF-AU8MbttSJU4hsfLz6hYzwKCMMzkEqInLl46oKQrLnr1WZIhwmP-CbW5Q8SrPcMsVRUB71hla-2Z5r5eo4bsr5OsQlh9ZgmjRqhC_souXYERuglO97Rf-y29XzOdRBv9SWi2D5U1DvkJsTcOdV9hadLBPdA9NDMUYZOGsBHwDXzjxUx1syo1LVRkd3Qngv137RUHBYrH_fwWSMuUFkoW7tit3-_dhaNbciMNuJv2GIjHXWDyTNdgUackgcRBnQNEiCxaI7FMYMD_vCa8L6lytPatT7i3FA_SXlsLQ8eoHD53h1YPqapWdkuWrAWY4UENF4Is3dpLYa5QHvTurKAvrAlF0NeIsKIFYRfCyuCPmd_miKzVlZF84U\" target=\"_blank\" rel=\"noreferrer noopener\">https:\/\/snudifo37.fr\/\u2026\/nouveau-dispositif-de-formation-des\u2026\/<\/a><\/p>\n<a class=\"synved-social-button synved-social-button-share synved-social-size-32 synved-social-resolution-single synved-social-provider-facebook nolightbox\" data-provider=\"facebook\" target=\"_blank\" rel=\"nofollow\" title=\"Faites le savoir \u00e0 vos amis via Facebook \" href=\"https:\/\/www.facebook.com\/sharer.php?u=https%3A%2F%2Fsnudifo37.fr%2Findex.php%2Fwp-json%2Fwp%2Fv2%2Fposts%2F2554&#038;t=R%C3%A9forme%20de%20la%20formation%20%3A%20mise%20en%20place%20de%20%C2%AB%C2%A0constellations%C2%A0%C2%BB%20et%20suivi%20pour%20tous%20dans%20les%203%20ans%20%3A%20des%20centaines%20de%20coll%C3%A8gues%20du%20d%C3%A9partement%20impact%C3%A9s%20%21&#038;s=100&#038;p&#091;url&#093;=https%3A%2F%2Fsnudifo37.fr%2Findex.php%2Fwp-json%2Fwp%2Fv2%2Fposts%2F2554&#038;p&#091;images&#093;&#091;0&#093;=&#038;p&#091;title&#093;=R%C3%A9forme%20de%20la%20formation%20%3A%20mise%20en%20place%20de%20%C2%AB%C2%A0constellations%C2%A0%C2%BB%20et%20suivi%20pour%20tous%20dans%20les%203%20ans%20%3A%20des%20centaines%20de%20coll%C3%A8gues%20du%20d%C3%A9partement%20impact%C3%A9s%20%21\" style=\"font-size: 0px;width:32px;height:32px;margin:0;margin-bottom:20px;margin-right:20px\"><img loading=\"lazy\" decoding=\"async\" alt=\"Facebook\" title=\"Faites le savoir \u00e0 vos amis via Facebook \" class=\"synved-share-image synved-social-image synved-social-image-share\" width=\"32\" height=\"32\" style=\"display: inline;width:32px;height:32px;margin: 0;padding: 0;border: none;box-shadow: none\" src=\"https:\/\/snudifo37.fr\/wp-content\/plugins\/social-media-feather\/synved-social\/image\/social\/regular\/64x64\/facebook.png\" \/><\/a><a class=\"synved-social-button synved-social-button-share synved-social-size-32 synved-social-resolution-single synved-social-provider-twitter nolightbox\" data-provider=\"twitter\" target=\"_blank\" rel=\"nofollow\" title=\"Informez-en vos amis via Twitter\" href=\"https:\/\/twitter.com\/intent\/tweet?url=https%3A%2F%2Fsnudifo37.fr%2Findex.php%2Fwp-json%2Fwp%2Fv2%2Fposts%2F2554&#038;text=Le%20Snudi-Fo%20vous%20informe%3A\" style=\"font-size: 0px;width:32px;height:32px;margin:0;margin-bottom:20px;margin-right:20px\"><img loading=\"lazy\" decoding=\"async\" alt=\"twitter\" title=\"Informez-en vos amis via Twitter\" class=\"synved-share-image synved-social-image synved-social-image-share\" width=\"32\" height=\"32\" style=\"display: inline;width:32px;height:32px;margin: 0;padding: 0;border: none;box-shadow: none\" src=\"https:\/\/snudifo37.fr\/wp-content\/plugins\/social-media-feather\/synved-social\/image\/social\/regular\/64x64\/twitter.png\" \/><\/a><a class=\"synved-social-button synved-social-button-share synved-social-size-32 synved-social-resolution-single synved-social-provider-mail nolightbox\" data-provider=\"mail\" rel=\"nofollow\" title=\"Les derni\u00e8res informations du Snudi-Fo 37\" href=\"mailto:?subject=R%C3%A9forme%20de%20la%20formation%20%3A%20mise%20en%20place%20de%20%C2%AB%C2%A0constellations%C2%A0%C2%BB%20et%20suivi%20pour%20tous%20dans%20les%203%20ans%20%3A%20des%20centaines%20de%20coll%C3%A8gues%20du%20d%C3%A9partement%20impact%C3%A9s%20%21&#038;body=Le%20Snudi-Fo%20vous%20informe%3A:%20https%3A%2F%2Fsnudifo37.fr%2Findex.php%2Fwp-json%2Fwp%2Fv2%2Fposts%2F2554\" style=\"font-size: 0px;width:32px;height:32px;margin:0;margin-bottom:20px\"><img loading=\"lazy\" decoding=\"async\" alt=\"mail\" title=\"Les derni\u00e8res informations du Snudi-Fo 37\" class=\"synved-share-image synved-social-image synved-social-image-share\" width=\"32\" height=\"32\" style=\"display: inline;width:32px;height:32px;margin: 0;padding: 0;border: none;box-shadow: none\" src=\"https:\/\/snudifo37.fr\/wp-content\/plugins\/social-media-feather\/synved-social\/image\/social\/regular\/64x64\/mail.png\" \/><\/a>","protected":false},"excerpt":{"rendered":"<p>De nombreux coll\u00e8gues nous alertent, inquiets \u00e0 juste titre, concernant les conditions de formation appliqu\u00e9es cette ann\u00e9e dans le d\u00e9partement sur consignes du Ministre Blanquer : une soixantaine de coll\u00e8gues par circonscription sont choisis pour participer aux plans Fran\u00e7ais ou Math\u00e9matiques avec des r\u00e9unions, d\u00e8s ce mois-ci, en pr\u00e9sentiel et un suivi par des pairs et des conseillers p\u00e9dagogiques.<\/p>\n","protected":false},"author":1,"featured_media":0,"comment_status":"closed","ping_status":"closed","sticky":false,"template":"","format":"standard","meta":{"footnotes":""},"categories":[15,10,7],"tags":[150,726,33,733,755],"class_list":["post-2554","post","type-post","status-publish","format-standard","hentry","category-conseil-de-formation","category-csa","category-syndicat","tag-150","tag-constellations","tag-ppcr","tag-rentree-2020","tag-suivi"],"_links":{"self":[{"href":"https:\/\/snudifo37.fr\/index.php\/wp-json\/wp\/v2\/posts\/2554","targetHints":{"allow":["GET"]}}],"collection":[{"href":"https:\/\/snudifo37.fr\/index.php\/wp-json\/wp\/v2\/posts"}],"about":[{"href":"https:\/\/snudifo37.fr\/index.php\/wp-json\/wp\/v2\/types\/post"}],"author":[{"embeddable":true,"href":"https:\/\/snudifo37.fr\/index.php\/wp-json\/wp\/v2\/users\/1"}],"replies":[{"embeddable":true,"href":"https:\/\/snudifo37.fr\/index.php\/wp-json\/wp\/v2\/comments?post=2554"}],"version-history":[{"count":1,"href":"https:\/\/snudifo37.fr\/index.php\/wp-json\/wp\/v2\/posts\/2554\/revisions"}],"predecessor-version":[{"id":2555,"href":"https:\/\/snudifo37.fr\/index.php\/wp-json\/wp\/v2\/posts\/2554\/revisions\/2555"}],"wp:attachment":[{"href":"https:\/\/snudifo37.fr\/index.php\/wp-json\/wp\/v2\/media?parent=2554"}],"wp:term":[{"taxonomy":"category","embeddable":true,"href":"https:\/\/snudifo37.fr\/index.php\/wp-json\/wp\/v2\/categories?post=2554"},{"taxonomy":"post_tag","embeddable":true,"href":"https:\/\/snudifo37.fr\/index.php\/wp-json\/wp\/v2\/tags?post=2554"}],"curies":[{"name":"wp","href":"https:\/\/api.w.org\/{rel}","templated":true}]}}