{"id":2455,"date":"2020-07-01T21:27:44","date_gmt":"2020-07-01T19:27:44","guid":{"rendered":"http:\/\/snudifo37.fr\/?p=2455"},"modified":"2020-09-01T11:24:59","modified_gmt":"2020-09-01T09:24:59","slug":"open-badges-ce-nest-pas-une-blague","status":"publish","type":"post","link":"https:\/\/snudifo37.fr\/index.php\/2020\/07\/01\/open-badges-ce-nest-pas-une-blague\/","title":{"rendered":"\u00ab Open badges \u00bb : ce n\u2019est pas une blague !"},"content":{"rendered":"\n<p>Le Ministre Blanquer vient de franchir un cran suppl\u00e9mentaire dans le m\u00e9pris des personnels et l\u2019ind\u00e9cence. Et c\u2019est surtout un nouveau moyen de management des personnels, dans la droite ligne de l\u2019\u00e9valuation PPCR et de la loi de \u00ab transformation de la fonction publique \u00bb qui vident les CAPD de leurs pr\u00e9rogatives et suppriment les droits des personnels !<\/p>\n\n\n\n<div class=\"wp-block-image\"><figure class=\"aligncenter size-large\"><img decoding=\"async\" src=\"http:\/\/snudifo37.fr\/wp-content\/uploads\/2020\/07\/Badges.jpg\" alt=\"\" class=\"wp-image-2456\"\/><\/figure><\/div>\n\n\n\n<p>Au lieu d\u2019accorder des moyens suppl\u00e9mentaires pour faire face aux difficult\u00e9s de la rentr\u00e9e, le ministre r\u00e9pond en poursuivant les suppressions de postes, au moment o\u00f9 les personnels r\u00e9clament des augmentations de salaire, la r\u00e9ponse des rectorats de Poitiers et Montpellier, pour ne citer qu\u2019eux, c\u2019est de d\u00e9cerner des \u00ab badges \u00bb pour attester des comp\u00e9tences des enseignants pour \u00ab l\u2019Ecole de demain \u00bb telle que la con\u00e7oit le ministre Blanquer.<\/p>\n\n\n\n<h3 class=\"wp-block-heading\">Le ministre de l\u2019\u00e9ducation nationale aurait-il oubli\u00e9 que les infirmi\u00e8res ont jet\u00e9 les m\u00e9dailles que son homologue de la sant\u00e9 leur avait d\u00e9cern\u00e9es ?<\/h3>\n\n\n\n<p>L\u2019objectif de cette op\u00e9ration est clair. Il est expliqu\u00e9 sans d\u00e9tour sur le site du rectorat de Poitiers : \u00ab <em>il permet de mettre en avant l&rsquo;expertise professionnelle d\u00e9velopp\u00e9e lors de certaines missions ou formations (animateur, formateur, instructeur, etc.). Pour les structures, il contribue \u00e0 la strat\u00e9gie de ressources humaines notamment dans le cadre de la formation et du d\u00e9veloppement professionnel des personnels <\/em>\u00bb. La rectrice pr\u00e9cise m\u00eame dans sa vid\u00e9o de pr\u00e9sentation sur le site du rectorat que les Open Badges pourront \u00eatre utilis\u00e9s dans le cadre de PPCR et des \u00e9valuations par rendez-vous de carri\u00e8re.<\/p>\n\n\n\n<p>Le rectorat de l\u2019acad\u00e9mie de Versailles pr\u00e9cise : \u00ab <em>cr\u00e9\u00e9s en 2011 par la fondation Mozilla, les Open Badges fournissent un syst\u00e8me d\u2019accr\u00e9ditation qui vise \u00e0 cr\u00e9er de nouvelles opportunit\u00e9s de carri\u00e8re et d\u2019\u00e9ducation en faisant la promotion de la reconnaissance des comp\u00e9tences et des r\u00e9alisations acquises par le biais d\u2019un apprentissage formel et informel.<\/em> \u00bb<\/p>\n\n\n\n<p><strong>Le SNUDI FO demande le retrait de ces \u00ab open badges \u00bb <\/strong>qui constituent une insulte suppl\u00e9mentaire contre les personnels, contraints de se d\u00e9brouiller seuls pendant le confinement, \u00e0 mettre \u00e0 disposition de l\u2019Institution leur propre mat\u00e9riel et leur propre forfait t\u00e9l\u00e9phonique, internet, pour maintenir le lien avec leurs \u00e9l\u00e8ves et pouvoir les faire travailler.<\/p>\n\n\n\n<p>Les personnels ne veulent ni m\u00e9daille ni badge, ils veulent des augmentations de salaires !<\/p>\n\n\n\n<p><strong>Le SNUDI FO revendique imm\u00e9diatement :<\/strong><\/p>\n\n\n\n<ul class=\"wp-block-list\"><li><strong>une r\u00e9elle augmentation salariale pour l\u2019ensemble des personnels avec d\u00e9gel imm\u00e9diat du point d\u2019indice et rattrapage de 18% minimum<\/strong><\/li><li><strong>une prise en charge financi\u00e8re des diff\u00e9rents frais informatiques, abonnements internet et t\u00e9l\u00e9phonique<\/strong><\/li><li><strong>L\u2019abrogation de la loi de \u00ab transformation de la fonction publique \u00bb et de PPCR<\/strong><\/li><\/ul>\n\n\n\n<p class=\"has-text-align-right\"><em>Montreuil, le 1er juillet 2020<\/em><\/p>\n\n\n\n<div class=\"wp-block-file\"><a href=\"http:\/\/snudifo37.fr\/wp-content\/uploads\/2020\/07\/Communiqu\u00e9-SNUDI-FO-Open-Badges-01072020.pdf\">Communiqu\u00e9-SNUDI-FO-Open-Badges-01072020<\/a><a href=\"http:\/\/snudifo37.fr\/wp-content\/uploads\/2020\/07\/Communiqu\u00e9-SNUDI-FO-Open-Badges-01072020.pdf\" class=\"wp-block-file__button\" download>T\u00e9l\u00e9charger<\/a><\/div>\n<a class=\"synved-social-button synved-social-button-share synved-social-size-32 synved-social-resolution-single synved-social-provider-facebook nolightbox\" data-provider=\"facebook\" target=\"_blank\" rel=\"nofollow\" title=\"Faites le savoir \u00e0 vos amis via Facebook \" href=\"https:\/\/www.facebook.com\/sharer.php?u=https%3A%2F%2Fsnudifo37.fr%2Findex.php%2Fwp-json%2Fwp%2Fv2%2Fposts%2F2455&#038;t=%C2%AB%20Open%20badges%20%C2%BB%20%3A%20ce%20n%E2%80%99est%20pas%20une%20blague%20%21&#038;s=100&#038;p&#091;url&#093;=https%3A%2F%2Fsnudifo37.fr%2Findex.php%2Fwp-json%2Fwp%2Fv2%2Fposts%2F2455&#038;p&#091;images&#093;&#091;0&#093;=http%3A%2F%2Fsnudifo37.fr%2Fwp-content%2Fuploads%2F2020%2F07%2FBadges.jpg&#038;p&#091;title&#093;=%C2%AB%20Open%20badges%20%C2%BB%20%3A%20ce%20n%E2%80%99est%20pas%20une%20blague%20%21\" style=\"font-size: 0px;width:32px;height:32px;margin:0;margin-bottom:20px;margin-right:20px\"><img loading=\"lazy\" decoding=\"async\" alt=\"Facebook\" title=\"Faites le savoir \u00e0 vos amis via Facebook \" class=\"synved-share-image synved-social-image synved-social-image-share\" width=\"32\" height=\"32\" style=\"display: inline;width:32px;height:32px;margin: 0;padding: 0;border: none;box-shadow: none\" src=\"https:\/\/snudifo37.fr\/wp-content\/plugins\/social-media-feather\/synved-social\/image\/social\/regular\/64x64\/facebook.png\" \/><\/a><a class=\"synved-social-button synved-social-button-share synved-social-size-32 synved-social-resolution-single synved-social-provider-twitter nolightbox\" data-provider=\"twitter\" target=\"_blank\" rel=\"nofollow\" title=\"Informez-en vos amis via Twitter\" href=\"https:\/\/twitter.com\/intent\/tweet?url=https%3A%2F%2Fsnudifo37.fr%2Findex.php%2Fwp-json%2Fwp%2Fv2%2Fposts%2F2455&#038;text=Le%20Snudi-Fo%20vous%20informe%3A\" style=\"font-size: 0px;width:32px;height:32px;margin:0;margin-bottom:20px;margin-right:20px\"><img loading=\"lazy\" decoding=\"async\" alt=\"twitter\" title=\"Informez-en vos amis via Twitter\" class=\"synved-share-image synved-social-image synved-social-image-share\" width=\"32\" height=\"32\" style=\"display: inline;width:32px;height:32px;margin: 0;padding: 0;border: none;box-shadow: none\" src=\"https:\/\/snudifo37.fr\/wp-content\/plugins\/social-media-feather\/synved-social\/image\/social\/regular\/64x64\/twitter.png\" \/><\/a><a class=\"synved-social-button synved-social-button-share synved-social-size-32 synved-social-resolution-single synved-social-provider-mail nolightbox\" data-provider=\"mail\" rel=\"nofollow\" title=\"Les derni\u00e8res informations du Snudi-Fo 37\" href=\"mailto:?subject=%C2%AB%20Open%20badges%20%C2%BB%20%3A%20ce%20n%E2%80%99est%20pas%20une%20blague%20%21&#038;body=Le%20Snudi-Fo%20vous%20informe%3A:%20https%3A%2F%2Fsnudifo37.fr%2Findex.php%2Fwp-json%2Fwp%2Fv2%2Fposts%2F2455\" style=\"font-size: 0px;width:32px;height:32px;margin:0;margin-bottom:20px\"><img loading=\"lazy\" decoding=\"async\" alt=\"mail\" title=\"Les derni\u00e8res informations du Snudi-Fo 37\" class=\"synved-share-image synved-social-image synved-social-image-share\" width=\"32\" height=\"32\" style=\"display: inline;width:32px;height:32px;margin: 0;padding: 0;border: none;box-shadow: none\" src=\"https:\/\/snudifo37.fr\/wp-content\/plugins\/social-media-feather\/synved-social\/image\/social\/regular\/64x64\/mail.png\" \/><\/a>","protected":false},"excerpt":{"rendered":"<p>Le Ministre Blanquer vient de franchir un cran suppl\u00e9mentaire dans le m\u00e9pris des personnels et l\u2019ind\u00e9cence. Et c\u2019est surtout un nouveau moyen de management des personnels, dans la droite ligne de l\u2019\u00e9valuation PPCR et de la loi de \u00ab transformation de la fonction publique \u00bb qui vident les CAPD de leurs pr\u00e9rogatives et suppriment les droits des personnels !<\/p>\n","protected":false},"author":1,"featured_media":0,"comment_status":"closed","ping_status":"closed","sticky":false,"template":"","format":"standard","meta":{"footnotes":""},"categories":[7],"tags":[150,722,721,33],"class_list":["post-2455","post","type-post","status-publish","format-standard","hentry","category-syndicat","tag-150","tag-evaluation","tag-open-badges","tag-ppcr"],"_links":{"self":[{"href":"https:\/\/snudifo37.fr\/index.php\/wp-json\/wp\/v2\/posts\/2455","targetHints":{"allow":["GET"]}}],"collection":[{"href":"https:\/\/snudifo37.fr\/index.php\/wp-json\/wp\/v2\/posts"}],"about":[{"href":"https:\/\/snudifo37.fr\/index.php\/wp-json\/wp\/v2\/types\/post"}],"author":[{"embeddable":true,"href":"https:\/\/snudifo37.fr\/index.php\/wp-json\/wp\/v2\/users\/1"}],"replies":[{"embeddable":true,"href":"https:\/\/snudifo37.fr\/index.php\/wp-json\/wp\/v2\/comments?post=2455"}],"version-history":[{"count":1,"href":"https:\/\/snudifo37.fr\/index.php\/wp-json\/wp\/v2\/posts\/2455\/revisions"}],"predecessor-version":[{"id":2458,"href":"https:\/\/snudifo37.fr\/index.php\/wp-json\/wp\/v2\/posts\/2455\/revisions\/2458"}],"wp:attachment":[{"href":"https:\/\/snudifo37.fr\/index.php\/wp-json\/wp\/v2\/media?parent=2455"}],"wp:term":[{"taxonomy":"category","embeddable":true,"href":"https:\/\/snudifo37.fr\/index.php\/wp-json\/wp\/v2\/categories?post=2455"},{"taxonomy":"post_tag","embeddable":true,"href":"https:\/\/snudifo37.fr\/index.php\/wp-json\/wp\/v2\/tags?post=2455"}],"curies":[{"name":"wp","href":"https:\/\/api.w.org\/{rel}","templated":true}]}}