{"id":2373,"date":"2020-06-09T15:41:13","date_gmt":"2020-06-09T13:41:13","guid":{"rendered":"http:\/\/snudifo37.fr\/?p=2373"},"modified":"2020-06-09T15:41:14","modified_gmt":"2020-06-09T13:41:14","slug":"les-personnels-hospitaliers-sont-en-greve-le-16-juin-leurs-revendications-sont-les-notres","status":"publish","type":"post","link":"https:\/\/snudifo37.fr\/index.php\/2020\/06\/09\/les-personnels-hospitaliers-sont-en-greve-le-16-juin-leurs-revendications-sont-les-notres\/","title":{"rendered":"Les personnels hospitaliers sont en gr\u00e8ve le 16 juin : leurs revendications sont les n\u00f4tres !"},"content":{"rendered":"\n<h2 class=\"has-text-align-center wp-block-heading\">La crise sanitaire ne doit pas \u00eatre un pr\u00e9texte \u00e0 la r\u00e9gression sociale !<\/h2>\n\n\n\n<figure class=\"wp-block-image size-large is-resized\"><img loading=\"lazy\" decoding=\"async\" src=\"http:\/\/snudifo37.fr\/wp-content\/uploads\/2020\/06\/Clipboard02.jpg\" alt=\"\" class=\"wp-image-2374\" width=\"717\" height=\"166\" srcset=\"https:\/\/snudifo37.fr\/wp-content\/uploads\/2020\/06\/Clipboard02.jpg 956w, https:\/\/snudifo37.fr\/wp-content\/uploads\/2020\/06\/Clipboard02-300x69.jpg 300w, https:\/\/snudifo37.fr\/wp-content\/uploads\/2020\/06\/Clipboard02-768x178.jpg 768w\" sizes=\"auto, (max-width: 717px) 100vw, 717px\" \/><\/figure>\n\n\n\n<p>La crise sanitaire que nous vivons a montr\u00e9 l\u2019ampleur des d\u00e9g\u00e2ts caus\u00e9s par des d\u00e9cennies de destruction des services publics et d\u2019accroissement des in\u00e9galit\u00e9s. Les services publics et notamment de sant\u00e9 ont \u00e9t\u00e9 sacrifi\u00e9s sur l\u2019autel des profits. Des mois avant le d\u00e9but de la crise sanitaire, les personnels hospitaliers, notamment des urgences, ont port\u00e9 leurs revendications pour d\u00e9fendre l\u2019h\u00f4pital.<\/p>\n\n\n\n<p>Les mots du pr\u00e9sident Macron, qui a \u00e9voqu\u00e9 tour \u00e0 tour les services publics comme des \u00ab <em>biens pr\u00e9cieux<\/em> \u00bb, \u00ab <em>la sant\u00e9 gratuite sans condition de revenu, de parcours ou de profession<\/em> \u00bb, \u00ab <em>un plan massif d\u2019investissement et de revalorisation des carri\u00e8res pour l\u2019h\u00f4pital<\/em> \u00bb, n\u2019ont tromp\u00e9 personne. Si nous laissons faire, le \u00ab jour d\u2019apr\u00e8s \u00bb sera \u00e0 l\u2019image du \u00ab jour d\u2019avant \u00bb : davantage pour les profits des entreprises, au d\u00e9triment de la population.<br>Les professionnels de sant\u00e9 ont bien compris qu\u2019ils n\u2019obtiendront pas satisfaction sans construction d\u2019un rapport de force. Le 16 juin, un arc large d\u2019organisations syndicales appelle \u00e0 une mobilisation d\u2019ampleur. La sant\u00e9 est une question qui touche l\u2019ensemble de la population.<\/p>\n\n\n\n<p>Par ailleurs, la sant\u00e9 n\u2019est pas le seul service public qui a subi des attaques successives ces derni\u00e8res d\u00e9cennies. Le service public d\u2019\u00e9ducation fait \u00e9galement l\u2019objet d\u2019attaques successives, et il est manifeste que la crise sanitaire est actuellement pour le ministre Blanquer une opportunit\u00e9 pour acc\u00e9l\u00e9rer sa politique de remise en cause du service public de l\u2019Education nationale. Son protocole sanitaire laisse une fois encore les personnels seuls dans la gestion des modalit\u00e9s de reprise et des \u00e9l\u00e8ves \u00e0 accueillir, sans aucune coh\u00e9rence nationale. Tout est pr\u00e9texte \u00e0 transf\u00e9rer la responsabilit\u00e9 du ministre sur les collectivit\u00e9s locales. C\u2019est une m\u00eame logique : celle de la territorialisation et du d\u00e9sengagement de l\u2019Etat.<\/p>\n\n\n\n<p>C\u2019est dans ce cadre que se profilent de nouvelles attaques contre le statut des personnels et contre le service public de l\u2019\u00c9ducation nationale : proposition d\u2019un statut de directeur d\u2019\u00e9cole sup\u00e9rieur hi\u00e9rarchique charg\u00e9 de manager des \u00e9coles autonomes, de recrutement de personnels de direction des EPLE avec un profil manag\u00e9rial qui pourraient \u00eatre issus du priv\u00e9, ou la g\u00e9n\u00e9ralisation du dispositif 2S2C qui est une attaque inacceptable contre le statut des personnels et contre le service public de l\u2019\u00c9ducation nationale. Explosion du groupe classe, des horaires, remise en cause des obligations r\u00e9glementaires de service, g\u00e9n\u00e9ralisation du contr\u00f4le continu, pressions accrues sur les personnels. Le ministre Blanquer envisage m\u00eame le maintien du travail en distanciel \u00e0 la rentr\u00e9e de septembre 2020. Cette mesure lui permettrait de ne pas cr\u00e9er de postes, de licencier beaucoup de contractuels.<\/p>\n\n\n\n<p>Enfin, les mesures prises par le gouvernement en application de \u00ab l\u2019\u00e9tat d\u2019urgence sanitaire \u00bb remettent en cause les libert\u00e9s de manifester et de se r\u00e9unir, permettant au gouvernement d\u2019amplifier une politique r\u00e9pressive et liberticide. Dans notre secteur, les personnels poursuivis suite \u00e0 la mobilisation contre la r\u00e9forme du baccalaur\u00e9at, les E3C, sont \u00e0 nouveau convoqu\u00e9s.<\/p>\n\n\n\n<p>Avec les personnels, nos organisations syndicales exigent :<\/p>\n\n\n\n<ul class=\"wp-block-list\"><li>Des moyens et la cr\u00e9ation de postes suppl\u00e9mentaires pour renforcer l\u2019Ecole, la m\u00eame pour tous ;<\/li><li>L\u2019abandon du dispositif 2S2C et du projet de loi cr\u00e9ant la fonction de de directeur d\u2019\u00e9cole sup\u00e9rieur hi\u00e9rarchique ;<\/li><li>L\u2019abrogation de la r\u00e9forme du baccalaur\u00e9at et du lyc\u00e9e, des E3C, du dispositif Parcoursup ;<\/li><li>L\u2019augmentation des salaires dans le cadre d\u2019une revalorisation indiciaire<\/li><\/ul>\n\n\n\n<p>Nos organisations syndicales demandent la lev\u00e9e de l\u2019\u00e9tat d\u2019urgence sanitaire, le maintien de la libert\u00e9 de r\u00e9union et de manifestation, le respect des droits syndicaux, l\u2019arr\u00eat des proc\u00e9dures disciplinaires.<\/p>\n\n\n\n<p>Nos organisations appellent les personnels \u00e0 se r\u00e9unir, \u00e0 \u00e9tablir les revendications et \u00e0 s\u2019opposer aux mesures d\u2019exception, qui sous pr\u00e9texte de crise sanitaire, remettent en cause les statuts et les services publics. Elles soutiennent toutes les initiatives (gr\u00e8ve, rassemblements, manifestations\u2026) prises en d\u00e9fense des revendications et appellent \u00e0 participer \u00e0 toutes les initiatives interprofessionnelles le 16 juin aux c\u00f4t\u00e9s des personnels hospitaliers.<\/p>\n\n\n\n<p class=\"has-text-align-right\"><em>Le 9 juin 2020<\/em><\/p>\n<a class=\"synved-social-button synved-social-button-share synved-social-size-32 synved-social-resolution-single synved-social-provider-facebook nolightbox\" data-provider=\"facebook\" target=\"_blank\" rel=\"nofollow\" title=\"Faites le savoir \u00e0 vos amis via Facebook \" href=\"https:\/\/www.facebook.com\/sharer.php?u=https%3A%2F%2Fsnudifo37.fr%2Findex.php%2Fwp-json%2Fwp%2Fv2%2Fposts%2F2373&#038;t=Les%20personnels%20hospitaliers%20sont%20en%20gr%C3%A8ve%20le%2016%20juin%20%3A%20leurs%20revendications%20sont%20les%20n%C3%B4tres%20%21&#038;s=100&#038;p&#091;url&#093;=https%3A%2F%2Fsnudifo37.fr%2Findex.php%2Fwp-json%2Fwp%2Fv2%2Fposts%2F2373&#038;p&#091;images&#093;&#091;0&#093;=https%3A%2F%2Fsnudifo37.fr%2Fwp-content%2Fuploads%2F2020%2F03%2Ftousse_ensemble_jpg__1701841.jpg&#038;p&#091;title&#093;=Les%20personnels%20hospitaliers%20sont%20en%20gr%C3%A8ve%20le%2016%20juin%20%3A%20leurs%20revendications%20sont%20les%20n%C3%B4tres%20%21\" style=\"font-size: 0px;width:32px;height:32px;margin:0;margin-bottom:20px;margin-right:20px\"><img loading=\"lazy\" decoding=\"async\" alt=\"Facebook\" title=\"Faites le savoir \u00e0 vos amis via Facebook \" class=\"synved-share-image synved-social-image synved-social-image-share\" width=\"32\" height=\"32\" style=\"display: inline;width:32px;height:32px;margin: 0;padding: 0;border: none;box-shadow: none\" src=\"https:\/\/snudifo37.fr\/wp-content\/plugins\/social-media-feather\/synved-social\/image\/social\/regular\/64x64\/facebook.png\" \/><\/a><a class=\"synved-social-button synved-social-button-share synved-social-size-32 synved-social-resolution-single synved-social-provider-twitter nolightbox\" data-provider=\"twitter\" target=\"_blank\" rel=\"nofollow\" title=\"Informez-en vos amis via Twitter\" href=\"https:\/\/twitter.com\/intent\/tweet?url=https%3A%2F%2Fsnudifo37.fr%2Findex.php%2Fwp-json%2Fwp%2Fv2%2Fposts%2F2373&#038;text=Le%20Snudi-Fo%20vous%20informe%3A\" style=\"font-size: 0px;width:32px;height:32px;margin:0;margin-bottom:20px;margin-right:20px\"><img loading=\"lazy\" decoding=\"async\" alt=\"twitter\" title=\"Informez-en vos amis via Twitter\" class=\"synved-share-image synved-social-image synved-social-image-share\" width=\"32\" height=\"32\" style=\"display: inline;width:32px;height:32px;margin: 0;padding: 0;border: none;box-shadow: none\" src=\"https:\/\/snudifo37.fr\/wp-content\/plugins\/social-media-feather\/synved-social\/image\/social\/regular\/64x64\/twitter.png\" \/><\/a><a class=\"synved-social-button synved-social-button-share synved-social-size-32 synved-social-resolution-single synved-social-provider-mail nolightbox\" data-provider=\"mail\" rel=\"nofollow\" title=\"Les derni\u00e8res informations du Snudi-Fo 37\" href=\"mailto:?subject=Les%20personnels%20hospitaliers%20sont%20en%20gr%C3%A8ve%20le%2016%20juin%20%3A%20leurs%20revendications%20sont%20les%20n%C3%B4tres%20%21&#038;body=Le%20Snudi-Fo%20vous%20informe%3A:%20https%3A%2F%2Fsnudifo37.fr%2Findex.php%2Fwp-json%2Fwp%2Fv2%2Fposts%2F2373\" style=\"font-size: 0px;width:32px;height:32px;margin:0;margin-bottom:20px\"><img loading=\"lazy\" decoding=\"async\" alt=\"mail\" title=\"Les derni\u00e8res informations du Snudi-Fo 37\" class=\"synved-share-image synved-social-image synved-social-image-share\" width=\"32\" height=\"32\" style=\"display: inline;width:32px;height:32px;margin: 0;padding: 0;border: none;box-shadow: none\" src=\"https:\/\/snudifo37.fr\/wp-content\/plugins\/social-media-feather\/synved-social\/image\/social\/regular\/64x64\/mail.png\" \/><\/a>","protected":false},"excerpt":{"rendered":"<p>La crise sanitaire ne doit pas \u00eatre un pr\u00e9texte \u00e0 la r\u00e9gression sociale !<\/p>\n","protected":false},"author":1,"featured_media":1901,"comment_status":"closed","ping_status":"closed","sticky":false,"template":"","format":"standard","meta":{"footnotes":""},"categories":[7],"tags":[697,150,34,63,452,675,31,225,283,403,517],"class_list":["post-2373","post","type-post","status-publish","format-standard","has-post-thumbnail","hentry","category-syndicat","tag-16-juin","tag-150","tag-blanquer","tag-cgteduc","tag-contractuel","tag-etat-d-urgence-sanitaire","tag-fnec-fp-fo","tag-greve","tag-revendications","tag-sud-education-2","tag-teletravail"],"_links":{"self":[{"href":"https:\/\/snudifo37.fr\/index.php\/wp-json\/wp\/v2\/posts\/2373","targetHints":{"allow":["GET"]}}],"collection":[{"href":"https:\/\/snudifo37.fr\/index.php\/wp-json\/wp\/v2\/posts"}],"about":[{"href":"https:\/\/snudifo37.fr\/index.php\/wp-json\/wp\/v2\/types\/post"}],"author":[{"embeddable":true,"href":"https:\/\/snudifo37.fr\/index.php\/wp-json\/wp\/v2\/users\/1"}],"replies":[{"embeddable":true,"href":"https:\/\/snudifo37.fr\/index.php\/wp-json\/wp\/v2\/comments?post=2373"}],"version-history":[{"count":1,"href":"https:\/\/snudifo37.fr\/index.php\/wp-json\/wp\/v2\/posts\/2373\/revisions"}],"predecessor-version":[{"id":2375,"href":"https:\/\/snudifo37.fr\/index.php\/wp-json\/wp\/v2\/posts\/2373\/revisions\/2375"}],"wp:featuredmedia":[{"embeddable":true,"href":"https:\/\/snudifo37.fr\/index.php\/wp-json\/wp\/v2\/media\/1901"}],"wp:attachment":[{"href":"https:\/\/snudifo37.fr\/index.php\/wp-json\/wp\/v2\/media?parent=2373"}],"wp:term":[{"taxonomy":"category","embeddable":true,"href":"https:\/\/snudifo37.fr\/index.php\/wp-json\/wp\/v2\/categories?post=2373"},{"taxonomy":"post_tag","embeddable":true,"href":"https:\/\/snudifo37.fr\/index.php\/wp-json\/wp\/v2\/tags?post=2373"}],"curies":[{"name":"wp","href":"https:\/\/api.w.org\/{rel}","templated":true}]}}