{"id":2330,"date":"2020-05-29T09:59:14","date_gmt":"2020-05-29T07:59:14","guid":{"rendered":"http:\/\/snudifo37.fr\/?p=2330"},"modified":"2020-05-29T09:59:15","modified_gmt":"2020-05-29T07:59:15","slug":"appel-de-la-commission-executive-federale-cef-du-28-mai-2020","status":"publish","type":"post","link":"https:\/\/snudifo37.fr\/index.php\/2020\/05\/29\/appel-de-la-commission-executive-federale-cef-du-28-mai-2020\/","title":{"rendered":"Appel de la Commission Ex\u00e9cutive F\u00e9d\u00e9rale (CEF) du 28 mai 2020"},"content":{"rendered":"\n<div class=\"wp-block-image\"><figure class=\"aligncenter size-large is-resized\"><img loading=\"lazy\" decoding=\"async\" src=\"http:\/\/snudifo37.fr\/wp-content\/uploads\/2019\/05\/logo_Fnec_moyen.png\" alt=\"F\u00e9d\u00e9ration Nationale de l'Enseignement, de la Culture et de la Formation Professionnelle Force Ouvri\u00e8re\" class=\"wp-image-390\" width=\"236\" height=\"246\" srcset=\"https:\/\/snudifo37.fr\/wp-content\/uploads\/2019\/05\/logo_Fnec_moyen.png 472w, https:\/\/snudifo37.fr\/wp-content\/uploads\/2019\/05\/logo_Fnec_moyen-288x300.png 288w\" sizes=\"auto, (max-width: 236px) 100vw, 236px\" \/><figcaption>F\u00e9d\u00e9ration Nationale de l&rsquo;Enseignement, de la Culture et de la Formation Professionnelle Force Ouvri\u00e8re<\/figcaption><\/figure><\/div>\n\n\n\n<p>La col\u00e8re gronde. En t\u00e9moignent les manifestations chez les personnels hospitaliers (Clichy, Saint-Etienne, Lyon, \u2026) mais aussi dans notre secteur (Rouen, Tours, \u2026). Tous les salari\u00e9s, tous les personnels sont exc\u00e9d\u00e9s par les mesures d\u2019exception prises par le gouvernement au nom de l\u2019\u00e9tat d\u2019urgence qui n\u2019a de sanitaire que le nom. Apr\u00e8s les avoir expuls\u00e9s de leur entreprise, de leur service, de leur \u00e9cole, apr\u00e8s avoir interdit les rassemblements et remis en cause les libert\u00e9s publiques, le gouvernement s\u2019est donn\u00e9 les pleins pouvoirs pour imposer des conditions d\u2019une \u00ab reprise \u00bb au service d\u2019un objectif : pr\u00e9cipiter la destruction des services publics, g\u00e9n\u00e9raliser la d\u00e9r\u00e9glementation et pr\u00e9parer la privatisation. Pleins pouvoirs \u00e9galement aux employeurs pour faire voler en \u00e9clats toutes les r\u00e8gles inscrites dans le Code du Travail, les conventions collectives et les statuts.<\/p>\n\n\n\n<p>Chaque jour qui passe met en \u00e9vidence que la crise sanitaire est utilis\u00e9e pour poursuivre et amplifier les contre-r\u00e9formes.<\/p>\n\n\n\n<p>Tournant le dos aux exigences de garanties sanitaires port\u00e9es par FO (d\u00e9pistage syst\u00e9matique, masque FFP2\u2026), le ministre Blanquer a mis en place un protocole sanitaire inapplicable qui place les personnels dans une situation insupportable. La r\u00e9ouverture progressive des \u00e9coles a \u00e9t\u00e9 l\u2019occasion pour le ministre de mettre en place une \u00e9cole qui n\u2019est plus l\u2019\u00e9cole. Une \u00e9cole g\u00e9r\u00e9e par les collectivit\u00e9s locales, charg\u00e9e d&rsquo;appliquer les d\u00e9cisions des conseils d&rsquo;\u00e9cole, cr\u00e9ant la confusion entre scolaire et p\u00e9riscolaire, dans un m\u00e9lange des genres entre enseignants et personnels municipaux, sans groupe classe de niveau, sans tous les \u00e9l\u00e8ves, alternant pr\u00e9sentiel et distanciel, sans programmes nationaux mais avec des projets \u00e9ducatifs territoriaux, sans respect des statuts, sans missions clairement d\u00e9finies, sans r\u00e8gles, \u2026<\/p>\n\n\n\n<p>Alors que la r\u00e9volte se propageait dans les Universit\u00e9s contre le plan de restructuration (LPPR\u2026), la ministre Vidal les a ferm\u00e9es jusqu\u2019\u00e0 nouvel ordre, privant les personnels et les \u00e9tudiants de leur outil de travail et de la possibilit\u00e9 de se r\u00e9unir.<\/p>\n\n\n\n<p>Et maintenant le gouvernement d\u00e9cide de faire de ces mesures d\u2019exception la r\u00e8gle pour l\u2019\u00e9cole et l\u2019Universit\u00e9 \u00ab de demain \u00bb :<\/p>\n\n\n\n<ul class=\"wp-block-list\"><li>Le ministre Blanquer veut g\u00e9n\u00e9raliser les 2S2C : des activit\u00e9s prises en charge par les municipalit\u00e9s sur le temps scolaire, en lieu et place des cours. C\u2019est aussi l\u2019externalisation des enseignements d\u2019EPS, d\u2019\u00e9ducation musicale, d\u2019arts plastiques ;<\/li><li>Ils veulent rendre obligatoire le \u00ab t\u00e9l\u00e9-enseignement \u00bb dans les \u00e9coles, coll\u00e8ges, lyc\u00e9es et universit\u00e9s : c\u2019est la privatisation et la n\u00e9gation de l\u2019enseignement, c\u2019est aussi la remise en cause des statuts et de la libert\u00e9 p\u00e9dagogique et une menace sur tous les postes ;<\/li><li>Le gouvernement d\u00e9r\u00e8glemente le t\u00e9l\u00e9travail en supprimant les dispositions protectrices des agents ; <\/li><li>Le statut de directeur d\u2019\u00e9cole sup\u00e9rieur hi\u00e9rarchique revient sur le devant de la sc\u00e8ne \u00e0 travers une proposition de loi, \u00e0 l\u2019initiative de la d\u00e9put\u00e9e Rilhac, qui \u00e9tablit un lien de subordination entre les directeurs et les municipalit\u00e9s, ce qui remettrait en cause le cadre national de l\u2019\u00e9cole de la R\u00e9publique et le statut de fonctionnaire d\u2019Etat des professeurs des \u00e9coles, adjoints comme directeurs.<\/li><li>Le gouvernement g\u00e9n\u00e9ralise le Service National Universel, pilot\u00e9 par les Recteurs de R\u00e9gions acad\u00e9miques, en pr\u00e9sentant un d\u00e9cret rejet\u00e9 par l\u2019ensemble des syndicats, au moment m\u00eame o\u00f9 le gouvernement d\u00e9truit les services et les emplois d\u00e9di\u00e9s \u00e0 la jeunesse et aux sports, projette de privatiser une partie de ces missions et remet en cause statuts et missions de ces personnels ;<\/li><li>Il poursuit la r\u00e9forme de l\u2019organisation territoriale de l\u2019Etat et la dissolution des services Jeunesse et Sports dans une d\u00e9l\u00e9gation rattach\u00e9e aux rectorats (DRAJES, dont les cr\u00e9ations sont pr\u00e9vues en janvier 2021) ;<\/li><li>Le ministre Blanquer poursuit ses contre-r\u00e9formes : r\u00e9forme des concours, r\u00e9formes du lyc\u00e9e, du baccalaur\u00e9at et Parcoursup ;<\/li><li>Pour les concours internes (1 er , 2 nd degr\u00e9s, puis par la suite des administratifs), l\u2019\u00e9preuve orale d\u2019admission serait annul\u00e9e. Le ministre exclurait ainsi la moiti\u00e9 des admissibles en demandant aux jurys une nouvelle d\u00e9lib\u00e9ration qui transformerait la liste d\u2019admissibilit\u00e9 en liste d\u2019admission en lien avec le nombre de postes aux concours.<\/li><li>Les cong\u00e9s et le temps de travail des personnels sont remis en cause ;<\/li><li>Le gouvernement met en place des primes diff\u00e9renci\u00e9es li\u00e9es \u00e0 la situation personnelle et parfois priv\u00e9e de l\u2019agent pendant le confinement ;<\/li><\/ul>\n\n\n\n<p>A l\u2019AFPA, les salari\u00e9s sont confront\u00e9s \u00e0 un PSE et les pertes \u00ab \u00e9conomiques \u00bb li\u00e9es \u00e0 la crise sanitaire risquent d\u2019\u00eatre lourdes de cons\u00e9quences.<\/p>\n\n\n\n<p>Au minist\u00e8re de la Culture, aucune consigne n&rsquo;est donn\u00e9e aux directions qui d\u00e9cident la r\u00e9ouverture des mus\u00e9es, des monuments, des administrations dans le plus grand chaos.<\/p>\n\n\n\n<p>Et dans le m\u00eame temps, le droit syndical est remis en cause et les mesures liberticides se poursuivent\u2026 La CEF d\u00e9nonce le refus du ministre de la Culture d&rsquo;accorder une audience \u00e0 FO.<\/p>\n\n\n\n<p>Les personnels ont bien compris que ces d\u00e9cisions gouvernementales, qui n\u2019ont rien \u00e0 voir avec le contexte sanitaire ou social, conduisent \u00e0 moins d\u2019Ecole, moins de statut, toujours moins d\u2019agents.<\/p>\n\n\n\n<p>L\u2019urgence n\u2019est-elle pas :<\/p>\n\n\n\n<ul class=\"wp-block-list\"><li>d\u2019assurer les conditions sanitaires et mat\u00e9rielles pour r\u00e9tablir l\u2019\u00e9cole publique, la\u00efque, la m\u00eame pour tous et exiger les moyens de r\u00e9tablir un v\u00e9ritable enseignement d\u00e9livr\u00e9 par des personnels fonctionnaires d\u2019Etat, prot\u00e9g\u00e9s par un statut ?<\/li><li>de rouvrir les universit\u00e9s et r\u00e9tablir l\u2019Enseignement Sup\u00e9rieur et la Recherche ?<\/li><li>d\u2019arr\u00eater les fermetures de classes et de cr\u00e9er les postes n\u00e9cessaires\u2026 ?<\/li><li>d\u2019abandonner la r\u00e9forme du baccalaur\u00e9at et Parcoursup, et de garantir l\u2019acc\u00e8s pour tous les bacheliers aux \u00e9tudes sup\u00e9rieures et \u00e0 la fili\u00e8re de leur choix ?<\/li><li>de r\u00e9tablir l\u2019\u00e9ducation populaire comme mission d\u2019Etat en r\u00e9instaurant un minist\u00e8re d\u00e9di\u00e9 \u00e0 la jeunesse et aux sports et en abandonnant le SNU, l\u2019agence du sport et la r\u00e9forme de l\u2019OTE ?<\/li><li>de verser la prime Covid 19 pour tous et d\u2019augmenter la valeur du point d\u2019indice des fonctionnaires ?<\/li><li>de maintenir l&rsquo;ensemble des emplois et sites de l&rsquo;AFPA, de d\u00e9velopper l&rsquo;AFPA et ses missions de service public ?<\/li><\/ul>\n\n\n\n<p>La CEF de la FNEC FP-FO exige la lev\u00e9e de l\u2019\u00ab \u00e9tat d\u2019urgence \u00bb et le r\u00e9tablissement des libert\u00e9s que l\u2019on nous a confisqu\u00e9es, \u00e0 commencer par le droit de nous r\u00e9unir.<\/p>\n\n\n\n<p>La CEF appelle les personnels \u00e0 se r\u00e9unir et s\u2019organiser pour faire valoir les revendications urgentes face au chaos impos\u00e9 par le gouvernement. Elle les appelle \u00e0 dresser le cahier de toutes leurs revendications.<\/p>\n\n\n\n<p>La FNEC FP-FO a d\u00e9pos\u00e9 un pr\u00e9avis de gr\u00e8ve. La CEF invite toutes ses structures \u00e0 continuer de d\u00e9fendre pied \u00e0 pied chaque adh\u00e9rent, chaque \u00e9tablissement, pour la d\u00e9fense de leur droit, de leur statut, de leurs conditions de travail.<\/p>\n\n\n\n<p>La CEF appelle les syndicats de la FNEC FP-FO \u00e0 organiser les tourn\u00e9es d\u2019\u00e9coles, d\u2019\u00e9tablissements, services, \u00e0 organiser les r\u00e9unions syndicales, les assembl\u00e9es g\u00e9n\u00e9rales des personnels, \u00e0 proposer \u00e0 tous les personnels l\u2019adh\u00e9sion, la r\u00e9-adh\u00e9sion aux syndicats de la FNEC FP-FO.<\/p>\n\n\n\n<p class=\"has-text-align-right\"><em>Appel vot\u00e9 \u00e0 l\u2019unanimit\u00e9 moins 1 abstention.<br>Montreuil, le 28 mai 2020.<\/em><\/p>\n<a class=\"synved-social-button synved-social-button-share synved-social-size-32 synved-social-resolution-single synved-social-provider-facebook nolightbox\" data-provider=\"facebook\" target=\"_blank\" rel=\"nofollow\" title=\"Faites le savoir \u00e0 vos amis via Facebook \" href=\"https:\/\/www.facebook.com\/sharer.php?u=https%3A%2F%2Fsnudifo37.fr%2Findex.php%2Fwp-json%2Fwp%2Fv2%2Fposts%2F2330&#038;t=Appel%20de%20la%20Commission%20Ex%C3%A9cutive%20F%C3%A9d%C3%A9rale%20%28CEF%29%20du%2028%20mai%202020&#038;s=100&#038;p&#091;url&#093;=https%3A%2F%2Fsnudifo37.fr%2Findex.php%2Fwp-json%2Fwp%2Fv2%2Fposts%2F2330&#038;p&#091;images&#093;&#091;0&#093;=http%3A%2F%2Fsnudifo37.fr%2Fwp-content%2Fuploads%2F2019%2F05%2Flogo_Fnec_moyen.png&#038;p&#091;title&#093;=Appel%20de%20la%20Commission%20Ex%C3%A9cutive%20F%C3%A9d%C3%A9rale%20%28CEF%29%20du%2028%20mai%202020\" style=\"font-size: 0px;width:32px;height:32px;margin:0;margin-bottom:20px;margin-right:20px\"><img loading=\"lazy\" decoding=\"async\" alt=\"Facebook\" title=\"Faites le savoir \u00e0 vos amis via Facebook \" class=\"synved-share-image synved-social-image synved-social-image-share\" width=\"32\" height=\"32\" style=\"display: inline;width:32px;height:32px;margin: 0;padding: 0;border: none;box-shadow: none\" src=\"https:\/\/snudifo37.fr\/wp-content\/plugins\/social-media-feather\/synved-social\/image\/social\/regular\/64x64\/facebook.png\" \/><\/a><a class=\"synved-social-button synved-social-button-share synved-social-size-32 synved-social-resolution-single synved-social-provider-twitter nolightbox\" data-provider=\"twitter\" target=\"_blank\" rel=\"nofollow\" title=\"Informez-en vos amis via Twitter\" href=\"https:\/\/twitter.com\/intent\/tweet?url=https%3A%2F%2Fsnudifo37.fr%2Findex.php%2Fwp-json%2Fwp%2Fv2%2Fposts%2F2330&#038;text=Le%20Snudi-Fo%20vous%20informe%3A\" style=\"font-size: 0px;width:32px;height:32px;margin:0;margin-bottom:20px;margin-right:20px\"><img loading=\"lazy\" decoding=\"async\" alt=\"twitter\" title=\"Informez-en vos amis via Twitter\" class=\"synved-share-image synved-social-image synved-social-image-share\" width=\"32\" height=\"32\" style=\"display: inline;width:32px;height:32px;margin: 0;padding: 0;border: none;box-shadow: none\" src=\"https:\/\/snudifo37.fr\/wp-content\/plugins\/social-media-feather\/synved-social\/image\/social\/regular\/64x64\/twitter.png\" \/><\/a><a class=\"synved-social-button synved-social-button-share synved-social-size-32 synved-social-resolution-single synved-social-provider-mail nolightbox\" data-provider=\"mail\" rel=\"nofollow\" title=\"Les derni\u00e8res informations du Snudi-Fo 37\" href=\"mailto:?subject=Appel%20de%20la%20Commission%20Ex%C3%A9cutive%20F%C3%A9d%C3%A9rale%20%28CEF%29%20du%2028%20mai%202020&#038;body=Le%20Snudi-Fo%20vous%20informe%3A:%20https%3A%2F%2Fsnudifo37.fr%2Findex.php%2Fwp-json%2Fwp%2Fv2%2Fposts%2F2330\" style=\"font-size: 0px;width:32px;height:32px;margin:0;margin-bottom:20px\"><img loading=\"lazy\" decoding=\"async\" alt=\"mail\" title=\"Les derni\u00e8res informations du Snudi-Fo 37\" class=\"synved-share-image synved-social-image synved-social-image-share\" width=\"32\" height=\"32\" style=\"display: inline;width:32px;height:32px;margin: 0;padding: 0;border: none;box-shadow: none\" src=\"https:\/\/snudifo37.fr\/wp-content\/plugins\/social-media-feather\/synved-social\/image\/social\/regular\/64x64\/mail.png\" \/><\/a>","protected":false},"excerpt":{"rendered":"<p>La col\u00e8re gronde. En t\u00e9moignent les manifestations chez les personnels hospitaliers (Clichy, Saint-Etienne, Lyon, \u2026) mais aussi dans notre secteur (Rouen, Tours, \u2026). Tous les salari\u00e9s, tous les personnels sont exc\u00e9d\u00e9s par les mesures d\u2019exception prises par le gouvernement au nom de l\u2019\u00e9tat d\u2019urgence qui n\u2019a de sanitaire que le nom.<\/p>\n","protected":false},"author":1,"featured_media":0,"comment_status":"closed","ping_status":"closed","sticky":false,"template":"","format":"standard","meta":{"footnotes":""},"categories":[7],"tags":[672,34,677,678,263,553,143,31,561,254,238,88,296,178,113,679,525],"class_list":["post-2330","post","type-post","status-publish","format-standard","hentry","category-syndicat","tag-2s2c","tag-blanquer","tag-cef","tag-colere","tag-contre-reformes","tag-crise-sanitaire","tag-ecole","tag-fnec-fp-fo","tag-fonctionnaires","tag-reformes","tag-reunion-d-information-syndicale","tag-ris","tag-salaries","tag-statut","tag-territorialisation","tag-universite","tag-urgence"],"_links":{"self":[{"href":"https:\/\/snudifo37.fr\/index.php\/wp-json\/wp\/v2\/posts\/2330","targetHints":{"allow":["GET"]}}],"collection":[{"href":"https:\/\/snudifo37.fr\/index.php\/wp-json\/wp\/v2\/posts"}],"about":[{"href":"https:\/\/snudifo37.fr\/index.php\/wp-json\/wp\/v2\/types\/post"}],"author":[{"embeddable":true,"href":"https:\/\/snudifo37.fr\/index.php\/wp-json\/wp\/v2\/users\/1"}],"replies":[{"embeddable":true,"href":"https:\/\/snudifo37.fr\/index.php\/wp-json\/wp\/v2\/comments?post=2330"}],"version-history":[{"count":1,"href":"https:\/\/snudifo37.fr\/index.php\/wp-json\/wp\/v2\/posts\/2330\/revisions"}],"predecessor-version":[{"id":2331,"href":"https:\/\/snudifo37.fr\/index.php\/wp-json\/wp\/v2\/posts\/2330\/revisions\/2331"}],"wp:attachment":[{"href":"https:\/\/snudifo37.fr\/index.php\/wp-json\/wp\/v2\/media?parent=2330"}],"wp:term":[{"taxonomy":"category","embeddable":true,"href":"https:\/\/snudifo37.fr\/index.php\/wp-json\/wp\/v2\/categories?post=2330"},{"taxonomy":"post_tag","embeddable":true,"href":"https:\/\/snudifo37.fr\/index.php\/wp-json\/wp\/v2\/tags?post=2330"}],"curies":[{"name":"wp","href":"https:\/\/api.w.org\/{rel}","templated":true}]}}