{"id":2277,"date":"2020-05-14T21:16:26","date_gmt":"2020-05-14T19:16:26","guid":{"rendered":"http:\/\/snudifo37.fr\/?p=2277"},"modified":"2020-05-14T21:16:27","modified_gmt":"2020-05-14T19:16:27","slug":"compte-rendu-du-chsct-d-du-14-mai-2020","status":"publish","type":"post","link":"https:\/\/snudifo37.fr\/index.php\/2020\/05\/14\/compte-rendu-du-chsct-d-du-14-mai-2020\/","title":{"rendered":"Compte Rendu du CHSCT-D du 14 mai 2020"},"content":{"rendered":"\n<p>La d\u00e9l\u00e9gation FO a d\u00e9fendu toutes les fiches RSST qui ont \u00e9t\u00e9 r\u00e9dig\u00e9es ces deux derniers jours\u00a0 et d\u00e9nonc\u00e9 les conditions inacceptables de reprise dans de nombreuses \u00e9coles, notamment avec le manque de mat\u00e9riel de protection.<\/p>\n\n\n\n<p>La&nbsp;r\u00e9ponse de l&rsquo;administration a \u00e9t\u00e9 l&rsquo;engagement d&rsquo;une prochaine livraison apr\u00e8s l&rsquo;Ascension de masques&nbsp;chirurgicaux (<em>et non de vrais masques de protection comme l&rsquo;a demand\u00e9 le CHSCT minist\u00e9riel<\/em>)&nbsp; avec aussi du&nbsp;gel hydro-alcoolique \u2026<\/p>\n\n\n\n<p><strong>Le CHSCT acad\u00e9mique se tient lundi 18 mai apr\u00e8s-midi; nous vous invitons \u00e0 continuer \u00e0 r\u00e9diger des fiches RSST et \u00a0\u00e0 nous faire remonter vos questions, les probl\u00e8mes qui se posent dans votre \u00e9cole, &#8230; \u00e0\u00a0<a rel=\"noreferrer noopener\" href=\"mailto:fo-snudi@wanadoo.fr\" target=\"_blank\">fo-snudi@wanadoo.fr<\/a>\u00a0<\/strong><\/p>\n\n\n\n<p>A noter que le Rectorat tente d&rsquo;imposer aux coll\u00e8gues\u00a0demandant une Autorisation Sp\u00e9ciale d&rsquo;Absence (ASA)\u00a0pour garde d&rsquo;enfants\u00a0<strong>une\u00a0\u00ab\u00a0d\u00e9claration d&rsquo;attestation sur l&rsquo;honneur\u00a0\u00bb.<\/strong><\/p>\n\n\n\n<p>Cela est ressenti dans cette p\u00e9riode de grande tension comme suspicieux et vexatoire.<\/p>\n\n\n\n<p>Les PE sont des fonctionnaires d&rsquo;Etat : leur&nbsp;d\u00e9vouement, leur conscience professionnelle ne peuvent \u00eatre mis en cause, surtout par un gouvernement de menteurs et de truqueurs (ainsi par exemple le scandale des masques) .<\/p>\n\n\n\n<p>Nous ne pouvons accepter que l&rsquo;administration cherche \u00e0 imposer une telle attestation et avons d\u00e9pos\u00e9 l&rsquo;avis suivant qui n&rsquo; pas \u00e9t\u00e9 adopt\u00e9 faute des voix des autres syndicats&nbsp;:<\/p>\n\n\n\n<h3 class=\"wp-block-heading\">Avis n\u00b01 :<\/h3>\n\n\n\n<p><em>Le CHSCT D rappelle que les personnels sont des fonctionnaires d&rsquo;Etat ou des contractuels de l&rsquo;Etat; leur engagement pour l&rsquo;Ecole Publique n&rsquo;est pas \u00e0 prouver compte-tenu des conditions aggrav\u00e9es de travail qu&rsquo;ils subissent depuis des ann\u00e9es. Nous exigeons en cons\u00e9quence l&rsquo;abandon de la demande de remplir une attestation sur l&rsquo;honneur pour la demande d&rsquo;ASA garde d&rsquo;enfant, cette proc\u00e9dure ne correspondant pas aux engagements du ministre.<\/em><\/p>\n\n\n\n<p><strong>Pour : FO (2)\u00a0 ; FSU et UNSA n&rsquo;ont pas souhait\u00e9 prendre part au vote\u2026.<\/strong><\/p>\n\n\n\n<p>Nous avons aussi d\u00e9pos\u00e9 2 avis&nbsp;suivants&nbsp;:<\/p>\n\n\n\n<h3 class=\"wp-block-heading\">Avis n\u00b02 :<\/h3>\n\n\n\n<p><em>Le CHSCT D r\u00e9uni le 14 mai 2020 consid\u00e8re que lors de cette p\u00e9riode particuli\u00e8re de r\u00e9-ouverture des \u00e9coles et des EPLE, les personnels AESH qui ne peuvent assurer leurs missions d\u2019aide aux \u00e9l\u00e8ves handicap\u00e9s se trouvent en cong\u00e9 de fait.<\/em><\/p>\n\n\n\n<p><strong>Pour : FO (2) ; FSU et UNSA n&rsquo;ont pas souhait\u00e9 prendre part au vote\u2026.<\/strong><\/p>\n\n\n\n<h3 class=\"wp-block-heading\">Avis n\u00b03 :<\/h3>\n\n\n\n<p><em>Le CHSCT D saisi par les personnels exige que dans chaque \u00e9cole ou \u00e9tablissement qui ne serait pas \u00e9quip\u00e9 de l&rsquo;ensemble des mat\u00e9riels de protection conformes aux normes exig\u00e9es (masques, gel hydro alcoolique, d\u00e9sinfectants), la rentr\u00e9e (et pr\u00e9 rentr\u00e9e) soit repouss\u00e9e, jusqu&rsquo;\u00e0 r\u00e9ception de la totalit\u00e9 des \u00e9quipements n\u00e9cessaires, pour au moins une semaine de fonctionnement.\u00a0<\/em><br><br><strong>Unanimit\u00e9 : FO (2); UNSA (1); FSU (3)<\/strong><\/p>\n\n\n\n<h3 class=\"wp-block-heading\"><strong>D\u00e9claration de la FNEC FP FO au CHSCT-D\u00e9partemental<\/strong><\/h3>\n\n\n\n<p>Mesdames et messieurs,<\/p>\n\n\n\n<p>Depuis deux jours, la plus grande partie des \u00e9coles du d\u00e9partement ont \u00e9t\u00e9 r\u00e9-ouvertes suite \u00e0 la d\u00e9cision du pr\u00e9sident de la R\u00e9publique passant outre les recommandations du conseil scientifique et sans respect des demandes du CHSCT minist\u00e9riel en terme de s\u00e9curit\u00e9 sanitaire des personnels.<\/p>\n\n\n\n<p>Les premi\u00e8res alertes sont l\u00e0 : comme chacun sait ici, <strong>l\u2019\u00e9cole de Rochecorbon, apr\u00e8s une seule journ\u00e9e, a d\u00fb fermer ses portes<\/strong> pour d\u00e9sinfection pour cause de suspicion de Covid sur un agent. <strong>Depuis deux autres \u00e9coles ont \u00e9t\u00e9 ferm\u00e9es par d\u00e9cision de la Pr\u00e9f\u00e8te : la maternelle P\u00e9guy \u00e0 Tours et l\u2019\u00e9cole Ambroise Par\u00e9 d\u2019Amboise.<\/strong><\/p>\n\n\n\n<p><strong>Dans le Loir et Cher, dans le Cher, des \u00e9coles aussi ont \u00e9t\u00e9 ferm\u00e9es depuis mardi.<\/strong><\/p>\n\n\n\n<p>Les coll\u00e8gues sont inquiets, de plus en plus, et qui les en bl\u00e2merait ? Nous vous demandons d\u2019avoir toutes les informations sur la situation du d\u00e9partement et au fur et \u00e0 mesure.<\/p>\n\n\n\n<p>Notre f\u00e9d\u00e9ration vous a aussi envoy\u00e9 hier un courrier au sujet des conditions de travail des AESH, et notamment concernant la note envoy\u00e9e par Monsieur l\u2019IEN-ASH. Des r\u00e9ponses doivent \u00eatre apport\u00e9es \u00e0 ces questions dans cette instance, d\u00e8s aujourd\u2019hui.<\/p>\n\n\n\n<p>Cette semaine, le Minist\u00e8re a impos\u00e9 dans les coll\u00e8ges des r\u00e9unions de pr\u00e9-\u00ab reprise \u00bb o\u00f9 sont convoqu\u00e9s les personnels, parfois en pl\u00e9ni\u00e8re, parfois en petits groupes : les conditions de cette rentr\u00e9e sont malheureusement non s\u00e9curis\u00e9es. En effet, les garanties sanitaires ne sont pas r\u00e9unies : tests, masques, d\u00e9sinfectant, gel pour tous.<\/p>\n\n\n\n<p>Dans plusieurs coll\u00e8ges, les personnels se sont r\u00e9unis par visio-conf\u00e9rence avec leur syndicat, et\/ou par voie \u00e9lectronique, et ont r\u00e9dig\u00e9 des motions, des proc\u00e9dures d\u2019alerte qui ont \u00e9t\u00e9 envoy\u00e9es au DASEN, pour exiger ces garanties pour tous les personnels. (\u2026)<\/p>\n\n\n\n<p>Des coll\u00e8ges comme ceux d\u2019Amboise, de Bl\u00e9r\u00e9 ou encore d\u2019Esvres ont d\u00fb faire face \u00e0 de nombreux probl\u00e8mes. Des fiches RSST ont \u00e9t\u00e9 r\u00e9dig\u00e9es par les coll\u00e8gues, pour signaler des manquements dans les protocoles r\u00e9dig\u00e9s et propos\u00e9s par les chefs d\u2019\u00e9tablissement. Des pressions et agressions verbales ont eu lieu ces derniers jours \u00e0 l\u2019encontre de personnels AED ou enseignants, c\u2019est inacceptable. <strong>Les coll\u00e8gues ne peuvent \u00eatre tenus pour responsables de l\u2019incurie gouvernementale comme au coll\u00e8ge d\u2019Esvres o\u00f9 il leur a \u00e9t\u00e9 demand\u00e9 de venir avec leurs propres masques.<\/strong><\/p>\n\n\n\n<p>La mairie de Chinon a distribu\u00e9 des masques qui ne sont pas conformes. Les normes \u00ab grand public \u00bb sont dangereuses dans nos \u00e9tablissements scolaires. En effet ces masques en tissu qu\u2019il faudra laver en suivant un protocole tr\u00e8s strict ne font que prot\u00e9ger les autres dans le meilleur des cas, pas le personnel qui le porte !<\/p>\n\n\n\n<p>On a vu malheureusement le r\u00e9sultat sur de nombreuses cat\u00e9gories de salari\u00e9s. <strong>La FNEC FP FO exige des masques conformes, \u00e0 minima, type \u00abchirurgical \u00bb, FFP2, du gel hydro alcoolique et du d\u00e9sinfectant, en quantit\u00e9s suffisantes, envoy\u00e9s par l\u2019\u00c9ducation nationale partout avant une r\u00e9ouverture de tout \u00e9tablissement.<\/strong> Les masques \u00ab maison \u00bb doivent \u00eatre proscrits, rien ne garantissant leur conformit\u00e9.<\/p>\n\n\n\n<p>C\u2019est dans un climat de haute tension que tout est cens\u00e9 red\u00e9marrer avant m\u00eame que tout soit pr\u00eat.<\/p>\n\n\n\n<p>On risque tous \u00e0 agir dans la pr\u00e9cipitation et c\u2019est cette pr\u00e9cipitation que le Minist\u00e8re exige ! En effet, le bien \u00eatre \u00e0 l\u2019\u00e9cole lui importe peu, et cette irresponsabilit\u00e9 va de pair avec toutes les mesures pr\u00e9c\u00e9dentes du gouvernement contre les salari\u00e9s et les services publics.<\/p>\n\n\n\n<p>La FNEC FP-FO n\u2019accepte pas les injonctions du Ministre, d\u00e9fend pied \u00e0 pied les personnels. <strong>Nous condamnons le fait que ce soient les maires, les directeurs d\u2019\u00e9cole, les chefs d\u2019\u00e9tablissement qui doivent chercher eux-m\u00eames les moyens de pr\u00e9vention pour fournir le mat\u00e9riel \u00e0 tous les personnels.<\/strong> Le Minist\u00e8re se d\u00e9charge ainsi de ses responsabilit\u00e9s au niveau local. Rappelons que l\u2019employeur est responsable de la s\u00e9curit\u00e9 et de la sant\u00e9 de tous ses personnels, nous ne cog\u00e9rerons pas la p\u00e9nurie. Il n\u2019y a quasiment pas de m\u00e9decine de pr\u00e9vention, nous r\u00e9clamons encore son r\u00e9tablissement.<\/p>\n\n\n\n<p>De nombreuses questions restent \u00e0 l\u2019ordre du jour et nous exigeons des r\u00e9ponses nettes et pr\u00e9cises dans l\u2019imm\u00e9diat. Les personnels ont besoin de garanties, c\u2019est maintenant qu\u2019ils sont rappel\u00e9s dans les \u00e9tablissements.<\/p>\n\n\n\n<ul class=\"wp-block-list\"><li>Certaines \u00e9coles ont ouvert sans la totalit\u00e9 du mat\u00e9riel pourtant pr\u00e9conis\u00e9 par le protocole national, hier en r\u00e9union un responsable a m\u00eame dit aux directeurs r\u00e9unis : \u00ab <em>\u00e7a ne sert \u00e0 rien de faire la liste de ce qui manque, l\u2019important est que demain on ouvre<\/em> \u00bb.<\/li><\/ul>\n\n\n\n<ul class=\"wp-block-list\"><li>Alors m\u00eame que Madame la Rectrice avait affirm\u00e9 en CTA qu\u2019il faudrait prendre le temps de pouvoir assurer toutes les garanties. Comment accepter cette situation ? <strong>La r\u00e9ponse est simple : ce n\u2019est pas possible.<\/strong><\/li><\/ul>\n\n\n\n<ul class=\"wp-block-list\"><li>Les coll\u00e8ges seront lundi dans la m\u00eame situation. Les masques sont-ils bien arriv\u00e9s dans TOUS les \u00e9tablissements pour les \u00e9l\u00e8ves et leurs enseignants ? Quelles garanties sanitaires sur ce type de masques ?<\/li><\/ul>\n\n\n\n<ul class=\"wp-block-list\"><li>Qu\u2019en est-il des gels et de tout le mat\u00e9riel n\u00e9cessaire \u00e0 la d\u00e9sinfection heure par heure dans les salles de classe par exemple ?<\/li><\/ul>\n\n\n\n<ul class=\"wp-block-list\"><li>Des inspecteurs en r\u00e9union ont affirm\u00e9 que les photocopies \u00e9taient interdites, des chefs d\u2019\u00e9tablissement ne connaissent pas cette information. Que feront alors les enseignants ? Les enseignants peuvent-ils distribuer des photocopies ? et qu\u2019en est-il des cahiers des \u00e9l\u00e8ves? de leurs livres ?<strong> Des consignes sanitaires nationales auraient grandement simplifi\u00e9 le travail des enseignants.<\/strong><\/li><\/ul>\n\n\n\n<ul class=\"wp-block-list\"><li><strong>Les conditions sanitaires du protocole national sont-elles vraiment toutes possibles ?<\/strong> Et pourtant comment accepter de minimiser les exigences du protocole national ? C\u2019est ce qu\u2019on peut constater dans certaines propositions locales, au pr\u00e9texte de se simplifier la t\u00e2che\u2026 Quelle garantie dans ce cas pour les personnels dont la s\u00e9curit\u00e9 est bafou\u00e9e ?<\/li><\/ul>\n\n\n\n<p>D\u2019ailleurs, le protocole sanitaire sera-t-il expliqu\u00e9 comme il se doit avant toute reprise \u00e0 tous les personnels ? Qui s\u2019occupe de ces formations aux gestes barri\u00e8res devant les personnels ? Qui se chargera de ces formations devant les \u00e9l\u00e8ves ? Tout cela doit \u00eatre fait avant les rentr\u00e9es des \u00e9l\u00e8ves. Malheureusement les \u00e9coles sont d\u00e9j\u00e0 pour la plupart ouvertes dans le d\u00e9partement.<\/p>\n\n\n\n<ul class=\"wp-block-list\"><li>Qu\u2019en est-il des tests ? Si ceux-ci \u00e9taient faits sur les enfants et sur les personnels, les isolements seraient plus envisageables avant de courir \u00e0 une autre catastrophe. <strong>L\u2019absence de test est assum\u00e9e par le gouvernement, comme il a assum\u00e9 l\u2019inutilit\u00e9 des masques tant qu\u2019il n\u2019en avait pas. C\u2019est inacceptable !<\/strong><\/li><\/ul>\n\n\n\n<ul class=\"wp-block-list\"><li>Qu\u2019en est-il de la d\u00e9sinfection sur le long terme ? En effet, si les collectivit\u00e9s doivent d\u00e9sinfecter les locaux (agents d\u2019entretien), c\u2019est \u00e0 l\u2019\u00c9tat de fournir le mat\u00e9riel de d\u00e9sinfection \u00ab individuel \u00bb. <strong>D\u2019ailleurs, dans le protocole DSDEN 37, c\u2019est bien \u00e0 l\u2019\u00c9tat de fournir la totalit\u00e9 du mat\u00e9riel. <\/strong>Pourquoi en serait-il autrement dans les \u00e9coles et les EPLE ? Les personnels seraient-ils naturellement immunis\u00e9s en \u00e9cole et EPLE ? <strong>Nous exigeons la m\u00eame protection pour tous, et sans nivellement par le bas.<\/strong><\/li><\/ul>\n\n\n\n<p>D\u2019autres questions se posent, la liste ne peut \u00eatre exhaustive dans cette situation de rentr\u00e9e pr\u00e9cipit\u00e9e.<\/p>\n<a class=\"synved-social-button synved-social-button-share synved-social-size-32 synved-social-resolution-single synved-social-provider-facebook nolightbox\" data-provider=\"facebook\" target=\"_blank\" rel=\"nofollow\" title=\"Faites le savoir \u00e0 vos amis via Facebook \" href=\"https:\/\/www.facebook.com\/sharer.php?u=https%3A%2F%2Fsnudifo37.fr%2Findex.php%2Fwp-json%2Fwp%2Fv2%2Fposts%2F2277&#038;t=Compte%20Rendu%20du%20CHSCT-D%20du%2014%20mai%202020&#038;s=100&#038;p&#091;url&#093;=https%3A%2F%2Fsnudifo37.fr%2Findex.php%2Fwp-json%2Fwp%2Fv2%2Fposts%2F2277&#038;p&#091;images&#093;&#091;0&#093;=https%3A%2F%2Fsnudifo37.fr%2Fwp-content%2Fuploads%2F2019%2F05%2FCHSCT.png&#038;p&#091;title&#093;=Compte%20Rendu%20du%20CHSCT-D%20du%2014%20mai%202020\" style=\"font-size: 0px;width:32px;height:32px;margin:0;margin-bottom:20px;margin-right:20px\"><img loading=\"lazy\" decoding=\"async\" alt=\"Facebook\" title=\"Faites le savoir \u00e0 vos amis via Facebook \" class=\"synved-share-image synved-social-image synved-social-image-share\" width=\"32\" height=\"32\" style=\"display: inline;width:32px;height:32px;margin: 0;padding: 0;border: none;box-shadow: none\" src=\"https:\/\/snudifo37.fr\/wp-content\/plugins\/social-media-feather\/synved-social\/image\/social\/regular\/64x64\/facebook.png\" \/><\/a><a class=\"synved-social-button synved-social-button-share synved-social-size-32 synved-social-resolution-single synved-social-provider-twitter nolightbox\" data-provider=\"twitter\" target=\"_blank\" rel=\"nofollow\" title=\"Informez-en vos amis via Twitter\" href=\"https:\/\/twitter.com\/intent\/tweet?url=https%3A%2F%2Fsnudifo37.fr%2Findex.php%2Fwp-json%2Fwp%2Fv2%2Fposts%2F2277&#038;text=Le%20Snudi-Fo%20vous%20informe%3A\" style=\"font-size: 0px;width:32px;height:32px;margin:0;margin-bottom:20px;margin-right:20px\"><img loading=\"lazy\" decoding=\"async\" alt=\"twitter\" title=\"Informez-en vos amis via Twitter\" class=\"synved-share-image synved-social-image synved-social-image-share\" width=\"32\" height=\"32\" style=\"display: inline;width:32px;height:32px;margin: 0;padding: 0;border: none;box-shadow: none\" src=\"https:\/\/snudifo37.fr\/wp-content\/plugins\/social-media-feather\/synved-social\/image\/social\/regular\/64x64\/twitter.png\" \/><\/a><a class=\"synved-social-button synved-social-button-share synved-social-size-32 synved-social-resolution-single synved-social-provider-mail nolightbox\" data-provider=\"mail\" rel=\"nofollow\" title=\"Les derni\u00e8res informations du Snudi-Fo 37\" href=\"mailto:?subject=Compte%20Rendu%20du%20CHSCT-D%20du%2014%20mai%202020&#038;body=Le%20Snudi-Fo%20vous%20informe%3A:%20https%3A%2F%2Fsnudifo37.fr%2Findex.php%2Fwp-json%2Fwp%2Fv2%2Fposts%2F2277\" style=\"font-size: 0px;width:32px;height:32px;margin:0;margin-bottom:20px\"><img loading=\"lazy\" decoding=\"async\" alt=\"mail\" title=\"Les derni\u00e8res informations du Snudi-Fo 37\" class=\"synved-share-image synved-social-image synved-social-image-share\" width=\"32\" height=\"32\" style=\"display: inline;width:32px;height:32px;margin: 0;padding: 0;border: none;box-shadow: none\" src=\"https:\/\/snudifo37.fr\/wp-content\/plugins\/social-media-feather\/synved-social\/image\/social\/regular\/64x64\/mail.png\" \/><\/a>","protected":false},"excerpt":{"rendered":"<p>Le CHSCT-D s&rsquo;est r\u00e9uni cet apr\u00e8s-midi. H\u00e9l\u00e8ne Nizou, S\u00e9gol\u00e8ne Jeanson (titulaires) et Sophie Varennes (suppl\u00e9ante) si\u00e9geaient pour la FNEC-FP FO.<\/p>\n","protected":false},"author":1,"featured_media":304,"comment_status":"closed","ping_status":"closed","sticky":false,"template":"","format":"standard","meta":{"footnotes":""},"categories":[12,8],"tags":[573,25,93,490,519,553,523,515,288],"class_list":["post-2277","post","type-post","status-publish","format-standard","has-post-thumbnail","hentry","category-chsct","category-instances","tag-avis","tag-chsct","tag-compte-rendu","tag-coronavirus","tag-covid-19","tag-crise-sanitaire","tag-sante-des-personnels","tag-securite","tag-vote"],"_links":{"self":[{"href":"https:\/\/snudifo37.fr\/index.php\/wp-json\/wp\/v2\/posts\/2277","targetHints":{"allow":["GET"]}}],"collection":[{"href":"https:\/\/snudifo37.fr\/index.php\/wp-json\/wp\/v2\/posts"}],"about":[{"href":"https:\/\/snudifo37.fr\/index.php\/wp-json\/wp\/v2\/types\/post"}],"author":[{"embeddable":true,"href":"https:\/\/snudifo37.fr\/index.php\/wp-json\/wp\/v2\/users\/1"}],"replies":[{"embeddable":true,"href":"https:\/\/snudifo37.fr\/index.php\/wp-json\/wp\/v2\/comments?post=2277"}],"version-history":[{"count":1,"href":"https:\/\/snudifo37.fr\/index.php\/wp-json\/wp\/v2\/posts\/2277\/revisions"}],"predecessor-version":[{"id":2278,"href":"https:\/\/snudifo37.fr\/index.php\/wp-json\/wp\/v2\/posts\/2277\/revisions\/2278"}],"wp:featuredmedia":[{"embeddable":true,"href":"https:\/\/snudifo37.fr\/index.php\/wp-json\/wp\/v2\/media\/304"}],"wp:attachment":[{"href":"https:\/\/snudifo37.fr\/index.php\/wp-json\/wp\/v2\/media?parent=2277"}],"wp:term":[{"taxonomy":"category","embeddable":true,"href":"https:\/\/snudifo37.fr\/index.php\/wp-json\/wp\/v2\/categories?post=2277"},{"taxonomy":"post_tag","embeddable":true,"href":"https:\/\/snudifo37.fr\/index.php\/wp-json\/wp\/v2\/tags?post=2277"}],"curies":[{"name":"wp","href":"https:\/\/api.w.org\/{rel}","templated":true}]}}