{"id":2269,"date":"2020-05-11T21:25:25","date_gmt":"2020-05-11T19:25:25","guid":{"rendered":"http:\/\/snudifo37.fr\/?p=2269"},"modified":"2020-05-11T21:25:26","modified_gmt":"2020-05-11T19:25:26","slug":"reouverture-des-ecoles-le-snudi-fo-37-recu-en-audience-par-lia-dasen","status":"publish","type":"post","link":"https:\/\/snudifo37.fr\/index.php\/2020\/05\/11\/reouverture-des-ecoles-le-snudi-fo-37-recu-en-audience-par-lia-dasen\/","title":{"rendered":"R\u00e9ouverture des \u00e9coles : le SNUDI-FO 37 re\u00e7u en audience par l&rsquo;IA-DASEN"},"content":{"rendered":"\n<p>Suite \u00e0 notre proc\u00e9dure d&rsquo;alerte et notre courrier adress\u00e9 \u00e0 l&rsquo;IA-DASEN ce Week-end, celui-ci a re\u00e7u J\u00e9r\u00f4me Th\u00e9baut, secr\u00e9taire d\u00e9partemental et H\u00e9l\u00e8ne Nizou, d\u00e9l\u00e9gu\u00e9e CHSCT-D pour le SNUDI-FO 37 ce soir.<br>Nous avons rappel\u00e9 nos revendications \u00e0 savoir le d\u00e9pistage des personnels et \u00e9l\u00e8ves ainsi que les masques FFP2.<\/p>\n\n\n\n<h3 class=\"wp-block-heading\">Pas de gel hydro-alcoolique dans des \u00e9coles ? Prenez du savon et de l&rsquo;eau !<\/h3>\n\n\n\n<p>Nous avons list\u00e9 les probl\u00e8mes remont\u00e9s par des \u00e9coles : absence de gel hydroalcoolique, de thermom\u00e8tres, d&rsquo;essuie-mains&#8230;<br>Pour le gel, l&rsquo;IA-DASEN nous a donn\u00e9 un cours d&rsquo;hygi\u00e8ne scientifique sur l&rsquo;efficacit\u00e9 sup\u00e9rieure de l&rsquo;eau et du savon.<strong> M\u00eame ligne que le gouvernement pendant la crise : pour camoufler les carences, on d\u00e9tourne le probl\u00e8me, voire on ment<\/strong> : pas de masque car inutiles, pas de tests car inutiles\u2026<br>Concernant les essuie-mains, il nous a assur\u00e9 se rapprocher de la commune concern\u00e9e.<br>Pour les thermom\u00e8tres, les parents doivent contr\u00f4ler eux-m\u00eames la temp\u00e9rature de leur enfant le matin et si doute sur la sant\u00e9 dans la journ\u00e9e, les appeler sans prise de temp\u00e9rature.<\/p>\n\n\n\n<p><strong>Concernant les lingettes d\u00e9sinfectantes, l&rsquo;IA DASEN a d\u00e9clar\u00e9 que le minist\u00e8re s&rsquo;\u00e9tait engag\u00e9 \u00e0 ce que toutes les \u00e9coles en soient \u00e9quip\u00e9es et qu&rsquo;\u00e0 ce jour rien n&rsquo;est arriv\u00e9.<\/strong> Ils sont en train d&rsquo;\u00e9tudier comment les approvisionner rapidement. Encore une preuve de l&rsquo;irresponsabilit\u00e9 du ministre, incapable de prot\u00e9ger ses personnels!<\/p>\n\n\n\n<p class=\"has-text-color has-vivid-red-color\"><strong>Nous avons de nouveau exig\u00e9 que, si les conditions ne sont pas r\u00e9unies, les \u00e9coles ne rouvrent pas.<\/strong><\/p>\n\n\n\n<h3 class=\"wp-block-heading\">Suite \u00e0 notre demande, pas de conseil d&rsquo;\u00e9cole syst\u00e9matique ni dans des d\u00e9lais impossibles !<\/h3>\n\n\n\n<p>Nous avons fait part de notre stup\u00e9faction suite \u00e0 la demande d&rsquo;une IEN de la r\u00e9union des conseils d&rsquo;\u00e9cole ce soir!<br>Au-del\u00e0 de l&rsquo;aspect non r\u00e9glementaire de les convoquer dans de si courts d\u00e9lais, nous avons mis en avant l&rsquo;\u00e9tat d&rsquo;\u00e9puisement des coll\u00e8gues.<br><strong>L&rsquo;IA-DASEN a r\u00e9pondu que les conseils d&rsquo;\u00e9cole ne devront \u00eatre r\u00e9unis que l\u00e0 o\u00f9 les horaires d&rsquo;entr\u00e9e et de sortie devront \u00eatre modifi\u00e9s et ce quand les enseignants et les \u00e9lus seront disponibles. <\/strong><\/p>\n\n\n\n<p>Nous contacter \u00e0 <a href=\"mailto:fo-snudi@wanadoo.fr\">fo-snudi@wanadoo.fr<\/a> en cas de pression.<\/p>\n\n\n\n<h3 class=\"wp-block-heading\">Une attestation pour les directeurs !<\/h3>\n\n\n\n<p>Afin d&rsquo;informer ou calmer les parents qui ne comprennent pas toujours que leurs enfants ne peuvent \u00eatre pris tous les jours, l&rsquo;IA-DASEN va adresser une attestation aux directeurs pour qu&rsquo;ils les distribuent aux familles, <strong>celle-ci expliquant que les consignes minist\u00e9rielles engendrent une prise en charge partielle des \u00e9l\u00e8ves.<\/strong><\/p>\n\n\n\n<h3 class=\"wp-block-heading\">Des coll\u00e8gues en souffrance !<\/h3>\n\n\n\n<p>Nous avons fait part de la souffrance exprim\u00e9e par de nombreux coll\u00e8gues dont certains dans un \u00e9tat psychologique inqui\u00e9tant suite aux diverses pressions des IEN, des parents ou aux tensions dans les \u00e9coles li\u00e9e \u00e0 la territorialisation accentu\u00e9e par les d\u00e9cisions du Ministre de tout renvoyer au niveau des communes.<br>A notre demande, <strong>l&rsquo;IA-DASEN s&rsquo;est engag\u00e9 \u00e0 r\u00e9pondre aux parents qui mettent en cause les enseignants (voire les insultent et sont violents \u00e0 leur \u00e9gard) en raison de l&rsquo;organisation de leur \u00e9cole pourtant valid\u00e9e par l&rsquo;IEN.<\/strong><\/p>\n\n\n\n<h3 class=\"wp-block-heading\">Les parents ni les \u00e9lus ne peuvent revenir sur une organisation valid\u00e9e par l&rsquo;IEN<\/h3>\n\n\n\n<p>Ayant pr\u00e9sent\u00e9 la situation d&rsquo;une \u00e9cole dans laquelle, suite \u00e0 des pressions de parents, l&rsquo;organisation d&rsquo;accueil des \u00e9l\u00e8ves serait remise en cause, <strong>l&rsquo;IA DASEN a confirm\u00e9 que le sch\u00e9ma valid\u00e9 par l&rsquo;IEN ne devait \u00eatre modifi\u00e9 pour ces raisons.<\/strong><\/p>\n\n\n\n<h3 class=\"wp-block-heading\">ASA : les r\u00e9ponses arrivent\u2026.<\/h3>\n\n\n\n<p>Nous avons fait part de l&rsquo;inqui\u00e9tude de coll\u00e8gues dans l&rsquo;attente de r\u00e9ponse \u00e0 leur demande d&rsquo;ASA. Il nous a \u00e9t\u00e9 confirm\u00e9 que, les secr\u00e9taires de circonscriptions \u00e9tant revenues en pr\u00e9sentiel, les r\u00e9ponses \u00e9taient en train de redescendre vers les coll\u00e8gues.<\/p>\n\n\n\n<p><strong>Continuez \u00e0 faire remonter les informations de votre \u00e9cole \u00e0 <a rel=\"noreferrer noopener\" href=\"mailto:fo-snudi@wanadoo.fr\" target=\"_blank\">fo-snudi@wanadoo.fr<\/a> et \u00e0 remplir <a rel=\"noreferrer noopener\" href=\"http:\/\/snudifo37.fr\/index.php\/2020\/05\/11\/reouverture-des-ecoles-fiches-rsst-et-danger-grave-et-imminent-a-votre-disposition\/\" target=\"_blank\">la fiche SST disponible ic<\/a><a href=\"http:\/\/snudifo37.fr\/index.php\/2020\/05\/11\/reouverture-des-ecoles-fiches-rsst-et-danger-grave-et-imminent-a-votre-disposition\/\" target=\"_blank\" rel=\"noreferrer noopener\">i<\/a><a rel=\"noreferrer noopener\" href=\"http:\/\/snudifo37.fr\/index.php\/2020\/05\/11\/reouverture-des-ecoles-fiches-rsst-et-danger-grave-et-imminent-a-votre-disposition\/\" target=\"_blank\"> !<\/a><\/strong><\/p>\n\n\n\n<p><\/p>\n\n\n\n<h3 class=\"has-text-align-center wp-block-heading\"><a href=\"\/\/snudifo37.fr\/index.php\/event\/teleris-speciale-reouverture-des-ecoles\/\" target=\"_blank\" rel=\"noreferrer noopener\">Participez \u00e0 la t\u00e9l\u00e9RIS sp\u00e9ciale r\u00e9ouverture des \u00e9coles mercredi 13 mai 16h<\/a><\/h3>\n\n\n\n<p>Faisons le point sur la situation et pr\u00e9parons le CHSCT D\u00e9partemental report\u00e9 au lendemain<\/p>\n<a class=\"synved-social-button synved-social-button-share synved-social-size-32 synved-social-resolution-single synved-social-provider-facebook nolightbox\" data-provider=\"facebook\" target=\"_blank\" rel=\"nofollow\" title=\"Faites le savoir \u00e0 vos amis via Facebook \" href=\"https:\/\/www.facebook.com\/sharer.php?u=https%3A%2F%2Fsnudifo37.fr%2Findex.php%2Fwp-json%2Fwp%2Fv2%2Fposts%2F2269&#038;t=R%C3%A9ouverture%20des%20%C3%A9coles%20%3A%20le%20SNUDI-FO%2037%20re%C3%A7u%20en%20audience%20par%20l%E2%80%99IA-DASEN&#038;s=100&#038;p&#091;url&#093;=https%3A%2F%2Fsnudifo37.fr%2Findex.php%2Fwp-json%2Fwp%2Fv2%2Fposts%2F2269&#038;p&#091;images&#093;&#091;0&#093;=&#038;p&#091;title&#093;=R%C3%A9ouverture%20des%20%C3%A9coles%20%3A%20le%20SNUDI-FO%2037%20re%C3%A7u%20en%20audience%20par%20l%E2%80%99IA-DASEN\" style=\"font-size: 0px;width:32px;height:32px;margin:0;margin-bottom:20px;margin-right:20px\"><img loading=\"lazy\" decoding=\"async\" alt=\"Facebook\" title=\"Faites le savoir \u00e0 vos amis via Facebook \" class=\"synved-share-image synved-social-image synved-social-image-share\" width=\"32\" height=\"32\" style=\"display: inline;width:32px;height:32px;margin: 0;padding: 0;border: none;box-shadow: none\" src=\"https:\/\/snudifo37.fr\/wp-content\/plugins\/social-media-feather\/synved-social\/image\/social\/regular\/64x64\/facebook.png\" \/><\/a><a class=\"synved-social-button synved-social-button-share synved-social-size-32 synved-social-resolution-single synved-social-provider-twitter nolightbox\" data-provider=\"twitter\" target=\"_blank\" rel=\"nofollow\" title=\"Informez-en vos amis via Twitter\" href=\"https:\/\/twitter.com\/intent\/tweet?url=https%3A%2F%2Fsnudifo37.fr%2Findex.php%2Fwp-json%2Fwp%2Fv2%2Fposts%2F2269&#038;text=Le%20Snudi-Fo%20vous%20informe%3A\" style=\"font-size: 0px;width:32px;height:32px;margin:0;margin-bottom:20px;margin-right:20px\"><img loading=\"lazy\" decoding=\"async\" alt=\"twitter\" title=\"Informez-en vos amis via Twitter\" class=\"synved-share-image synved-social-image synved-social-image-share\" width=\"32\" height=\"32\" style=\"display: inline;width:32px;height:32px;margin: 0;padding: 0;border: none;box-shadow: none\" src=\"https:\/\/snudifo37.fr\/wp-content\/plugins\/social-media-feather\/synved-social\/image\/social\/regular\/64x64\/twitter.png\" \/><\/a><a class=\"synved-social-button synved-social-button-share synved-social-size-32 synved-social-resolution-single synved-social-provider-mail nolightbox\" data-provider=\"mail\" rel=\"nofollow\" title=\"Les derni\u00e8res informations du Snudi-Fo 37\" href=\"mailto:?subject=R%C3%A9ouverture%20des%20%C3%A9coles%20%3A%20le%20SNUDI-FO%2037%20re%C3%A7u%20en%20audience%20par%20l%E2%80%99IA-DASEN&#038;body=Le%20Snudi-Fo%20vous%20informe%3A:%20https%3A%2F%2Fsnudifo37.fr%2Findex.php%2Fwp-json%2Fwp%2Fv2%2Fposts%2F2269\" style=\"font-size: 0px;width:32px;height:32px;margin:0;margin-bottom:20px\"><img loading=\"lazy\" decoding=\"async\" alt=\"mail\" title=\"Les derni\u00e8res informations du Snudi-Fo 37\" class=\"synved-share-image synved-social-image synved-social-image-share\" width=\"32\" height=\"32\" style=\"display: inline;width:32px;height:32px;margin: 0;padding: 0;border: none;box-shadow: none\" src=\"https:\/\/snudifo37.fr\/wp-content\/plugins\/social-media-feather\/synved-social\/image\/social\/regular\/64x64\/mail.png\" \/><\/a>","protected":false},"excerpt":{"rendered":"<p>Suite \u00e0 notre proc\u00e9dure d&rsquo;alerte et notre courrier adress\u00e9 \u00e0 l&rsquo;IA-DASEN ce Week-end, celui-ci a re\u00e7u J\u00e9r\u00f4me Th\u00e9baut, secr\u00e9taire d\u00e9partemental et H\u00e9l\u00e8ne Nizou, d\u00e9l\u00e9gu\u00e9e CHSCT-D pour le SNUDI-FO 37 ce soir.<br \/>\nNous avons rappel\u00e9 nos revendications \u00e0 savoir le d\u00e9pistage des personnels et \u00e9l\u00e8ves ainsi que les masques FFP2.<\/p>\n","protected":false},"author":1,"featured_media":0,"comment_status":"closed","ping_status":"closed","sticky":false,"template":"","format":"standard","meta":{"footnotes":""},"categories":[42,531,7],"tags":[636,654,43,155,653,243,556,265,146,551,523,20,193],"class_list":["post-2269","post","type-post","status-publish","format-standard","hentry","category-audience","category-epidemie-coronavirus","category-syndicat","tag-asa","tag-attestation","tag-audience","tag-conditions-de-travail","tag-conseil-ecole","tag-directeurs","tag-gel-hydroalcoolique","tag-ia-dasen","tag-ien","tag-masques","tag-sante-des-personnels","tag-snudi-fo","tag-souffrance"],"_links":{"self":[{"href":"https:\/\/snudifo37.fr\/index.php\/wp-json\/wp\/v2\/posts\/2269","targetHints":{"allow":["GET"]}}],"collection":[{"href":"https:\/\/snudifo37.fr\/index.php\/wp-json\/wp\/v2\/posts"}],"about":[{"href":"https:\/\/snudifo37.fr\/index.php\/wp-json\/wp\/v2\/types\/post"}],"author":[{"embeddable":true,"href":"https:\/\/snudifo37.fr\/index.php\/wp-json\/wp\/v2\/users\/1"}],"replies":[{"embeddable":true,"href":"https:\/\/snudifo37.fr\/index.php\/wp-json\/wp\/v2\/comments?post=2269"}],"version-history":[{"count":1,"href":"https:\/\/snudifo37.fr\/index.php\/wp-json\/wp\/v2\/posts\/2269\/revisions"}],"predecessor-version":[{"id":2270,"href":"https:\/\/snudifo37.fr\/index.php\/wp-json\/wp\/v2\/posts\/2269\/revisions\/2270"}],"wp:attachment":[{"href":"https:\/\/snudifo37.fr\/index.php\/wp-json\/wp\/v2\/media?parent=2269"}],"wp:term":[{"taxonomy":"category","embeddable":true,"href":"https:\/\/snudifo37.fr\/index.php\/wp-json\/wp\/v2\/categories?post=2269"},{"taxonomy":"post_tag","embeddable":true,"href":"https:\/\/snudifo37.fr\/index.php\/wp-json\/wp\/v2\/tags?post=2269"}],"curies":[{"name":"wp","href":"https:\/\/api.w.org\/{rel}","templated":true}]}}