{"id":2255,"date":"2020-05-08T16:28:45","date_gmt":"2020-05-08T14:28:45","guid":{"rendered":"http:\/\/snudifo37.fr\/?p=2255"},"modified":"2020-05-08T16:28:46","modified_gmt":"2020-05-08T14:28:46","slug":"le-snudi-fo-37-ecrit-a-linspecteur-dacademie-et-declenche-la-procedure-dalerte-departementale","status":"publish","type":"post","link":"https:\/\/snudifo37.fr\/index.php\/2020\/05\/08\/le-snudi-fo-37-ecrit-a-linspecteur-dacademie-et-declenche-la-procedure-dalerte-departementale\/","title":{"rendered":"Le SNUDI-FO 37 \u00e9crit \u00e0 l&rsquo;Inspecteur d&rsquo;Acad\u00e9mie et d\u00e9clenche la proc\u00e9dure d&rsquo;alerte d\u00e9partementale"},"content":{"rendered":"\n<p>Monsieur l\u2019Inspecteur d\u2019Acad\u00e9mie,<\/p>\n\n\n\n<p>Nous souhaitons par ce courrier attirer votre attention sur plusieurs points.<\/p>\n\n\n\n<p>Tout d\u2019abord, alors que le CHSCT-D\u00e9partemental a \u00e9t\u00e9 report\u00e9 sans explication, <strong>nous vous alertons solennellement sur l\u2019\u00e9tat de sant\u00e9 notamment psychologique inqui\u00e9tant de nombreux coll\u00e8gues ces derniers jours<\/strong> suite aux injonctions contradictoires et pressions diverses qu\u2019ils subissent depuis l\u2019annonce de r\u00e9ouverture des \u00e9coles par le pr\u00e9sident de la R\u00e9publique.<\/p>\n\n\n\n<p>Au-del\u00e0 du fait que le protocole est inapplicable, <strong>le renvoi des organisations au niveau des \u00e9coles a cr\u00e9\u00e9 des situations intenables<\/strong> suscitant notamment des tensions entre enseignants.<\/p>\n\n\n\n<p>Plusieurs d\u2019entre eux nous inqui\u00e8tent plus particuli\u00e8rement et nous les orientons vers leur m\u00e9decin.<\/p>\n\n\n\n<p><strong>Le gouvernement doit prendre ses responsabilit\u00e9s et assumer les d\u00e9g\u00e2ts qu\u2019il engendre sur ses personnels.<\/strong><\/p>\n\n\n\n<p>Nous y reviendrons mais, dans l\u2019attente, <strong>nous vous demandons que les engagements pris soient respect\u00e9s \u00e0 savoir pas d\u2019ouverture si le protocole n\u2019est pas applicable<\/strong> (impossibilit\u00e9 de maintenir la distanciation sociale, manque de gel hydroalcoolique, d\u2019essuie-mains, etc.) <strong>et que les organisations propos\u00e9es par les \u00e9coles soient toutes enregistr\u00e9es par les services de l\u2019Education Nationale sans demande de retravailler dessus<\/strong>, ce qui appara\u00eet comme une mesure vexatoire. Nous vous le r\u00e9p\u00e9tons : les coll\u00e8gues sont \u00e0 bout.<\/p>\n\n\n\n<p>Par ailleurs, l\u00e0 o\u00f9 ils ont \u00e9t\u00e9 livr\u00e9s dans les \u00e9coles, nous avons pu constater que <strong>les masques fournis ne prot\u00e8gent en rien les coll\u00e8gues d\u2019une contamination comme cela est explicitement stipul\u00e9 sur l\u2019emballage et comme nous l\u2019avions d\u00e9nonc\u00e9<\/strong> : il s\u2019agit en effet de simples masques chirurgicaux alors qu\u2019il serait indispensable d\u2019avoir des masques FFP2.<\/p>\n\n\n\n<p>Nous d\u00e9non\u00e7ons \u00e9galement les nouvelles pressions qui s\u2019exercent sur les directeurs et coll\u00e8gues en g\u00e9n\u00e9ral quant aux mots donn\u00e9s aux parents les informant des conditions r\u00e9elles de la reprise de l\u2019\u00e9cole.<\/p>\n\n\n\n<p>Vous trouverez, jointe \u00e0 ce courrier, une proc\u00e9dure d\u2019alerte et nous vous demandons en cons\u00e9quence de nous recevoir d\u00e8s lundi 11 mai en audience.<\/p>\n\n\n\n<p>Concernant les titulaires rempla\u00e7ants, nous demandons que ceux-ci puissent, s\u2019ils le souhaitent, rester dans leur \u00e9cole de rattachement.<\/p>\n\n\n\n<p>(&#8230;)<\/p>\n\n\n\n<p>Nous vous prions de croire, Monsieur l\u2019Inspecteur d\u2019Acad\u00e9mie, en notre parfaite consid\u00e9ration.<\/p>\n\n\n\n<p class=\"has-text-align-right\"><em>J\u00e9r\u00f4me Th\u00e9baut, secr\u00e9taire d\u00e9partemental<\/em><\/p>\n<a class=\"synved-social-button synved-social-button-share synved-social-size-32 synved-social-resolution-single synved-social-provider-facebook nolightbox\" data-provider=\"facebook\" target=\"_blank\" rel=\"nofollow\" title=\"Faites le savoir \u00e0 vos amis via Facebook \" href=\"https:\/\/www.facebook.com\/sharer.php?u=https%3A%2F%2Fsnudifo37.fr%2Findex.php%2Fwp-json%2Fwp%2Fv2%2Fposts%2F2255&#038;t=Le%20SNUDI-FO%2037%20%C3%A9crit%20%C3%A0%20l%E2%80%99Inspecteur%20d%E2%80%99Acad%C3%A9mie%20et%20d%C3%A9clenche%20la%20proc%C3%A9dure%20d%E2%80%99alerte%20d%C3%A9partementale&#038;s=100&#038;p&#091;url&#093;=https%3A%2F%2Fsnudifo37.fr%2Findex.php%2Fwp-json%2Fwp%2Fv2%2Fposts%2F2255&#038;p&#091;images&#093;&#091;0&#093;=&#038;p&#091;title&#093;=Le%20SNUDI-FO%2037%20%C3%A9crit%20%C3%A0%20l%E2%80%99Inspecteur%20d%E2%80%99Acad%C3%A9mie%20et%20d%C3%A9clenche%20la%20proc%C3%A9dure%20d%E2%80%99alerte%20d%C3%A9partementale\" style=\"font-size: 0px;width:32px;height:32px;margin:0;margin-bottom:20px;margin-right:20px\"><img loading=\"lazy\" decoding=\"async\" alt=\"Facebook\" title=\"Faites le savoir \u00e0 vos amis via Facebook \" class=\"synved-share-image synved-social-image synved-social-image-share\" width=\"32\" height=\"32\" style=\"display: inline;width:32px;height:32px;margin: 0;padding: 0;border: none;box-shadow: none\" src=\"https:\/\/snudifo37.fr\/wp-content\/plugins\/social-media-feather\/synved-social\/image\/social\/regular\/64x64\/facebook.png\" \/><\/a><a class=\"synved-social-button synved-social-button-share synved-social-size-32 synved-social-resolution-single synved-social-provider-twitter nolightbox\" data-provider=\"twitter\" target=\"_blank\" rel=\"nofollow\" title=\"Informez-en vos amis via Twitter\" href=\"https:\/\/twitter.com\/intent\/tweet?url=https%3A%2F%2Fsnudifo37.fr%2Findex.php%2Fwp-json%2Fwp%2Fv2%2Fposts%2F2255&#038;text=Le%20Snudi-Fo%20vous%20informe%3A\" style=\"font-size: 0px;width:32px;height:32px;margin:0;margin-bottom:20px;margin-right:20px\"><img loading=\"lazy\" decoding=\"async\" alt=\"twitter\" title=\"Informez-en vos amis via Twitter\" class=\"synved-share-image synved-social-image synved-social-image-share\" width=\"32\" height=\"32\" style=\"display: inline;width:32px;height:32px;margin: 0;padding: 0;border: none;box-shadow: none\" src=\"https:\/\/snudifo37.fr\/wp-content\/plugins\/social-media-feather\/synved-social\/image\/social\/regular\/64x64\/twitter.png\" \/><\/a><a class=\"synved-social-button synved-social-button-share synved-social-size-32 synved-social-resolution-single synved-social-provider-mail nolightbox\" data-provider=\"mail\" rel=\"nofollow\" title=\"Les derni\u00e8res informations du Snudi-Fo 37\" href=\"mailto:?subject=Le%20SNUDI-FO%2037%20%C3%A9crit%20%C3%A0%20l%E2%80%99Inspecteur%20d%E2%80%99Acad%C3%A9mie%20et%20d%C3%A9clenche%20la%20proc%C3%A9dure%20d%E2%80%99alerte%20d%C3%A9partementale&#038;body=Le%20Snudi-Fo%20vous%20informe%3A:%20https%3A%2F%2Fsnudifo37.fr%2Findex.php%2Fwp-json%2Fwp%2Fv2%2Fposts%2F2255\" style=\"font-size: 0px;width:32px;height:32px;margin:0;margin-bottom:20px\"><img loading=\"lazy\" decoding=\"async\" alt=\"mail\" title=\"Les derni\u00e8res informations du Snudi-Fo 37\" class=\"synved-share-image synved-social-image synved-social-image-share\" width=\"32\" height=\"32\" style=\"display: inline;width:32px;height:32px;margin: 0;padding: 0;border: none;box-shadow: none\" src=\"https:\/\/snudifo37.fr\/wp-content\/plugins\/social-media-feather\/synved-social\/image\/social\/regular\/64x64\/mail.png\" \/><\/a>","protected":false},"excerpt":{"rendered":"<p>Retrouvez ici quelques extraits du courrier que nous avons adress\u00e9 \u00e0 l&rsquo;IA-DASEN de l&rsquo;Indre &#038; Loire <\/p>\n","protected":false},"author":1,"featured_media":0,"comment_status":"closed","ping_status":"closed","sticky":false,"template":"","format":"standard","meta":{"footnotes":""},"categories":[1],"tags":[613,150,25,358,243,641,265,383,629,606,523],"class_list":["post-2255","post","type-post","status-publish","format-standard","hentry","category-non-classe","tag-11-mai","tag-150","tag-chsct","tag-directeur","tag-directeurs","tag-directions","tag-ia-dasen","tag-pression","tag-protocole-sanitaire","tag-reprise","tag-sante-des-personnels"],"_links":{"self":[{"href":"https:\/\/snudifo37.fr\/index.php\/wp-json\/wp\/v2\/posts\/2255","targetHints":{"allow":["GET"]}}],"collection":[{"href":"https:\/\/snudifo37.fr\/index.php\/wp-json\/wp\/v2\/posts"}],"about":[{"href":"https:\/\/snudifo37.fr\/index.php\/wp-json\/wp\/v2\/types\/post"}],"author":[{"embeddable":true,"href":"https:\/\/snudifo37.fr\/index.php\/wp-json\/wp\/v2\/users\/1"}],"replies":[{"embeddable":true,"href":"https:\/\/snudifo37.fr\/index.php\/wp-json\/wp\/v2\/comments?post=2255"}],"version-history":[{"count":1,"href":"https:\/\/snudifo37.fr\/index.php\/wp-json\/wp\/v2\/posts\/2255\/revisions"}],"predecessor-version":[{"id":2256,"href":"https:\/\/snudifo37.fr\/index.php\/wp-json\/wp\/v2\/posts\/2255\/revisions\/2256"}],"wp:attachment":[{"href":"https:\/\/snudifo37.fr\/index.php\/wp-json\/wp\/v2\/media?parent=2255"}],"wp:term":[{"taxonomy":"category","embeddable":true,"href":"https:\/\/snudifo37.fr\/index.php\/wp-json\/wp\/v2\/categories?post=2255"},{"taxonomy":"post_tag","embeddable":true,"href":"https:\/\/snudifo37.fr\/index.php\/wp-json\/wp\/v2\/tags?post=2255"}],"curies":[{"name":"wp","href":"https:\/\/api.w.org\/{rel}","templated":true}]}}