{"id":2231,"date":"2020-05-05T21:40:28","date_gmt":"2020-05-05T19:40:28","guid":{"rendered":"http:\/\/snudifo37.fr\/?p=2231"},"modified":"2020-05-05T21:40:28","modified_gmt":"2020-05-05T19:40:28","slug":"reprise-du-11-mai-des-dizaines-decoles-du-chinonais-prennent-position-expliquant-limpossibilite-dappliquer-le-protocole","status":"publish","type":"post","link":"https:\/\/snudifo37.fr\/index.php\/2020\/05\/05\/reprise-du-11-mai-des-dizaines-decoles-du-chinonais-prennent-position-expliquant-limpossibilite-dappliquer-le-protocole\/","title":{"rendered":"Reprise du 11 mai : des dizaines d&rsquo;\u00e9coles du Chinonais prennent position expliquant l&rsquo;impossibilit\u00e9 d&rsquo;appliquer le protocole !"},"content":{"rendered":"\n<h3 class=\"wp-block-heading\">Le SNUDI-FO appelle les coll\u00e8gues \u00e0 s&rsquo;associer \u00e0 cette prise de position d&rsquo;enseignants du Chinonais :<\/h3>\n\n\n\n<p><em>Monsieur le Directeur acad\u00e9mique,<\/em><\/p>\n\n\n\n<p><em>En tant qu\u2019agents de l\u2019\u00c9tat, nous nous devons d\u2019appliquer les directives de notre ministre. Cependant, ce courrier est un cri d\u2019alerte pour r\u00e9affirmer et pr\u00e9ciser que les risques encourus par les \u00e9quipes sont majeurs. En effet, m\u00eame en appliquant le protocole \u00e0 la lettre, nous ne sommes pas \u00e0 l&rsquo;abri d\u2019un geste non contr\u00f4l\u00e9 de la part de nos \u00e9l\u00e8ves ou d\u2019un adulte de l&rsquo;\u00e9cole, et qui aurait de graves cons\u00e9quences sur la sant\u00e9 de tous, sant\u00e9 devant \u00eatre garantie par notre ministre (employeur).<\/em><\/p>\n\n\n\n<p><em>Nous avons pris connaissance de la position de toutes les autorit\u00e9s sanitaires du pays, conseil de l&rsquo;ordre des m\u00e9decins, conseil scientifique&#8230; qui recommandent d&rsquo;attendre septembre pour proc\u00e9der \u00e0 la r\u00e9ouverture des \u00e9coles.<\/em><\/p>\n\n\n\n<p><em>En tant que directeurs d&rsquo;\u00e9cole, nous sommes responsables de la s\u00e9curit\u00e9 des personnes et des biens qui nous sont confi\u00e9s dans l&rsquo;ensemble des locaux scolaires. (Circulaire n 91-124 du 6 juin 1991 modifi\u00e9e par les circulaires n 92-126 du 20 juillet 1992 et 94-190 du 29 juin 1994 art.4-1). Si les \u00e9coles ouvraient le 11 mai, nous serions dans une situation exceptionnelle o\u00f9 il nous serait impossible de garantir cette s\u00e9curit\u00e9 sanitaire. Il est en effet absolument impossible dans des \u00e9coles primaires (\u00e9l\u00e9mentaires et maternelles) de garantir l&rsquo;int\u00e9gralit\u00e9 des gestes barri\u00e8res et de faire maintenir la distanciation sociale entre des enfants.<\/em><\/p>\n\n\n\n<p><em>Nous avons d\u00e9j\u00e0 pu observer dans les p\u00f4les d&rsquo;accueil, la complexit\u00e9 de mettre en oeuvre les protocoles sanitaires recommand\u00e9s malgr\u00e9 les groupes pourtant tr\u00e8s restreints d&rsquo;enfants. Quid lorsque les effectifs seront plus charg\u00e9s, que tous les groupes-classes sur un site auront repris et que le nombre d&rsquo;\u00e9coles ouvertes aura augment\u00e9 ?<\/em><\/p>\n\n\n\n<p><em>Dans ces conditions, nous tenons \u00e0 vous faire part de nos vives inqui\u00e9tudes quant \u00e0 la r\u00e9ouverture des \u00e9coles \u00e0 partir du 11 mai qui, quels que soient les moyens mis \u00e0 notre disposition, ne nous permettront jamais d&rsquo;assurer la s\u00e9curit\u00e9 sanitaire de tous.<\/em><\/p>\n\n\n\n<p><em>Inqui\u00e9tudes qui sont d&rsquo;ailleurs relay\u00e9es par les syndicats d\u2019enseignants, le syndicat des directeurs acad\u00e9miques de l&rsquo;\u00e9ducation nationale qui tirent la sonnette d&rsquo;alarme depuis le d\u00e9but de ces annonces. Nous tenons par ce courrier \u00e0 notifier publiquement que si cette ouverture nous \u00e9tait impos\u00e9e malgr\u00e9 notre alerte, les \u00e9quipes enseignantes, dont les directeurs que nous sommes, ne pourraient en aucun cas \u00eatre tenus responsables des cons\u00e9quences directes et indirectes sur la sant\u00e9 de tous.<\/em><\/p>\n\n\n\n<p><em>Nous vous prions de croire, Monsieur le Directeur Acad\u00e9mique, en notre sinc\u00e8re et profond attachement au service public d&rsquo;\u00e9ducation.<\/em><\/p>\n\n\n\n<p><em>Comptant sur l&rsquo;attention que vous porterez \u00e0 ce courrier, nous vous adressons nos salutations les plus respectueuses.<\/em><\/p>\n\n\n\n<div class=\"wp-block-file\"><a href=\"http:\/\/snudifo37.fr\/wp-content\/uploads\/2020\/05\/Lettre-DASEN.pdf\">Lettre DASEN<\/a><a href=\"http:\/\/snudifo37.fr\/wp-content\/uploads\/2020\/05\/Lettre-DASEN.pdf\" class=\"wp-block-file__button\" download>T\u00e9l\u00e9charger<\/a><\/div>\n<a class=\"synved-social-button synved-social-button-share synved-social-size-32 synved-social-resolution-single synved-social-provider-facebook nolightbox\" data-provider=\"facebook\" target=\"_blank\" rel=\"nofollow\" title=\"Faites le savoir \u00e0 vos amis via Facebook \" href=\"https:\/\/www.facebook.com\/sharer.php?u=https%3A%2F%2Fsnudifo37.fr%2Findex.php%2Fwp-json%2Fwp%2Fv2%2Fposts%2F2231&#038;t=Reprise%20du%2011%20mai%20%3A%20des%20dizaines%20d%E2%80%99%C3%A9coles%20du%20Chinonais%20prennent%20position%20expliquant%20l%E2%80%99impossibilit%C3%A9%20d%E2%80%99appliquer%20le%20protocole%20%21&#038;s=100&#038;p&#091;url&#093;=https%3A%2F%2Fsnudifo37.fr%2Findex.php%2Fwp-json%2Fwp%2Fv2%2Fposts%2F2231&#038;p&#091;images&#093;&#091;0&#093;=&#038;p&#091;title&#093;=Reprise%20du%2011%20mai%20%3A%20des%20dizaines%20d%E2%80%99%C3%A9coles%20du%20Chinonais%20prennent%20position%20expliquant%20l%E2%80%99impossibilit%C3%A9%20d%E2%80%99appliquer%20le%20protocole%20%21\" style=\"font-size: 0px;width:32px;height:32px;margin:0;margin-bottom:20px;margin-right:20px\"><img loading=\"lazy\" decoding=\"async\" alt=\"Facebook\" title=\"Faites le savoir \u00e0 vos amis via Facebook \" class=\"synved-share-image synved-social-image synved-social-image-share\" width=\"32\" height=\"32\" style=\"display: inline;width:32px;height:32px;margin: 0;padding: 0;border: none;box-shadow: none\" src=\"https:\/\/snudifo37.fr\/wp-content\/plugins\/social-media-feather\/synved-social\/image\/social\/regular\/64x64\/facebook.png\" \/><\/a><a class=\"synved-social-button synved-social-button-share synved-social-size-32 synved-social-resolution-single synved-social-provider-twitter nolightbox\" data-provider=\"twitter\" target=\"_blank\" rel=\"nofollow\" title=\"Informez-en vos amis via Twitter\" href=\"https:\/\/twitter.com\/intent\/tweet?url=https%3A%2F%2Fsnudifo37.fr%2Findex.php%2Fwp-json%2Fwp%2Fv2%2Fposts%2F2231&#038;text=Le%20Snudi-Fo%20vous%20informe%3A\" style=\"font-size: 0px;width:32px;height:32px;margin:0;margin-bottom:20px;margin-right:20px\"><img loading=\"lazy\" decoding=\"async\" alt=\"twitter\" title=\"Informez-en vos amis via Twitter\" class=\"synved-share-image synved-social-image synved-social-image-share\" width=\"32\" height=\"32\" style=\"display: inline;width:32px;height:32px;margin: 0;padding: 0;border: none;box-shadow: none\" src=\"https:\/\/snudifo37.fr\/wp-content\/plugins\/social-media-feather\/synved-social\/image\/social\/regular\/64x64\/twitter.png\" \/><\/a><a class=\"synved-social-button synved-social-button-share synved-social-size-32 synved-social-resolution-single synved-social-provider-mail nolightbox\" data-provider=\"mail\" rel=\"nofollow\" title=\"Les derni\u00e8res informations du Snudi-Fo 37\" href=\"mailto:?subject=Reprise%20du%2011%20mai%20%3A%20des%20dizaines%20d%E2%80%99%C3%A9coles%20du%20Chinonais%20prennent%20position%20expliquant%20l%E2%80%99impossibilit%C3%A9%20d%E2%80%99appliquer%20le%20protocole%20%21&#038;body=Le%20Snudi-Fo%20vous%20informe%3A:%20https%3A%2F%2Fsnudifo37.fr%2Findex.php%2Fwp-json%2Fwp%2Fv2%2Fposts%2F2231\" style=\"font-size: 0px;width:32px;height:32px;margin:0;margin-bottom:20px\"><img loading=\"lazy\" decoding=\"async\" alt=\"mail\" title=\"Les derni\u00e8res informations du Snudi-Fo 37\" class=\"synved-share-image synved-social-image synved-social-image-share\" width=\"32\" height=\"32\" style=\"display: inline;width:32px;height:32px;margin: 0;padding: 0;border: none;box-shadow: none\" src=\"https:\/\/snudifo37.fr\/wp-content\/plugins\/social-media-feather\/synved-social\/image\/social\/regular\/64x64\/mail.png\" \/><\/a>","protected":false},"excerpt":{"rendered":"<p>Le SNUDI-FO appelle les coll\u00e8gues \u00e0 s&rsquo;associer \u00e0 cette prise de position d&rsquo;enseignants du Chinonais !<\/p>\n","protected":false},"author":1,"featured_media":0,"comment_status":"closed","ping_status":"closed","sticky":false,"template":"","format":"standard","meta":{"footnotes":""},"categories":[531,7],"tags":[613,150,633,632,373,634,490,519,358,243,265,273,291,606],"class_list":["post-2231","post","type-post","status-publish","format-standard","hentry","category-epidemie-coronavirus","category-syndicat","tag-11-mai","tag-150","tag-adjoint","tag-adjoints","tag-chinon","tag-chinonais","tag-coronavirus","tag-covid-19","tag-directeur","tag-directeurs","tag-ia-dasen","tag-lettre","tag-motion","tag-reprise"],"_links":{"self":[{"href":"https:\/\/snudifo37.fr\/index.php\/wp-json\/wp\/v2\/posts\/2231","targetHints":{"allow":["GET"]}}],"collection":[{"href":"https:\/\/snudifo37.fr\/index.php\/wp-json\/wp\/v2\/posts"}],"about":[{"href":"https:\/\/snudifo37.fr\/index.php\/wp-json\/wp\/v2\/types\/post"}],"author":[{"embeddable":true,"href":"https:\/\/snudifo37.fr\/index.php\/wp-json\/wp\/v2\/users\/1"}],"replies":[{"embeddable":true,"href":"https:\/\/snudifo37.fr\/index.php\/wp-json\/wp\/v2\/comments?post=2231"}],"version-history":[{"count":1,"href":"https:\/\/snudifo37.fr\/index.php\/wp-json\/wp\/v2\/posts\/2231\/revisions"}],"predecessor-version":[{"id":2233,"href":"https:\/\/snudifo37.fr\/index.php\/wp-json\/wp\/v2\/posts\/2231\/revisions\/2233"}],"wp:attachment":[{"href":"https:\/\/snudifo37.fr\/index.php\/wp-json\/wp\/v2\/media?parent=2231"}],"wp:term":[{"taxonomy":"category","embeddable":true,"href":"https:\/\/snudifo37.fr\/index.php\/wp-json\/wp\/v2\/categories?post=2231"},{"taxonomy":"post_tag","embeddable":true,"href":"https:\/\/snudifo37.fr\/index.php\/wp-json\/wp\/v2\/tags?post=2231"}],"curies":[{"name":"wp","href":"https:\/\/api.w.org\/{rel}","templated":true}]}}