{"id":2213,"date":"2020-05-03T15:49:30","date_gmt":"2020-05-03T13:49:30","guid":{"rendered":"http:\/\/snudifo37.fr\/?p=2213"},"modified":"2020-05-03T15:49:30","modified_gmt":"2020-05-03T13:49:30","slug":"dimanche-3-mai-15h03-le-protocole-vient-detre-communique-a-tous-les-enseignants","status":"publish","type":"post","link":"https:\/\/snudifo37.fr\/index.php\/2020\/05\/03\/dimanche-3-mai-15h03-le-protocole-vient-detre-communique-a-tous-les-enseignants\/","title":{"rendered":"Dimanche 3 mai, 15h03: le protocole vient d&rsquo;\u00eatre communiqu\u00e9 \u00e0 tous les enseignants !"},"content":{"rendered":"\n<p>Il ne resterait plus qu&rsquo;<strong>un seul jour ouvrable aux \u00e9coles et plus particuli\u00e8rement aux directeurs pour \u00e9tablir le sch\u00e9ma d&rsquo;organisation exig\u00e9 par l&rsquo;IA-DASEN.<\/strong><\/p>\n\n\n\n<h3 class=\"has-vivid-red-color has-text-color has-text-align-center wp-block-heading\"><strong>INACCEPTABLE !<\/strong><\/h3>\n\n\n\n<p>Par ailleurs, l&rsquo;application du protocole est irr\u00e9alisable ! <strong>Les \u00e9coles ne peuvent et ne doivent r\u00e9ouvrir !<\/strong><\/p>\n\n\n\n<p class=\"has-text-align-center\"><strong><a href=\"http:\/\/snudifo37.fr\/wp-content\/uploads\/2020\/05\/Protocole-sanitaire-pour-la-r\u00e9ouverture-des-\u00e9coles-maternelles-et-\u00e9l\u00e9mentaires-MENJ-3-mai-2020.pdf\" target=\"_blank\" rel=\"noreferrer noopener\">T\u00e9l\u00e9chargez le protocole sanitaire en cliquant ici.<\/a><\/strong><\/p>\n\n\n\n<h3 class=\"wp-block-heading\"><strong>Vous trouverez ci-dessous le courrier adress\u00e9 ce midi \u00e0 l&rsquo;IA-DASEN.<\/strong><\/h3>\n\n\n\n<p>D&rsquo;ores et d\u00e9j\u00e0, dans toute la France et dans notre d\u00e9partement, des maires annoncent qu&rsquo;ils ne r\u00e9ouvriront pas leurs \u00e9coles.<br>Nous nous tenons \u00e0 votre disposition pour toute question \u00e0&nbsp;<a href=\"mailto:fo-snudi@wanadoo.fr\" target=\"_blank\" rel=\"noreferrer noopener\">fo-snudi@wanadoo.fr<\/a><\/p>\n\n\n\n<p><em>Monsieur l\u2019Inspecteur d\u2019Acad\u00e9mie,<\/em><\/p>\n\n\n\n<p><em>Le protocole sanitaire n\u2019est \u00e0 ce jour toujours pas publi\u00e9.<\/em><\/p>\n\n\n\n<p><em>Or, les \u00e9coles et plus particuli\u00e8rement les directeurs sont sous pression \u00e0 devoir r\u00e9fl\u00e9chir \u00e0 l\u2019\u00e9laboration d\u2019un sch\u00e9ma alors que le cadrage n\u2019est pas valid\u00e9 et que des IEN n\u2019ont toujours pas relay\u00e9 les directives acad\u00e9miques.<\/em><\/p>\n\n\n\n<p><em>Nous pouvons affirmer que c\u2019est bien le chaos qui caract\u00e9rise cette p\u00e9riode o\u00f9, dans chaque circonscription, les informations diff\u00e8rent.<\/em><\/p>\n\n\n\n<p><em>Nous renouvelons notre demande de circulaires d\u00e9partementales de cadrage.<\/em><\/p>\n\n\n\n<p><em>Par ailleurs, alors que les directeurs sont dans une situation des plus inconfortables, nous tirons la sonnette d\u2019alarme quant \u00e0 leurs conditions de travail qui sont intenables et leur responsabilit\u00e9 qui pourrait \u00eatre engag\u00e9e et vous demandons d\u2019annuler les dates communiqu\u00e9es des 5 et 7 mai.<\/em><\/p>\n\n\n\n<p><em>Nous vous prions de croire, Monsieur l\u2019Inspecteur d\u2019Acad\u00e9mie, en notre parfaite consid\u00e9ration. <\/em><\/p>\n\n\n\n<p class=\"has-text-align-right\"><em>J\u00e9r\u00f4me Th\u00e9baut, secr\u00e9taire d\u00e9partemental\u00a0\u00a0<\/em><\/p>\n<a class=\"synved-social-button synved-social-button-share synved-social-size-32 synved-social-resolution-single synved-social-provider-facebook nolightbox\" data-provider=\"facebook\" target=\"_blank\" rel=\"nofollow\" title=\"Faites le savoir \u00e0 vos amis via Facebook \" href=\"https:\/\/www.facebook.com\/sharer.php?u=https%3A%2F%2Fsnudifo37.fr%2Findex.php%2Fwp-json%2Fwp%2Fv2%2Fposts%2F2213&#038;t=Dimanche%203%20mai%2C%2015h03%3A%20le%20protocole%20vient%20d%E2%80%99%C3%AAtre%20communiqu%C3%A9%20%C3%A0%20tous%20les%20enseignants%20%21&#038;s=100&#038;p&#091;url&#093;=https%3A%2F%2Fsnudifo37.fr%2Findex.php%2Fwp-json%2Fwp%2Fv2%2Fposts%2F2213&#038;p&#091;images&#093;&#091;0&#093;=&#038;p&#091;title&#093;=Dimanche%203%20mai%2C%2015h03%3A%20le%20protocole%20vient%20d%E2%80%99%C3%AAtre%20communiqu%C3%A9%20%C3%A0%20tous%20les%20enseignants%20%21\" style=\"font-size: 0px;width:32px;height:32px;margin:0;margin-bottom:20px;margin-right:20px\"><img loading=\"lazy\" decoding=\"async\" alt=\"Facebook\" title=\"Faites le savoir \u00e0 vos amis via Facebook \" class=\"synved-share-image synved-social-image synved-social-image-share\" width=\"32\" height=\"32\" style=\"display: inline;width:32px;height:32px;margin: 0;padding: 0;border: none;box-shadow: none\" src=\"https:\/\/snudifo37.fr\/wp-content\/plugins\/social-media-feather\/synved-social\/image\/social\/regular\/64x64\/facebook.png\" \/><\/a><a class=\"synved-social-button synved-social-button-share synved-social-size-32 synved-social-resolution-single synved-social-provider-twitter nolightbox\" data-provider=\"twitter\" target=\"_blank\" rel=\"nofollow\" title=\"Informez-en vos amis via Twitter\" href=\"https:\/\/twitter.com\/intent\/tweet?url=https%3A%2F%2Fsnudifo37.fr%2Findex.php%2Fwp-json%2Fwp%2Fv2%2Fposts%2F2213&#038;text=Le%20Snudi-Fo%20vous%20informe%3A\" style=\"font-size: 0px;width:32px;height:32px;margin:0;margin-bottom:20px;margin-right:20px\"><img loading=\"lazy\" decoding=\"async\" alt=\"twitter\" title=\"Informez-en vos amis via Twitter\" class=\"synved-share-image synved-social-image synved-social-image-share\" width=\"32\" height=\"32\" style=\"display: inline;width:32px;height:32px;margin: 0;padding: 0;border: none;box-shadow: none\" src=\"https:\/\/snudifo37.fr\/wp-content\/plugins\/social-media-feather\/synved-social\/image\/social\/regular\/64x64\/twitter.png\" \/><\/a><a class=\"synved-social-button synved-social-button-share synved-social-size-32 synved-social-resolution-single synved-social-provider-mail nolightbox\" data-provider=\"mail\" rel=\"nofollow\" title=\"Les derni\u00e8res informations du Snudi-Fo 37\" href=\"mailto:?subject=Dimanche%203%20mai%2C%2015h03%3A%20le%20protocole%20vient%20d%E2%80%99%C3%AAtre%20communiqu%C3%A9%20%C3%A0%20tous%20les%20enseignants%20%21&#038;body=Le%20Snudi-Fo%20vous%20informe%3A:%20https%3A%2F%2Fsnudifo37.fr%2Findex.php%2Fwp-json%2Fwp%2Fv2%2Fposts%2F2213\" style=\"font-size: 0px;width:32px;height:32px;margin:0;margin-bottom:20px\"><img loading=\"lazy\" decoding=\"async\" alt=\"mail\" title=\"Les derni\u00e8res informations du Snudi-Fo 37\" class=\"synved-share-image synved-social-image synved-social-image-share\" width=\"32\" height=\"32\" style=\"display: inline;width:32px;height:32px;margin: 0;padding: 0;border: none;box-shadow: none\" src=\"https:\/\/snudifo37.fr\/wp-content\/plugins\/social-media-feather\/synved-social\/image\/social\/regular\/64x64\/mail.png\" \/><\/a>","protected":false},"excerpt":{"rendered":"<p>Il ne resterait plus qu&rsquo;un seul jour ouvrable aux \u00e9coles et plus particuli\u00e8rement aux directeurs pour \u00e9tablir le sch\u00e9ma d&rsquo;organisation exig\u00e9 par l&rsquo;IA-DASEN \u00e0 partir du protocole sanitaire (que vous retrouverez dans cet article)<\/p>\n","protected":false},"author":1,"featured_media":0,"comment_status":"closed","ping_status":"closed","sticky":false,"template":"","format":"standard","meta":{"footnotes":""},"categories":[531,7],"tags":[627,150,490,519,618,629,523],"class_list":["post-2213","post","type-post","status-publish","format-standard","hentry","category-epidemie-coronavirus","category-syndicat","tag-12-mai","tag-150","tag-coronavirus","tag-covid-19","tag-protocole","tag-protocole-sanitaire","tag-sante-des-personnels"],"_links":{"self":[{"href":"https:\/\/snudifo37.fr\/index.php\/wp-json\/wp\/v2\/posts\/2213","targetHints":{"allow":["GET"]}}],"collection":[{"href":"https:\/\/snudifo37.fr\/index.php\/wp-json\/wp\/v2\/posts"}],"about":[{"href":"https:\/\/snudifo37.fr\/index.php\/wp-json\/wp\/v2\/types\/post"}],"author":[{"embeddable":true,"href":"https:\/\/snudifo37.fr\/index.php\/wp-json\/wp\/v2\/users\/1"}],"replies":[{"embeddable":true,"href":"https:\/\/snudifo37.fr\/index.php\/wp-json\/wp\/v2\/comments?post=2213"}],"version-history":[{"count":1,"href":"https:\/\/snudifo37.fr\/index.php\/wp-json\/wp\/v2\/posts\/2213\/revisions"}],"predecessor-version":[{"id":2215,"href":"https:\/\/snudifo37.fr\/index.php\/wp-json\/wp\/v2\/posts\/2213\/revisions\/2215"}],"wp:attachment":[{"href":"https:\/\/snudifo37.fr\/index.php\/wp-json\/wp\/v2\/media?parent=2213"}],"wp:term":[{"taxonomy":"category","embeddable":true,"href":"https:\/\/snudifo37.fr\/index.php\/wp-json\/wp\/v2\/categories?post=2213"},{"taxonomy":"post_tag","embeddable":true,"href":"https:\/\/snudifo37.fr\/index.php\/wp-json\/wp\/v2\/tags?post=2213"}],"curies":[{"name":"wp","href":"https:\/\/api.w.org\/{rel}","templated":true}]}}