{"id":221,"date":"2018-09-14T13:23:48","date_gmt":"2018-09-14T11:23:48","guid":{"rendered":"http:\/\/snudifo37.fr\/?p=221"},"modified":"2019-05-14T21:06:54","modified_gmt":"2019-05-14T19:06:54","slug":"compte-rendu-de-la-capd-du-13-septembre-2018","status":"publish","type":"post","link":"https:\/\/snudifo37.fr\/index.php\/2018\/09\/14\/compte-rendu-de-la-capd-du-13-septembre-2018\/","title":{"rendered":"Compte-rendu de la CAPD du 13 septembre 2018"},"content":{"rendered":"\n<p>La&nbsp;CAPD&nbsp;s&rsquo;est r\u00e9unie ce jour avec pour ordre du jour&nbsp;les derni\u00e8res affectations, les candidatures aux modules de formation d&rsquo;initiative nationale ainsi que les promotions \u00e0 la Hors-classe suite \u00e0 des d\u00e9parts en retraite.<\/p>\n\n\n\n<p>Yvan Moquette, H\u00e9l\u00e8ne Nizou, Isabelle Millat (titulaires) et Aur\u00e9lie Fernandes (suppl\u00e9ante) y si\u00e9geaient pour le Snudi-FO.<\/p>\n\n\n\n<h3 class=\"wp-block-heading\"><strong>Manque de transparence sur une des derni\u00e8res op\u00e9rations de mouvement<\/strong><\/h3>\n\n\n\n<p>Nous avons fait remarquer \u00e0 l\u2019IA-Dasen que la proc\u00e9dure pour l\u2019affectation sur le poste vacant au CHU n\u2019\u00e9tait pas r\u00e9glementaire puisque les coll\u00e8gues qui avaient postul\u00e9 au 1<sup>er<\/sup>&nbsp;tour du mouvement n\u2019avaient pas \u00e9t\u00e9 sollicit\u00e9s quand le poste est redevenu vacant fin juin.&nbsp;<br>L\u2019IA nous a r\u00e9pondu qu\u2019il n\u2019avait pas voulu d\u00e9stabiliser des dispositifs d\u00e9j\u00e0 fragiles, r\u00e9ponse qui ne nous satisfait pas.<\/p>\n\n\n\n<h3 class=\"wp-block-heading\"><strong>Un comble : Le d\u00e9partement en d\u00e9ficit d\u2019enseignants !<\/strong><\/h3>\n\n\n\n<p>Alors que des dizaines de coll\u00e8gues dont certaines dans des situations catastrophiques se voient refuser l\u2019entr\u00e9e dans le d\u00e9partement, l\u2019Indre et Loire manque de professeurs des \u00e9coles&nbsp;:&nbsp;&nbsp;<strong>en cette rentr\u00e9e, une dizaine de postes de PE sont vacants<\/strong>&nbsp;(et cette situation va n\u00e9cessairement s\u2019aggraver dans les prochains mois).&nbsp;Nous avons revendiqu\u00e9 des int\u00e9grations par in\u00e9at-exeat (les 4 derniers n\u2019ont pas suffi \u00e0 combler ce d\u00e9ficit)<\/p>\n\n\n\n<p>L&rsquo;administration va donc avoir recours \u00e0 l&#8217;embauche de contractuels d\u00e8s \u00e0 pr\u00e9sent, le Rectorat autorisant l&#8217;embauche d&rsquo;une dizaine ETP contractuels.<\/p>\n\n\n\n<p>Le Snudi-FO est intervenu en rappelant son opposition de principe \u00e0 l&#8217;embauche de contractuels, c\u2019est-\u00e0-dire de salari\u00e9s pr\u00e9caires \u00ab&nbsp;remerci\u00e9s&nbsp;\u00bb chaque ann\u00e9e.&nbsp;Notre organisation est pour l\u2019augmentation du nombre de postes au CRPE, pour le recours \u00e0 la liste compl\u00e9mentaire du concours et pour les ineat.<\/p>\n\n\n\n<p>Les contractuels embauch\u00e9s durant l&rsquo;ann\u00e9e 2017\/2018 et qui n&rsquo;ont pas obtenu le concours de Professeur des \u00e9coles seront recontact\u00e9s en priorit\u00e9.<\/p>\n\n\n\n<p>Nous sommes intervenus pour que ces coll\u00e8gues puissent avoir une v\u00e9ritable pr\u00e9paration au concours pour ceux qui le pr\u00e9parent afin de ne pas \u00eatre chaque ann\u00e9e le \u00ab&nbsp;vivier&nbsp;\u00bb dans lequel peut puiser l\u2019administration.<\/p>\n\n\n\n<h3 class=\"wp-block-heading\"><strong>Candidatures aux modules de formation d&rsquo;initiative nationale : un exemple de diminution de nos droits \u00e0 une v\u00e9ritable formation<\/strong><\/h3>\n\n\n\n<p>Ces modules \u00ab&nbsp;compl\u00e8tent&nbsp;\u00bb en th\u00e9orie la formation CAPPEI&nbsp;.&nbsp;<\/p>\n\n\n\n<p>Un discret appel \u00e0 candidatures \u00e0 eu lieu en juin via la lettre d\u2019informations de la DSDEN, ce qui est une victoire du SNUDI FO&nbsp;: nous \u00e9tions lourdement intervenus l\u2019an pass\u00e9 afin que tous les coll\u00e8gues soient inform\u00e9s de la possibilit\u00e9 de postuler sur les MIN (sp\u00e9cialis\u00e9s ou non), ce que l\u2019IA DASEN nous avait alors refus\u00e9. Notre demande a donc \u00eatre enfin \u00e9t\u00e9 entendue\u2026&nbsp;<\/p>\n\n\n\n<p>Cette ann\u00e9e, 9 enseignants d&rsquo;Indre et Loire ont postul\u00e9.&nbsp;L&rsquo;IEN ASH nous a pr\u00e9sent\u00e9 un tableau avec un classement des postulants.La Rectrice a annonc\u00e9 3 priorit\u00e9s&nbsp;: les formations des options dites \u00ab&nbsp;rares&nbsp;\u00bb, les formations pour les ERESS et les formations pour la scolarisation des jeunes autistes.<\/p>\n\n\n\n<p>Le Snudi-FO est intervenu en rappelant que le texte r\u00e9glementaire concernant les MIN pr\u00e9voit une priorit\u00e9 pour les enseignants sortant de la formation CAPPEI dans les 5 derni\u00e8res ann\u00e9es.<\/p>\n\n\n\n<p>Le tableau pr\u00e9sent\u00e9 par l&rsquo;IEN ASH, ordonnait les 9 candidatures des coll\u00e8gues en pr\u00e9cisant le type de formation demand\u00e9e. En revanche, nous avons d\u00e9nonc\u00e9 le fait que ni &nbsp;l&rsquo;AGS n&rsquo;y apparaisse, ni la d\u00e9tention du CAPPEI, CAPA-SH ou CAPSAIS&#8230;&nbsp;<\/p>\n\n\n\n<p>En s\u00e9ance, nous avons donc propos\u00e9 d&rsquo;envoyer le tableau de toutes les candidatures en classant les coll\u00e8gues par ordre alphab\u00e9tique et en demandant de faire appara\u00eetre l&rsquo;AGS.&nbsp;<\/p>\n\n\n\n<p>Notre proposition a \u00e9t\u00e9 mise au vote.&nbsp;Seuls les repr\u00e9sentants du personnel Force Ouvri\u00e8re ont vot\u00e9 pour. Les repr\u00e9sentants du Snuipp ont refus\u00e9 de participer au vote avec l&rsquo;administration, celui du Se-Unsa s\u2019est abstenu.Nous avons tout de m\u00eame obtenu que l&rsquo;ordre des candidatures soient revues en fonction de l&rsquo;AGS.<\/p>\n\n\n\n<h3 class=\"wp-block-heading\"><strong>Pour finir, il ne devrait y avoir que 2 d\u00e9parts en formation pour notre d\u00e9partement.<\/strong><\/h3>\n\n\n\n<p>Rappelons que ceux qui nous vendaient le CAPPEI comme une avanc\u00e9e expliquaient que la baisse du temps de stage CAPPEI&nbsp; serait compens\u00e9e par les MIN. Or le manque de moyens montre bien la perte s\u00e8che de la dur\u00e9e et de la qualit\u00e9 de la formation&nbsp;<\/p>\n\n\n\n<p>Nous continuerons \u00e0 exiger plus de transparence sur ce dossier, l&rsquo;application du texte r\u00e9glementaire ainsi qu\u2019un appel \u00e0 candidatures plus visibles l\u2019an prochain.<\/p>\n\n\n\n<div class=\"wp-block-file\"><a href=\"http:\/\/snudifo37.fr\/wp-content\/uploads\/2019\/05\/CAPD-DU-13-SEPTEMBRE.pdf\">PPCR: Lire notre d\u00e9claration<\/a><a href=\"http:\/\/snudifo37.fr\/wp-content\/uploads\/2019\/05\/CAPD-DU-13-SEPTEMBRE.pdf\" class=\"wp-block-file__button\" download>T\u00e9l\u00e9charger<\/a><\/div>\n\n\n\n<p>Dans le cadre de PPCR, nous voyons de plus en plus de coll\u00e8gues qui se retrouvent dans un processus dit d&rsquo;&nbsp;\u00bbaccompagnement&nbsp;\u00bb d\u00e9cid\u00e9 par les IEN et qui consistent par exemple en visite dans leur classe de conseillers p\u00e9dagogiques.Nous comprenons bien ce que signifie ce type de dispositif et les d\u00e9rives possibles.&nbsp;N&rsquo;h\u00e9sitez pas \u00e0 nous contacter si vous \u00eates concern\u00e9s.<\/p>\n\n\n\n<p>Par ailleurs, nous saurons bient\u00f4t quels sont les \u00ab&nbsp;heureux \u00e9lus&nbsp;\u00bb qui auront le droit de voir leur carri\u00e8re (un peu !) \u00ab&nbsp;acc\u00e9l\u00e9r\u00e9e&nbsp;\u00bb, lors de la&nbsp;CAPD&nbsp;Promotion (nous y reviendrons)&nbsp;En attendant de conna\u00eetre la date de cette&nbsp;CAPD,&nbsp;<strong>les coll\u00e8gues qui ont eu leur entretien de carri\u00e8re 6\u00e8me et 8\u00e8me \u00e9chelon l&rsquo;ann\u00e9e scolaire derni\u00e8re pourront consulter l&rsquo;appr\u00e9ciation du DASEN sur le portail Iprof \u00e0 partir du lundi 16 septembre. Nous contacter pour toute question.<\/strong><\/p>\n\n\n\n<h3 class=\"wp-block-heading\"><strong>Animations p\u00e9dagogiques : le coup de force du ministre Blanquer<\/strong><\/h3>\n\n\n\n<p>Depuis cette rentr\u00e9e, le ministre Blanquer veut nous imposer 9h d&rsquo;animation p\u00e9dagogique fran\u00e7ais et 9h d&rsquo;animation p\u00e9dagogique math\u00e9matiques.<\/p>\n\n\n\n<p>Jusqu&rsquo;\u00e0 maintenant, certains temps de r\u00e9union \u00e9taient d\u00e9duis des AP, comme les r\u00e9unions de directeurs, les r\u00e9unions du conseil \u00e9cole-coll\u00e8ge, les r\u00e9unions pour les enseignants qui travaillent avec des PES&#8230;<\/p>\n\n\n\n<p>Beaucoup de coll\u00e8gues nous interrogent pour savoir si ce sera toujours possible cette ann\u00e9e.&nbsp;R\u00e9ponse de l&rsquo;administration par la n\u00e9gative&nbsp;!<\/p>\n\n\n\n<p><strong>Nous invitons les coll\u00e8gues \u00e0 ne pas laisser leur temps de travail se \u00ab&nbsp;dilater&nbsp;\u00bb, \u00e0 \u00ab\u00a0ma\u00eetriser\u00a0\u00bb le calendrier de leurs r\u00e9unions de conseils des ma\u00eetres ou de cycles et \u00e0 prendre sur les 48H de \u00ab&nbsp;concertation&nbsp;\u00bb pour toutes les autres r\u00e9unions.<\/strong><\/p>\n\n\n\n<p>Rappelons par ailleurs que les r\u00e9unions de Conseil \u00e9cole coll\u00e8ge n\u2019ont pas de caract\u00e8re obligatoire et que&nbsp;pour toute r\u00e9union il faut un ODM avec prise en charge des frais de d\u00e9placement quand on est hors agglom\u00e9ration tourangelle.<\/p>\n\n\n\n<p>Nous reviendrons sur ce dossier de nos obligations r\u00e9glementaires de service (ORS) d\u00e9finies dans le cadre de notre statut particulier (nous ne devons pas 1607 heures comme certains cherchent \u00e0 la faire croire) mais n\u2019h\u00e9sitez pas \u00e0 nous joindre pour toute question.<\/p>\n<a class=\"synved-social-button synved-social-button-share synved-social-size-32 synved-social-resolution-single synved-social-provider-facebook nolightbox\" data-provider=\"facebook\" target=\"_blank\" rel=\"nofollow\" title=\"Faites le savoir \u00e0 vos amis via Facebook \" href=\"https:\/\/www.facebook.com\/sharer.php?u=https%3A%2F%2Fsnudifo37.fr%2Findex.php%2Fwp-json%2Fwp%2Fv2%2Fposts%2F221&#038;t=Compte-rendu%20de%20la%20CAPD%20du%2013%20septembre%202018&#038;s=100&#038;p&#091;url&#093;=https%3A%2F%2Fsnudifo37.fr%2Findex.php%2Fwp-json%2Fwp%2Fv2%2Fposts%2F221&#038;p&#091;images&#093;&#091;0&#093;=https%3A%2F%2Fsnudifo37.fr%2Fwp-content%2Fuploads%2F2019%2F05%2FCADP.jpg&#038;p&#091;title&#093;=Compte-rendu%20de%20la%20CAPD%20du%2013%20septembre%202018\" style=\"font-size: 0px;width:32px;height:32px;margin:0;margin-bottom:20px;margin-right:20px\"><img loading=\"lazy\" decoding=\"async\" alt=\"Facebook\" title=\"Faites le savoir \u00e0 vos amis via Facebook \" class=\"synved-share-image synved-social-image synved-social-image-share\" width=\"32\" height=\"32\" style=\"display: inline;width:32px;height:32px;margin: 0;padding: 0;border: none;box-shadow: none\" src=\"https:\/\/snudifo37.fr\/wp-content\/plugins\/social-media-feather\/synved-social\/image\/social\/regular\/64x64\/facebook.png\" \/><\/a><a class=\"synved-social-button synved-social-button-share synved-social-size-32 synved-social-resolution-single synved-social-provider-twitter nolightbox\" data-provider=\"twitter\" target=\"_blank\" rel=\"nofollow\" title=\"Informez-en vos amis via Twitter\" href=\"https:\/\/twitter.com\/intent\/tweet?url=https%3A%2F%2Fsnudifo37.fr%2Findex.php%2Fwp-json%2Fwp%2Fv2%2Fposts%2F221&#038;text=Le%20Snudi-Fo%20vous%20informe%3A\" style=\"font-size: 0px;width:32px;height:32px;margin:0;margin-bottom:20px;margin-right:20px\"><img loading=\"lazy\" decoding=\"async\" alt=\"twitter\" title=\"Informez-en vos amis via Twitter\" class=\"synved-share-image synved-social-image synved-social-image-share\" width=\"32\" height=\"32\" style=\"display: inline;width:32px;height:32px;margin: 0;padding: 0;border: none;box-shadow: none\" src=\"https:\/\/snudifo37.fr\/wp-content\/plugins\/social-media-feather\/synved-social\/image\/social\/regular\/64x64\/twitter.png\" \/><\/a><a class=\"synved-social-button synved-social-button-share synved-social-size-32 synved-social-resolution-single synved-social-provider-mail nolightbox\" data-provider=\"mail\" rel=\"nofollow\" title=\"Les derni\u00e8res informations du Snudi-Fo 37\" href=\"mailto:?subject=Compte-rendu%20de%20la%20CAPD%20du%2013%20septembre%202018&#038;body=Le%20Snudi-Fo%20vous%20informe%3A:%20https%3A%2F%2Fsnudifo37.fr%2Findex.php%2Fwp-json%2Fwp%2Fv2%2Fposts%2F221\" style=\"font-size: 0px;width:32px;height:32px;margin:0;margin-bottom:20px\"><img loading=\"lazy\" decoding=\"async\" alt=\"mail\" title=\"Les derni\u00e8res informations du Snudi-Fo 37\" class=\"synved-share-image synved-social-image synved-social-image-share\" width=\"32\" height=\"32\" style=\"display: inline;width:32px;height:32px;margin: 0;padding: 0;border: none;box-shadow: none\" src=\"https:\/\/snudifo37.fr\/wp-content\/plugins\/social-media-feather\/synved-social\/image\/social\/regular\/64x64\/mail.png\" \/><\/a>","protected":false},"excerpt":{"rendered":"<p>La CAPD s&rsquo;est r\u00e9unie ce jour avec pour ordre du jour les derni\u00e8res affectations, les candidatures aux modules de formation d&rsquo;initiative nationale ainsi que les promotions \u00e0 la Hors-classe suite \u00e0 des d\u00e9parts en retraite.<\/p>\n","protected":false},"author":1,"featured_media":224,"comment_status":"closed","ping_status":"closed","sticky":false,"template":"","format":"standard","meta":{"footnotes":""},"categories":[9,8],"tags":[23,17,16],"class_list":["post-221","post","type-post","status-publish","format-standard","has-post-thumbnail","hentry","category-capd","category-instances","tag-23","tag-capd","tag-instances"],"_links":{"self":[{"href":"https:\/\/snudifo37.fr\/index.php\/wp-json\/wp\/v2\/posts\/221","targetHints":{"allow":["GET"]}}],"collection":[{"href":"https:\/\/snudifo37.fr\/index.php\/wp-json\/wp\/v2\/posts"}],"about":[{"href":"https:\/\/snudifo37.fr\/index.php\/wp-json\/wp\/v2\/types\/post"}],"author":[{"embeddable":true,"href":"https:\/\/snudifo37.fr\/index.php\/wp-json\/wp\/v2\/users\/1"}],"replies":[{"embeddable":true,"href":"https:\/\/snudifo37.fr\/index.php\/wp-json\/wp\/v2\/comments?post=221"}],"version-history":[{"count":3,"href":"https:\/\/snudifo37.fr\/index.php\/wp-json\/wp\/v2\/posts\/221\/revisions"}],"predecessor-version":[{"id":262,"href":"https:\/\/snudifo37.fr\/index.php\/wp-json\/wp\/v2\/posts\/221\/revisions\/262"}],"wp:featuredmedia":[{"embeddable":true,"href":"https:\/\/snudifo37.fr\/index.php\/wp-json\/wp\/v2\/media\/224"}],"wp:attachment":[{"href":"https:\/\/snudifo37.fr\/index.php\/wp-json\/wp\/v2\/media?parent=221"}],"wp:term":[{"taxonomy":"category","embeddable":true,"href":"https:\/\/snudifo37.fr\/index.php\/wp-json\/wp\/v2\/categories?post=221"},{"taxonomy":"post_tag","embeddable":true,"href":"https:\/\/snudifo37.fr\/index.php\/wp-json\/wp\/v2\/tags?post=221"}],"curies":[{"name":"wp","href":"https:\/\/api.w.org\/{rel}","templated":true}]}}