{"id":2021,"date":"2020-03-29T14:14:43","date_gmt":"2020-03-29T12:14:43","guid":{"rendered":"http:\/\/snudifo37.fr\/?p=2021"},"modified":"2020-03-29T14:17:44","modified_gmt":"2020-03-29T12:17:44","slug":"lettre-de-la-fnec-fp-fo-a-madame-la-rectrice-de-lacademie-dorleans-tours-le-26-mars-2020","status":"publish","type":"post","link":"https:\/\/snudifo37.fr\/index.php\/2020\/03\/29\/lettre-de-la-fnec-fp-fo-a-madame-la-rectrice-de-lacademie-dorleans-tours-le-26-mars-2020\/","title":{"rendered":"Lettre de la FNEC FP FO \u00e0 Madame La Rectrice de l&rsquo;Acad\u00e9mie d&rsquo;Orl\u00e9ans Tours, le 26 mars 2020"},"content":{"rendered":"\n<p>Madame la Rectrice<\/p>\n\n\n\n<p>suite au CHSCT Acad\u00e9mique, nous revenons vers vous sur plusieurs points :<\/p>\n\n\n\n<h3 class=\"wp-block-heading\">Situation de l&rsquo;\u00e9cole de Pannes (Loiret) ferm\u00e9e pour cause d&rsquo;\u00e9pid\u00e9mie de Coronavirus<\/h3>\n\n\n\n<p>Lors de ce CHSCT Acad\u00e9mique, un avis avait \u00e9t\u00e9 adopt\u00e9 \u00e0 l\u2019unanimit\u00e9 des membres de cette instance : \u00ab <em>Le CHSCTA exige que, pour les personnels de l&rsquo;EN volontaires qui assument l&rsquo;accueil des enfants des personnels soignants, le Rectorat s&rsquo;assure qu&rsquo;il y ait du mat\u00e9riel \u00e0 disposition et en quantit\u00e9 suffisante (masques, gel hydro-alcoolique, gants, savon, \u2026) et que le nettoyage et la d\u00e9sinfection des locaux soient r\u00e9alis\u00e9s quotidiennement par du personnel lui-m\u00eame b\u00e9n\u00e9ficiant des m\u00eames moyens de protection. <\/em>\u00bb.<\/p>\n\n\n\n<p><strong>Nous vous demandons que les recommandations de cet avis soient mises en \u0153uvre afin d\u2019\u00e9viter des drames<\/strong>, et que toutes les informations en sa possession sur le dossier de la fermeture de l&rsquo;\u00e9cole de Pannes soient donn\u00e9es aux membres du CHSCT Acad\u00e9mique.<\/p>\n\n\n\n<p>Nous nous permettons de rappeler que <strong>d\u00e8s le 11 mars, nous vous avions mis en garde sur les exigences de certains IEN, en particulier dans le Loiret, qui voulaient que les PE soient tous pr\u00e9sents dans les \u00e9coles le lundi 13 mars.<\/strong><\/p>\n\n\n\n<p>Par ailleurs, <strong>nous aimerions que soit \u00e0 l&rsquo;ODJ du prochain CHSCT Acad\u00e9mique la mise en oeuvre dans notre acad\u00e9mie du plan national de lutte contre une pand\u00e9mie grippale \u00e9labor\u00e9 en 2007<\/strong> lors de l\u2019\u00e9pid\u00e9mie de la grippe aviaire et qui pr\u00e9cise : \u00ab <em>L&rsquo;utilisation du masque F.F.P.2. est recommand\u00e9e pour les personnels qui, dans le cadre de leurs activit\u00e9s professionnelles, sont en contact direct avec le public ou ont de nombreux \u00e9changes. [\u2026] Les recteurs d&rsquo;acad\u00e9mie doivent assurer l&rsquo;\u00e9quipement en masques de protection des personnels concern\u00e9s et informer l&rsquo;administration centrale des initiatives qu&rsquo;ils prennent dans ce domaine. Ils communiquent au ministre, au 31 d\u00e9cembre de chaque ann\u00e9e, l&rsquo;\u00e9tat des stocks de masques F.F.P.2. et anti-projections dont ils disposent.<\/em> \u00bb<\/p>\n\n\n\n<h3 class=\"wp-block-heading\">Accueil des enfants de soignants<\/h3>\n\n\n\n<p>Nous renouvelons notre demande que <strong>les recommandations minist\u00e9rielles soient appliqu\u00e9es car apr\u00e8s deux semaines d&rsquo;accueil, l&rsquo;inqui\u00e9tude gagne de plus en plus les personnels volontaires.<\/strong><\/p>\n\n\n\n<p>Ainsi il est bien \u00e9crit dans les FAQ du 25 mars : \u00ab\u00a0<em>Le minist\u00e8re de l\u2019Education nationale accueillera les enfants des professionnels qui n&rsquo;ont pas d&rsquo;autre solution de garde scolaris\u00e9s \u00e0 l\u2019\u00e9cole maternelle, primaire et au coll\u00e8ge dans les lieux de scolarisation habituels.\u00a0\u00bb \u2026\u00a0\u00bb \u00a0\u00bb Les parents concern\u00e9s par ce dispositif doivent \u00e9galement attester sur l&rsquo;honneur qu&rsquo;ils ne disposent d&rsquo;aucune solution de garde.<\/em>\u00ab\u00a0<\/p>\n\n\n\n<p>Vu les grandes difficult\u00e9s pour obtenir le mat\u00e9riel de s\u00e9curit\u00e9 sanitaire (en particulier les masques) et pour la d\u00e9sinfections des locaux, les difficult\u00e9s aussi afin que les \u00e9l\u00e8ves en particulier les plus jeunes respectent les \u00ab\u00a0gestes barri\u00e8re\u00a0\u00bb, nous consid\u00e9rons que ces consignes doivent \u00eatre respect\u00e9es afin de prot\u00e9ger les personnels volontaires et donc leurs familles.<\/p>\n\n\n\n<p>Ainsi pour ne prendre qu&rsquo;un seul exemple (mais d&rsquo;autres PE ont \u00e9t\u00e9 confront\u00e9s \u00e0 des situations de ce type), <strong>est-il normal qu&rsquo;une comptable d&rsquo;un \u00e9tablissement sp\u00e9cialis\u00e9, ayant un conjoint artisan peintre, puisse demander que ses enfants soient accueillis dans une \u00e9cole ?<\/strong><\/p>\n\n\n\n<h3 class=\"wp-block-heading\">Jour de carence<\/h3>\n\n\n\n<p>La loi indique que <strong>les jours de carence (public et priv\u00e9) ne s\u2019appliqueront pas durant la p\u00e9riode de crise sanitaire<\/strong>, \u00e0 compter de la publication de la Loi.<\/p>\n\n\n\n<p>Nous vous avons interrog\u00e9 lors du CHSCT Acad\u00e9mique du 24 mars sur ce probl\u00e8me et vous nous avez r\u00e9pondu qu&rsquo;aucun jour de carence ne serait pr\u00e9lev\u00e9 sur la paie d&rsquo;avril.<\/p>\n\n\n\n<p>Merci de nous confirmer cet engagement et au-del\u00e0 ne pas appliquer le jour de carence pour tous les agents en arr\u00eat maladie depuis la reconnaissance de l\u2019\u00e9pid\u00e9mie dans notre pays.<\/p>\n\n\n\n<h3 class=\"wp-block-heading\">T\u00e9l\u00e9travail<\/h3>\n\n\n\n<p>Lors du CHSCT Acad\u00e9mique, nous n&rsquo;avons pas obtenu de r\u00e9ponse sur le respect des textes concernant le t\u00e9l\u00e9-travail.<\/p>\n\n\n\n<p>Nous rappelons ici quelques articles du d\u00e9cret 2016-151 du 11 f\u00e9vrier 2016 relatif aux conditions et modalit\u00e9s de mise en oeuvre du t\u00e9l\u00e9-travail dans la Fonction publique ( nous pourrions aussi rajouter les articles 7 et 8) :<\/p>\n\n\n\n<ul class=\"wp-block-list\"><li><strong>Article 3 : <\/strong>\u00ab\u00a0<em>La quotit\u00e9 des fonctions pouvant \u00eatre exerc\u00e9es sous la forme du t\u00e9l\u00e9travail ne peut \u00eatre sup\u00e9rieure \u00e0 trois jours par semaine.<\/em>\u00a0\u00bb <strong>soit les 3\/5 d&rsquo;un service.<\/strong><\/li><\/ul>\n\n\n\n<ul class=\"wp-block-list\"><li><strong>Article 5 :<\/strong> \u00ab\u00a0<em>L&rsquo;exercice des fonctions en t\u00e9l\u00e9travail est accord\u00e9 sur demande \u00e9crite de l&rsquo;agent. Celle-ci pr\u00e9cise les modalit\u00e9s d&rsquo;organisation souhait\u00e9es, notamment les jours de la semaine travaill\u00e9s sous cette forme ainsi que le ou les lieux d&rsquo;exercice. Le chef de service, \u2026 appr\u00e9cie la compatibilit\u00e9 de la demande avec la nature des activit\u00e9s exerc\u00e9es, l&rsquo;int\u00e9r\u00eat du service et, lorsque le t\u00e9l\u00e9travail est organis\u00e9 au domicile de l&rsquo;agent, <strong>la conformit\u00e9 des installations aux sp\u00e9cifications techniques pr\u00e9cis\u00e9es par l&#8217;employeur<\/strong>.<\/em>\u00ab\u00a0<\/li><\/ul>\n\n\n\n<ul class=\"wp-block-list\"><li>Article 6 : \u00ab\u00a0<em>Les agents exer\u00e7ant leurs fonctions en t\u00e9l\u00e9travail b\u00e9n\u00e9ficient des m\u00eames droits et obligations que les agents exer\u00e7ant sur leur lieu d&rsquo;affectation. L&#8217;employeur prend en charge les co\u00fbts d\u00e9coulant directement de l&rsquo;exercice des fonctions en t\u00e9l\u00e9travail, notamment le co\u00fbt des mat\u00e9riels, logiciels, abonnements, communications et outils ainsi que de la maintenance de ceux-ci<\/em>.\u00a0\u00bb<\/li><\/ul>\n\n\n\n<p>Nos coll\u00e8gues nous font remonter de nombreux probl\u00e8mes li\u00e9s au dysfonctionnement d&rsquo;Internet, du temps tr\u00e8s important pour la \u00ab\u00a0continuit\u00e9 p\u00e9dagogiques\u00a0\u00bb, \u2026 <strong>Nous demandons le respect de la libert\u00e9 p\u00e9dagogique et la disparition de tout contr\u00f4le tatillon voulant laisser croire, comme l&rsquo;a encore dit hier la porte-parole du gouvernement dans un \u00ab\u00a0cri du coeur\u00a0\u00bb que les enseignants ne travaillent pas.<\/strong><\/p>\n\n\n\n<p><strong>Par ailleurs, des mesures seront-elles arr\u00eat\u00e9es pour prendre en charge tout ou partie des frais engag\u00e9 par les agents dans le cadre du recours au t\u00e9l\u00e9travail ?<\/strong><\/p>\n\n\n\n<p>Enfin, <strong>nous attirons votre attention sur la situation des directeurs d&rsquo;\u00e9cole<\/strong>, pour l&rsquo;immense majorit\u00e9 en charge d&rsquo;une classe, qui doivent assumer l&rsquo;accueil des enfants de soignants et le lien avec les familles, et en t\u00e9l\u00e9-travail la \u00ab\u00a0continuit\u00e9 p\u00e9dagogique\u00a0\u00bb avec leurs \u00e9l\u00e8ves et les multiples t\u00e2ches de direction : <strong>nous demandons que ces derni\u00e8res sont particuli\u00e8rement limit\u00e9es, que la question des passages dans la classe sup\u00e9rieure soit renvoy\u00e9e \u00e0 la fin du semestre, que les proc\u00e9dures d&rsquo;Affelnet soient repouss\u00e9es \u00e0 la reprise des cours.<\/strong><\/p>\n\n\n\n<p>Persuad\u00e9 de l&rsquo;attention que vous porterez \u00e0 ce courrier, nous vous prions de croire, Madame la Rectrice, \u00e0 notre parfaite consid\u00e9ration.<\/p>\n\n\n\n<p class=\"has-text-align-right\">Monsieur Moquette, coordinateur acad\u00e9mique FNEC FP FO, membre du CHSCT A<\/p>\n<a class=\"synved-social-button synved-social-button-share synved-social-size-32 synved-social-resolution-single synved-social-provider-facebook nolightbox\" data-provider=\"facebook\" target=\"_blank\" rel=\"nofollow\" title=\"Faites le savoir \u00e0 vos amis via Facebook \" href=\"https:\/\/www.facebook.com\/sharer.php?u=https%3A%2F%2Fsnudifo37.fr%2Findex.php%2Fwp-json%2Fwp%2Fv2%2Fposts%2F2021&#038;t=Lettre%20de%20la%20FNEC%20FP%20FO%20%C3%A0%20Madame%20La%20Rectrice%20de%20l%E2%80%99Acad%C3%A9mie%20d%E2%80%99Orl%C3%A9ans%20Tours%2C%20le%2026%20mars%202020&#038;s=100&#038;p&#091;url&#093;=https%3A%2F%2Fsnudifo37.fr%2Findex.php%2Fwp-json%2Fwp%2Fv2%2Fposts%2F2021&#038;p&#091;images&#093;&#091;0&#093;=&#038;p&#091;title&#093;=Lettre%20de%20la%20FNEC%20FP%20FO%20%C3%A0%20Madame%20La%20Rectrice%20de%20l%E2%80%99Acad%C3%A9mie%20d%E2%80%99Orl%C3%A9ans%20Tours%2C%20le%2026%20mars%202020\" style=\"font-size: 0px;width:32px;height:32px;margin:0;margin-bottom:20px;margin-right:20px\"><img loading=\"lazy\" decoding=\"async\" alt=\"Facebook\" title=\"Faites le savoir \u00e0 vos amis via Facebook \" class=\"synved-share-image synved-social-image synved-social-image-share\" width=\"32\" height=\"32\" style=\"display: inline;width:32px;height:32px;margin: 0;padding: 0;border: none;box-shadow: none\" src=\"https:\/\/snudifo37.fr\/wp-content\/plugins\/social-media-feather\/synved-social\/image\/social\/regular\/64x64\/facebook.png\" \/><\/a><a class=\"synved-social-button synved-social-button-share synved-social-size-32 synved-social-resolution-single synved-social-provider-twitter nolightbox\" data-provider=\"twitter\" target=\"_blank\" rel=\"nofollow\" title=\"Informez-en vos amis via Twitter\" href=\"https:\/\/twitter.com\/intent\/tweet?url=https%3A%2F%2Fsnudifo37.fr%2Findex.php%2Fwp-json%2Fwp%2Fv2%2Fposts%2F2021&#038;text=Le%20Snudi-Fo%20vous%20informe%3A\" style=\"font-size: 0px;width:32px;height:32px;margin:0;margin-bottom:20px;margin-right:20px\"><img loading=\"lazy\" decoding=\"async\" alt=\"twitter\" title=\"Informez-en vos amis via Twitter\" class=\"synved-share-image synved-social-image synved-social-image-share\" width=\"32\" height=\"32\" style=\"display: inline;width:32px;height:32px;margin: 0;padding: 0;border: none;box-shadow: none\" src=\"https:\/\/snudifo37.fr\/wp-content\/plugins\/social-media-feather\/synved-social\/image\/social\/regular\/64x64\/twitter.png\" \/><\/a><a class=\"synved-social-button synved-social-button-share synved-social-size-32 synved-social-resolution-single synved-social-provider-mail nolightbox\" data-provider=\"mail\" rel=\"nofollow\" title=\"Les derni\u00e8res informations du Snudi-Fo 37\" href=\"mailto:?subject=Lettre%20de%20la%20FNEC%20FP%20FO%20%C3%A0%20Madame%20La%20Rectrice%20de%20l%E2%80%99Acad%C3%A9mie%20d%E2%80%99Orl%C3%A9ans%20Tours%2C%20le%2026%20mars%202020&#038;body=Le%20Snudi-Fo%20vous%20informe%3A:%20https%3A%2F%2Fsnudifo37.fr%2Findex.php%2Fwp-json%2Fwp%2Fv2%2Fposts%2F2021\" style=\"font-size: 0px;width:32px;height:32px;margin:0;margin-bottom:20px\"><img loading=\"lazy\" decoding=\"async\" alt=\"mail\" title=\"Les derni\u00e8res informations du Snudi-Fo 37\" class=\"synved-share-image synved-social-image synved-social-image-share\" width=\"32\" height=\"32\" style=\"display: inline;width:32px;height:32px;margin: 0;padding: 0;border: none;box-shadow: none\" src=\"https:\/\/snudifo37.fr\/wp-content\/plugins\/social-media-feather\/synved-social\/image\/social\/regular\/64x64\/mail.png\" \/><\/a>","protected":false},"excerpt":{"rendered":"<p>La FNEC FP FO \u00e9crit \u00e0 la Rectrice pour demander le respect des mesures de protection et de sant\u00e9 des personnels, mais aussi pour l&rsquo;interpeller sur le jour de carence, le t\u00e9l\u00e9travail et la situation des directeurs d&rsquo;\u00e9cole.<\/p>\n","protected":false},"author":1,"featured_media":0,"comment_status":"closed","ping_status":"closed","sticky":false,"template":"","format":"standard","meta":{"footnotes":""},"categories":[42,531,7],"tags":[150,490,53,519,553,358,243,128,532,518,31,495,273,582,581,378,517],"class_list":["post-2021","post","type-post","status-publish","format-standard","hentry","category-audience","category-epidemie-coronavirus","category-syndicat","tag-150","tag-coronavirus","tag-courrier","tag-covid-19","tag-crise-sanitaire","tag-directeur","tag-directeurs","tag-direction","tag-enfants-de-soignants","tag-epidemie","tag-fnec-fp-fo","tag-jour-de-carence","tag-lettre","tag-liberte-pedagogique","tag-pannes","tag-rectrice","tag-teletravail"],"_links":{"self":[{"href":"https:\/\/snudifo37.fr\/index.php\/wp-json\/wp\/v2\/posts\/2021","targetHints":{"allow":["GET"]}}],"collection":[{"href":"https:\/\/snudifo37.fr\/index.php\/wp-json\/wp\/v2\/posts"}],"about":[{"href":"https:\/\/snudifo37.fr\/index.php\/wp-json\/wp\/v2\/types\/post"}],"author":[{"embeddable":true,"href":"https:\/\/snudifo37.fr\/index.php\/wp-json\/wp\/v2\/users\/1"}],"replies":[{"embeddable":true,"href":"https:\/\/snudifo37.fr\/index.php\/wp-json\/wp\/v2\/comments?post=2021"}],"version-history":[{"count":1,"href":"https:\/\/snudifo37.fr\/index.php\/wp-json\/wp\/v2\/posts\/2021\/revisions"}],"predecessor-version":[{"id":2022,"href":"https:\/\/snudifo37.fr\/index.php\/wp-json\/wp\/v2\/posts\/2021\/revisions\/2022"}],"wp:attachment":[{"href":"https:\/\/snudifo37.fr\/index.php\/wp-json\/wp\/v2\/media?parent=2021"}],"wp:term":[{"taxonomy":"category","embeddable":true,"href":"https:\/\/snudifo37.fr\/index.php\/wp-json\/wp\/v2\/categories?post=2021"},{"taxonomy":"post_tag","embeddable":true,"href":"https:\/\/snudifo37.fr\/index.php\/wp-json\/wp\/v2\/tags?post=2021"}],"curies":[{"name":"wp","href":"https:\/\/api.w.org\/{rel}","templated":true}]}}