{"id":2015,"date":"2020-03-28T12:19:19","date_gmt":"2020-03-28T11:19:19","guid":{"rendered":"http:\/\/snudifo37.fr\/?p=2015"},"modified":"2020-03-28T12:22:37","modified_gmt":"2020-03-28T11:22:37","slug":"etat-durgence-sanitaire-ce-gouvernement-est-il-en-guerre-contre-le-coronavirus-ou-contre-les-droits-des-salarie-es","status":"publish","type":"post","link":"https:\/\/snudifo37.fr\/index.php\/2020\/03\/28\/etat-durgence-sanitaire-ce-gouvernement-est-il-en-guerre-contre-le-coronavirus-ou-contre-les-droits-des-salarie-es\/","title":{"rendered":"ETAT D\u2019URGENCE SANITAIRE : CE GOUVERNEMENT EST-IL \u00ab EN GUERRE \u00bb CONTRE LE CORONAVIRUS OU CONTRE LES DROITS DES SALARI\u00c9-ES ?"},"content":{"rendered":"\n<div class=\"wp-block-image\"><figure class=\"aligncenter size-large is-resized\"><img loading=\"lazy\" decoding=\"async\" src=\"http:\/\/snudifo37.fr\/wp-content\/uploads\/2019\/12\/Intersyndicale-37.jpg\" alt=\"\" class=\"wp-image-1342\" width=\"656\" height=\"110\"\/><\/figure><\/div>\n\n\n\n<p>C\u2019est pourquoi nos organisations syndicales d\u00e9partementales rejettent la loi relative \u00e0 l\u2019 \u00ab \u00e9tat d\u2019urgence sanitaire \u00bb adopt\u00e9e par l\u2019Assembl\u00e9e nationale : cette loi ne prend aucune mesure destin\u00e9e \u00e0 fabriquer en urgence des stocks massifs de masques FFP2, aucune mesure pour ouvrir des lits de r\u00e9animation et de soins intensifs dans les h\u00f4pitaux, aucune mesure pour organiser le d\u00e9pistage syst\u00e9matique comme c\u2019est le cas dans d\u2019autres pays.<\/p>\n\n\n\n<p>En revanche, cette loi a permis d\u2019habiliter le gouvernement \u00e0 l\u00e9gif\u00e9rer par ordonnances pour remettre en cause les droits et libert\u00e9s des salari\u00e9s pour une dur\u00e9e ind\u00e9termin\u00e9e, notamment en mati\u00e8re de cong\u00e9s pay\u00e9s, de r\u00e9duction du temps de travail, de repos hebdomadaire ou de libert\u00e9?de r\u00e9union. Ce ne sont pas moins de 25 ordonnances prises en conseil des ministres ce mercredi, du jamais vu !<\/p>\n\n\n\n<p>Pour nos organisations d\u00e9partementales, cette loi est et demeure inacceptable ! Elles s\u2019inqui\u00e8tent de la d\u00e9gradation des libert\u00e9s publiques, avec le durcissement des conditions de d\u00e9placement, la mise en place de couvre-feux et le renforcement des sanctions. Un nouveau cran est franchi apr\u00e8s la promulgation de la loi dite anti-casseurs et les mesures d\u2019\u00e9tat d\u2019urgence qui sont dor\u00e9navant contenue dans la loi ordinaire, nous assistons \u00e0 une d\u00e9rive de plus en plus autoritaire de l\u2019ex\u00e9cutif gouvernemental.<\/p>\n\n\n\n<p>Les Unions d\u00e9partementales condamnent les mensonges du ministre de la Sant\u00e9 lorsqu\u2019il d\u00e9clare, mardi 17 mars, sur France inter : \u00ab <em>Nous avons assez de masques aujourd\u2019hui pour permettre aux soignants d\u2019\u00eatre arm\u00e9s face \u00e0 la maladie et de soigner les malades.<\/em> \u00bb. C\u2019est faux, et les professionnel-les de sant\u00e9 le subissent, jour apr\u00e8s jour, \u00e0 leur d\u00e9pens.<\/p>\n\n\n\n<p>Faute de disposer de masques FFP2 en nombre suffisant, le nombre de personnels soignants affect\u00e9s par le COVID-19 ne cessent d\u2019augmenter inexorablement, c\u2019est insupportable ! La v\u00e9rit\u00e9 est que nous assistons \u00e0 un v\u00e9ritable scandale d\u2019\u00c9tat, o\u00f9 les recommandations m\u00e9dicales s\u2019ajustent aux contraintes \u00e9conomiques.<\/p>\n\n\n\n<p>Depuis quelques jours, les services publics sont m\u00eame par\u00e9s de vertus, alors qu\u2019ils \u00e9taient d\u00e9consid\u00e9r\u00e9s et vou\u00e9s aux privatisations ou au d\u00e9mant\u00e8lement. Dans leurs diverses interventions, le Pr\u00e9sident de la R\u00e9publique et les diff\u00e9rents membres du gouvernement osent rendre hommage aux personnels m\u00e9dicaux, apr\u00e8s les avoir m\u00e9pris\u00e9s et m\u00eame gaz\u00e9s \u00e0 l\u2019occasion des gr\u00e8ves qui se sont d\u00e9roul\u00e9es ces derniers mois. Le gouvernement octroie des dizaines de milliards d\u2019euros aux employeurs pour faire face \u00e0 la crise sanitaire actuelle, alors que le Pr\u00e9sident Macron dans sa derni\u00e8re allocution, promet \u00e0 qui veut bien l\u2019entendre un plan massif pour l\u2019h\u00f4pital sit\u00f4t la crise derri\u00e8re nous, promis, jur\u00e9 la main sur le c\u0153ur !<\/p>\n\n\n\n<p>Nos organisations syndicales r\u00e9affirment que le moyen le plus efficace pour conjurer la catastrophe sanitaire annonc\u00e9e, c\u2019est bien \u00e9videmment de respecter les gestes barri\u00e8res, MAIS c\u2019est aussi et surtout de r\u00e9tablir tout de suite les lits qui ont \u00e9t\u00e9 supprim\u00e9s depuis des ann\u00e9es et par ce gouvernement encore, de cr\u00e9er sans attendre les<\/p>\n\n\n\n<p>postes de m\u00e9decins, infirmi\u00e8res, soignant-es et non-soignant-es n\u00e9cessaires \u00e0 la prise en charge de tous les patient-es (celles et ceux atteint-es du Covid-19 et les autres), de doter tous les personnels hospitaliers des masques FFP2 indispensables \u00e0 leur protection et de revaloriser le point d\u2019indice de mani\u00e8re significative.<\/p>\n\n\n\n<p>A ce titre, les Unions d\u00e9partementales rappellent que ce sont les agent-es des \u00ab r\u00e9gimes sp\u00e9ciaux \u00bb, agent-es de la Fonction publique et salari\u00e9-es qui ont des missions de service public (soignant-es en premier lieu, \u00e9nergie, transports publics, enseignement, forces de police, services sociaux, administration p\u00e9nitentiaire, ramassage des d\u00e9chets\u2026 ) qui sont en premi\u00e8re ligne et doivent assumer ces missions le plus souvent et \u00e0 nouveau sans aucune protection (masque, gants, gels).<\/p>\n\n\n\n<p>Elles rappellent que beaucoup de ces m\u00e9tiers sont f\u00e9minis\u00e9s alors que les femmes ont les salaires les plus bas et qu\u2019elles sont les grandes perdantes de la \u00ab r\u00e9forme \u00bb des retraites.Dans cette situation, les salari\u00e9-es de nombreux secteurs sont elles et eux aussi confront\u00e9-es au refus, de l\u2019\u00c9tat, des collectivit\u00e9s territoriales et des employeurs de prendre les mesures de protection qui s&rsquo;imposent, \u00e0 tel point qu&rsquo;ils et elles font valoir leur droit de retrait et qu&rsquo;ils et elles exigent la fermeture de l&rsquo;entreprise ou du service public quand ils et elles le jugent indispensable pour leur s\u00e9curit\u00e9?<br> <\/p>\n\n\n\n<p>Nos unions d\u00e9partementales sont aux cot\u00e9s de toutes les structures syndicales qui interviennent dans des conditions tr\u00e8s difficiles pour faire respecter le droit du travail et soutiennent les salari\u00e9-es qui d\u00e9cident de se mettre en gr\u00e8ve pour d\u00e9fendre leurs droits ou d\u2019exercer leur droit d\u2019alerte ou\/et de retrait.<\/p>\n\n\n\n<p>Les UD CGT, FO, FSU et Solidaires 37 d\u00e9noncent la volont\u00e9?du patronat de tenter de mettre au pas les salari\u00e9-es, en r\u00e9digeant un \u00ab guide de bonnes pratiques \u00bb \u00e0 mettre en \u0153uvre dans les entreprises, qui serait soumis \u00e0 l\u2019aval des organisations syndicales.<\/p>\n\n\n\n<p>Si certains appellent de leurs v\u0153ux \u00e0 \u00ab l\u2019Union Sacr\u00e9e \u00bb avec le gouvernement ou le patronat, nous r\u00e9affirmons, pour notre part, que nous ne participerons d\u2019aucun dispositif qui viserait \u00e0 nous transformer en auxiliaire charg\u00e9 de mettre en \u0153uvre une nouvelle d\u00e9gradation des droits et protections de l\u2019ensemble des salari\u00e9-es. Dans cette p\u00e9riode, les r\u00f4les respectifs des organisations syndicales et des Institutions repr\u00e9sentatives du personnel doivent \u00eatre maintenus et respect\u00e9s. Nous appelons toutes nos structures \u00e0 \u00eatre vigilantes sur ce respect par les employeurs. Nous ne serons pas les subsidiaires d\u2019un nouveau type de corporatisme, et entendons pr\u00e9server et d\u00e9fendre la libert\u00e9 et l\u2019ind\u00e9pendance syndicale.<\/p>\n\n\n\n<p>Apr\u00e8s avoir annonc\u00e9 le report de la \u00ab r\u00e9forme \u00bb de l\u2019assurance ch\u00f4mage ainsi que le report de la \u00ab r\u00e9forme \u00bb des retraites, le gouvernement vient d\u2019annoncer la suspension du jour de carence. Nos organisations d\u00e9partementales tiennent \u00e0 rappeler qu\u2019elles exigent, non pas le report ou la suspension de toutes ces contre-r\u00e9formes, mais leur retrait pur et simple.<\/p>\n\n\n\n<p>Les Unions d\u00e9partementales CGT, FO, FSU et Solidaires d\u2019Indre et Loire restent, malgr\u00e9 la crise sanitaire et le confinement, mobilis\u00e9es pour faire face, en responsabilit\u00e9 sur le terrain de la d\u00e9fense des int\u00e9r\u00eats des salari\u00e9-es<br> et de la population, \u00e0 cette crise sanitaire sans pr\u00e9c\u00e9dent. Elles revendiquent et d\u00e9fendent les mesures d&rsquo;urgence suivantes (avec les moyens financiers n\u00e9cessaires) :<\/p>\n\n\n\n<ul class=\"wp-block-list\"><li>R\u00e9quisition des secteurs \u00e9conomiques et logistiques pour produire et fournir les mat\u00e9riels de protection (gants, gel, masques, surblouses), les respirateurs, les tests de d\u00e9pistage, et tout autre mat\u00e9riel indispensable.<\/li><li>Pour la sant\u00e9, le social et le m\u00e9dicosocial : Recrutement imm\u00e9diat et sous statut de personnels suppl\u00e9mentaires et r\u00e9ouverture de toutes les places et les lits n\u00e9cessaires, maintien des salaires et des r\u00e9mun\u00e9rations pour toutes les absences li\u00e9es \u00e0 la crise,<\/li><li>Pour les entreprises et les services publics : Mise \u00e0 l&rsquo;arr\u00eat de tous les secteurs non vitaux, non n\u00e9cessaires pour lutter contre l&rsquo;\u00e9pid\u00e9mie.<\/li><li>Maintien int\u00e9gral des salaires et revenus pour tous les salari\u00e9s. Indemnisation \u00e0 100% du ch\u00f4mage partiel.<\/li><li> Interdiction des licenciements et de sanctions contre celles et ceux qui utilisent le droit de retrait.<\/li><li>Exemption du travail, sans perte de salaire, pour tous les salari\u00e9-es consid\u00e9r\u00e9s comme vuln\u00e9rables.<\/li><li>Mesures exceptionnelles pour garantir le maintien des revenus pour les pr\u00e9caires, les intermittent-es, les uberis\u00e9-es.<\/li><li>R\u00e9quisition des logements vides pour prot\u00e9ger tous les sans-logis, les migrant-es\u2026 <\/li><\/ul>\n\n\n\n<p>Nos organisations restent vigilantes et alertent sur la sortie de cette crise pour que \u00e0 la fois les libert\u00e9s, les droits des travailleurs et travailleuses soient pr\u00e9serv\u00e9s et que ce ne soient pas les salari\u00e9s qui payent la crise financi\u00e8re qui voit le jour<\/p>\n\n\n\n<p class=\"has-text-align-right\"><em>Saint-Avertin, le 26 mars 2020<\/em><\/p>\n<a class=\"synved-social-button synved-social-button-share synved-social-size-32 synved-social-resolution-single synved-social-provider-facebook nolightbox\" data-provider=\"facebook\" target=\"_blank\" rel=\"nofollow\" title=\"Faites le savoir \u00e0 vos amis via Facebook \" href=\"https:\/\/www.facebook.com\/sharer.php?u=https%3A%2F%2Fsnudifo37.fr%2Findex.php%2Fwp-json%2Fwp%2Fv2%2Fposts%2F2015&#038;t=ETAT%20D%E2%80%99URGENCE%20SANITAIRE%20%3A%20CE%20GOUVERNEMENT%20EST-IL%20%C2%AB%20EN%20GUERRE%20%C2%BB%20CONTRE%20LE%20CORONAVIRUS%20OU%20CONTRE%20LES%20DROITS%20DES%20SALARI%C3%89-ES%20%3F&#038;s=100&#038;p&#091;url&#093;=https%3A%2F%2Fsnudifo37.fr%2Findex.php%2Fwp-json%2Fwp%2Fv2%2Fposts%2F2015&#038;p&#091;images&#093;&#091;0&#093;=https%3A%2F%2Fsnudifo37.fr%2Fwp-content%2Fuploads%2F2020%2F03%2FCommuniqu%C3%A9Site-380x252-1.png&#038;p&#091;title&#093;=ETAT%20D%E2%80%99URGENCE%20SANITAIRE%20%3A%20CE%20GOUVERNEMENT%20EST-IL%20%C2%AB%20EN%20GUERRE%20%C2%BB%20CONTRE%20LE%20CORONAVIRUS%20OU%20CONTRE%20LES%20DROITS%20DES%20SALARI%C3%89-ES%20%3F\" style=\"font-size: 0px;width:32px;height:32px;margin:0;margin-bottom:20px;margin-right:20px\"><img loading=\"lazy\" decoding=\"async\" alt=\"Facebook\" title=\"Faites le savoir \u00e0 vos amis via Facebook \" class=\"synved-share-image synved-social-image synved-social-image-share\" width=\"32\" height=\"32\" style=\"display: inline;width:32px;height:32px;margin: 0;padding: 0;border: none;box-shadow: none\" src=\"https:\/\/snudifo37.fr\/wp-content\/plugins\/social-media-feather\/synved-social\/image\/social\/regular\/64x64\/facebook.png\" \/><\/a><a class=\"synved-social-button synved-social-button-share synved-social-size-32 synved-social-resolution-single synved-social-provider-twitter nolightbox\" data-provider=\"twitter\" target=\"_blank\" rel=\"nofollow\" title=\"Informez-en vos amis via Twitter\" href=\"https:\/\/twitter.com\/intent\/tweet?url=https%3A%2F%2Fsnudifo37.fr%2Findex.php%2Fwp-json%2Fwp%2Fv2%2Fposts%2F2015&#038;text=Le%20Snudi-Fo%20vous%20informe%3A\" style=\"font-size: 0px;width:32px;height:32px;margin:0;margin-bottom:20px;margin-right:20px\"><img loading=\"lazy\" decoding=\"async\" alt=\"twitter\" title=\"Informez-en vos amis via Twitter\" class=\"synved-share-image synved-social-image synved-social-image-share\" width=\"32\" height=\"32\" style=\"display: inline;width:32px;height:32px;margin: 0;padding: 0;border: none;box-shadow: none\" src=\"https:\/\/snudifo37.fr\/wp-content\/plugins\/social-media-feather\/synved-social\/image\/social\/regular\/64x64\/twitter.png\" \/><\/a><a class=\"synved-social-button synved-social-button-share synved-social-size-32 synved-social-resolution-single synved-social-provider-mail nolightbox\" data-provider=\"mail\" rel=\"nofollow\" title=\"Les derni\u00e8res informations du Snudi-Fo 37\" href=\"mailto:?subject=ETAT%20D%E2%80%99URGENCE%20SANITAIRE%20%3A%20CE%20GOUVERNEMENT%20EST-IL%20%C2%AB%20EN%20GUERRE%20%C2%BB%20CONTRE%20LE%20CORONAVIRUS%20OU%20CONTRE%20LES%20DROITS%20DES%20SALARI%C3%89-ES%20%3F&#038;body=Le%20Snudi-Fo%20vous%20informe%3A:%20https%3A%2F%2Fsnudifo37.fr%2Findex.php%2Fwp-json%2Fwp%2Fv2%2Fposts%2F2015\" style=\"font-size: 0px;width:32px;height:32px;margin:0;margin-bottom:20px\"><img loading=\"lazy\" decoding=\"async\" alt=\"mail\" title=\"Les derni\u00e8res informations du Snudi-Fo 37\" class=\"synved-share-image synved-social-image synved-social-image-share\" width=\"32\" height=\"32\" style=\"display: inline;width:32px;height:32px;margin: 0;padding: 0;border: none;box-shadow: none\" src=\"https:\/\/snudifo37.fr\/wp-content\/plugins\/social-media-feather\/synved-social\/image\/social\/regular\/64x64\/mail.png\" \/><\/a>","protected":false},"excerpt":{"rendered":"<p>Pour l\u2019intersyndicale CGT, FO, FSU, Solidaires 37 l&rsquo;urgence absolue est de prot\u00e9ger les<br \/>\nsalari\u00e9-es, la population&#8230;pas de d\u00e9r\u00e9glementer le travail !<\/p>\n","protected":false},"author":1,"featured_media":1967,"comment_status":"closed","ping_status":"closed","sticky":false,"template":"","format":"standard","meta":{"footnotes":""},"categories":[531,7],"tags":[150,490,519,553,563,482,564,307,47,296,523],"class_list":["post-2015","post","type-post","status-publish","format-standard","has-post-thumbnail","hentry","category-epidemie-coronavirus","category-syndicat","tag-150","tag-coronavirus","tag-covid-19","tag-crise-sanitaire","tag-droit-du-travail","tag-droits","tag-etat-d-urgence","tag-intersyndical","tag-intersyndicale","tag-salaries","tag-sante-des-personnels"],"_links":{"self":[{"href":"https:\/\/snudifo37.fr\/index.php\/wp-json\/wp\/v2\/posts\/2015","targetHints":{"allow":["GET"]}}],"collection":[{"href":"https:\/\/snudifo37.fr\/index.php\/wp-json\/wp\/v2\/posts"}],"about":[{"href":"https:\/\/snudifo37.fr\/index.php\/wp-json\/wp\/v2\/types\/post"}],"author":[{"embeddable":true,"href":"https:\/\/snudifo37.fr\/index.php\/wp-json\/wp\/v2\/users\/1"}],"replies":[{"embeddable":true,"href":"https:\/\/snudifo37.fr\/index.php\/wp-json\/wp\/v2\/comments?post=2015"}],"version-history":[{"count":3,"href":"https:\/\/snudifo37.fr\/index.php\/wp-json\/wp\/v2\/posts\/2015\/revisions"}],"predecessor-version":[{"id":2019,"href":"https:\/\/snudifo37.fr\/index.php\/wp-json\/wp\/v2\/posts\/2015\/revisions\/2019"}],"wp:featuredmedia":[{"embeddable":true,"href":"https:\/\/snudifo37.fr\/index.php\/wp-json\/wp\/v2\/media\/1967"}],"wp:attachment":[{"href":"https:\/\/snudifo37.fr\/index.php\/wp-json\/wp\/v2\/media?parent=2015"}],"wp:term":[{"taxonomy":"category","embeddable":true,"href":"https:\/\/snudifo37.fr\/index.php\/wp-json\/wp\/v2\/categories?post=2015"},{"taxonomy":"post_tag","embeddable":true,"href":"https:\/\/snudifo37.fr\/index.php\/wp-json\/wp\/v2\/tags?post=2015"}],"curies":[{"name":"wp","href":"https:\/\/api.w.org\/{rel}","templated":true}]}}