{"id":1928,"date":"2020-03-16T20:45:35","date_gmt":"2020-03-16T19:45:35","guid":{"rendered":"http:\/\/snudifo37.fr\/?p=1928"},"modified":"2020-03-16T20:45:49","modified_gmt":"2020-03-16T19:45:49","slug":"compte-rendu-de-la-reunion-speciale-coronavirus-a-la-fonction-publique-le-16-mars-2020","status":"publish","type":"post","link":"https:\/\/snudifo37.fr\/index.php\/2020\/03\/16\/compte-rendu-de-la-reunion-speciale-coronavirus-a-la-fonction-publique-le-16-mars-2020\/","title":{"rendered":"Compte rendu de la r\u00e9union sp\u00e9ciale Coronavirus \u00e0 la fonction publique le 16 mars 2020"},"content":{"rendered":"\n<p>Une r\u00e9union sp\u00e9ciale coronavirus s\u2019est tenue \u00e0 Bercy pour les trois versants de la Fonction Publique. Elle \u00e9tait pr\u00e9sid\u00e9e par Olivier Dussopt, Secr\u00e9taire d\u2019Etat.<\/p>\n\n\n\n<p>Nous avons lu une d\u00e9claration intersyndicale que vous retrouverez ci-jointe, demandant notamment :<\/p>\n\n\n\n<ul class=\"wp-block-list\"><li>Le respect de l\u2019annonce faite par le secr\u00e9taire d\u2019Etat lors du dernier Conseil sup\u00e9rieur de la fonction publique sur la suppression du jour de carence pour les agents qui ont contract\u00e9 le COVID 19.<\/li><li>La publication d\u2019un d\u00e9cret Fonction Publique pour contraindre par la l\u00e9gislation, quels que soient les employeurs et le versant, \u00e0 appliquer la circulaire de la DGAFP sur le coronavirus.<\/li><li>L&rsquo;arr\u00eat ou a minima un moratoire sur l&rsquo;ensemble des restructurations et des r\u00e9organisations des services de l&rsquo;Etat, territoriaux et hospitaliers.<\/li><\/ul>\n\n\n\n<p>Le Secr\u00e9taire d&rsquo;Etat nous a r\u00e9pondu sur plusieurs points :<\/p>\n\n\n\n<h3 class=\"wp-block-heading\">Le jour de carence<\/h3>\n\n\n\n<p>Il a dit qu&rsquo;il \u00ab fermerait les yeux \u00bb sur les employeurs qui n&rsquo;appliqueraient pas le jour de carence dans cette p\u00e9riode plus qu&rsquo;exceptionnelle.<\/p>\n\n\n\n<p>Par ailleurs, il chercherait une solution l\u00e9gislative pour supprimer le jour de carence avec un effet r\u00e9troactif.<\/p>\n\n\n\n<p>FO fonction publique a rappel\u00e9 le caract\u00e8re exceptionnel de la situation ainsi que le d\u00e9vouement et le professionnalisme des fonctionnaires malgr\u00e9 le manque de moyen r\u00e9current pour faire face \u00e0 cette crise sanitaire d&rsquo;importance. Les r\u00e9ponses doivent \u00eatre \u00e0 la hauteur des enjeux, \u00e0 situation exceptionnelle, r\u00e9ponse exceptionnelle. Il n\u2019est pas question de \u00ab fermer les yeux \u00bb.<\/p>\n\n\n\n<p>La suppression de ce jour de carence serait une r\u00e9ponse forte, attendue par l&rsquo;ensemble des personnels qui rendent op\u00e9rationnel le service public, lui-m\u00eame malade depuis des ann\u00e9es de r\u00e9formes budg\u00e9taires et purement comptables.<\/p>\n\n\n\n<p>Le secr\u00e9taire d&rsquo;\u00e9tat est rest\u00e9 sur sa position initiale et n&rsquo;a pas souhait\u00e9 s&rsquo;engager plus dans cette voie.<\/p>\n\n\n\n<p class=\"has-medium-font-size\"><strong>De fait, FO Fonction Publique a saisi ce jour le Premier ministre. Elle exhorte les employeurs publics \u00e0 ne pas appliquer ce jour de<br> carence !<\/strong><\/p>\n\n\n\n<p class=\"has-medium-font-size\"><strong>Les repr\u00e9sentants des employeurs des trois versants de la Fonction publique ont indiqu\u00e9 au ministre \u00eatre en plein accord avec la d\u00e9cision,de ne pas appliquer le jour de carence.<\/strong><\/p>\n\n\n\n<p><strong>L &lsquo;\u00e9laboration d&rsquo;un texte \u00e0 l&rsquo;instar du d\u00e9cret du 21 janvier 2020 publi\u00e9 pour le secteur priv\u00e9 sur les mesures \u00e0 mettre en \u0153uvre dans cette crise sanitaire :<\/strong><\/p>\n\n\n\n<p>Le secr\u00e9taire d&rsquo;Etat a refus\u00e9 de transformer sa circulaire en d\u00e9cret, en expliquant qu&rsquo;une circulaire a la valeur d&rsquo;instruction et de recommandation et non d\u2019obligation d\u2019application \u00e0 la lettre.<\/p>\n\n\n\n<p>De plus, il ajoutera que les femmes enceintes seront \u00e9ligibles \u00e0 l&rsquo;application d&rsquo;ASA (autorisation sp\u00e9ciale d&rsquo;absence) pour pr\u00e9server la sant\u00e9 de ces personnels comme ceux ayant des pathologies chronique ou aigues.<\/p>\n\n\n\n<h3 class=\"wp-block-heading\">R\u00e9mun\u00e9ration<\/h3>\n\n\n\n<p>Le Secr\u00e9taire d&rsquo;Etat a annonc\u00e9 qu&rsquo;il donnera instruction \u00e0 l&rsquo;ensemble des employeurs pour que indiciaire et l&rsquo;ensemble du r\u00e9gime indemnitaire soient maintenus en totalit\u00e9 dans le cadre de cette crise sanitaire lorsque l&rsquo;agent est en confinement.<\/p>\n\n\n\n<h3 class=\"wp-block-heading\">R\u00e9union<\/h3>\n\n\n\n<p>Toutes les r\u00e9unions Fonction Publique sont annul\u00e9es jusqu&rsquo;\u00e0 nouvel ordre, les \u00e9changes sur cette crise sanitaire se feront de mani\u00e8re d\u00e9mat\u00e9rialis\u00e9e ou sous forme de visioconf\u00e9rence.<\/p>\n\n\n\n<h3 class=\"wp-block-heading\">Concours<\/h3>\n\n\n\n<p>L&rsquo;ensemble des concours sont ajourn\u00e9s.<\/p>\n\n\n\n<h3 class=\"wp-block-heading\">Garde d&rsquo;enfant<\/h3>\n\n\n\n<p>Les personnels indispensables dans le cadre de la gestion de cette crise sanitaire verront leurs enfants gard\u00e9s par les structures habituelles.<\/p>\n\n\n\n<p><strong>Les cr\u00e8ches et \u00e9coles auront une d\u00e9rogation pour accueillir les enfants des agents concern\u00e9s<\/strong>. Dans tous les cas, une solution de garderie leur sera propos\u00e9e.<\/p>\n\n\n\n<p>Le secr\u00e9taire d&rsquo;Etat n&rsquo;a pas apport\u00e9 toutes les r\u00e9ponses \u00e0 nos questions, mais s&rsquo;est engag\u00e9 \u00e0 y r\u00e9pondre dans le temps et en fonction de l&rsquo;\u00e9volution de cette crise sanitaire difficile.<\/p>\n\n\n\n<p>Alors que le Premier ministre s\u2019est engag\u00e9 \u00e0 tout mettre en \u0153uvre, \u00ab <em>quel qu\u2019en soit le co\u00fbt<\/em> \u00bb pour r\u00e9duire la pand\u00e9mie. Le Secr\u00e9taire d\u2019Etat est bien timide sur les v\u00e9ritables mesures l\u00e9gislatives et r\u00e9glementaires \u00e0 prendre en compte.<\/p>\n\n\n\n<p class=\"has-text-align-right\"><em>Fait \u00e0 PARIS, le 16 mars 2020<\/em><\/p>\n<a class=\"synved-social-button synved-social-button-share synved-social-size-32 synved-social-resolution-single synved-social-provider-facebook nolightbox\" data-provider=\"facebook\" target=\"_blank\" rel=\"nofollow\" title=\"Faites le savoir \u00e0 vos amis via Facebook \" href=\"https:\/\/www.facebook.com\/sharer.php?u=https%3A%2F%2Fsnudifo37.fr%2Findex.php%2Fwp-json%2Fwp%2Fv2%2Fposts%2F1928&#038;t=Compte%20rendu%20de%20la%20r%C3%A9union%20sp%C3%A9ciale%20Coronavirus%20%C3%A0%20la%20fonction%20publique%20le%2016%20mars%202020&#038;s=100&#038;p&#091;url&#093;=https%3A%2F%2Fsnudifo37.fr%2Findex.php%2Fwp-json%2Fwp%2Fv2%2Fposts%2F1928&#038;p&#091;images&#093;&#091;0&#093;=&#038;p&#091;title&#093;=Compte%20rendu%20de%20la%20r%C3%A9union%20sp%C3%A9ciale%20Coronavirus%20%C3%A0%20la%20fonction%20publique%20le%2016%20mars%202020\" style=\"font-size: 0px;width:32px;height:32px;margin:0;margin-bottom:20px;margin-right:20px\"><img loading=\"lazy\" decoding=\"async\" alt=\"Facebook\" title=\"Faites le savoir \u00e0 vos amis via Facebook \" class=\"synved-share-image synved-social-image synved-social-image-share\" width=\"32\" height=\"32\" style=\"display: inline;width:32px;height:32px;margin: 0;padding: 0;border: none;box-shadow: none\" src=\"https:\/\/snudifo37.fr\/wp-content\/plugins\/social-media-feather\/synved-social\/image\/social\/regular\/64x64\/facebook.png\" \/><\/a><a class=\"synved-social-button synved-social-button-share synved-social-size-32 synved-social-resolution-single synved-social-provider-twitter nolightbox\" data-provider=\"twitter\" target=\"_blank\" rel=\"nofollow\" title=\"Informez-en vos amis via Twitter\" href=\"https:\/\/twitter.com\/intent\/tweet?url=https%3A%2F%2Fsnudifo37.fr%2Findex.php%2Fwp-json%2Fwp%2Fv2%2Fposts%2F1928&#038;text=Le%20Snudi-Fo%20vous%20informe%3A\" style=\"font-size: 0px;width:32px;height:32px;margin:0;margin-bottom:20px;margin-right:20px\"><img loading=\"lazy\" decoding=\"async\" alt=\"twitter\" title=\"Informez-en vos amis via Twitter\" class=\"synved-share-image synved-social-image synved-social-image-share\" width=\"32\" height=\"32\" style=\"display: inline;width:32px;height:32px;margin: 0;padding: 0;border: none;box-shadow: none\" src=\"https:\/\/snudifo37.fr\/wp-content\/plugins\/social-media-feather\/synved-social\/image\/social\/regular\/64x64\/twitter.png\" \/><\/a><a class=\"synved-social-button synved-social-button-share synved-social-size-32 synved-social-resolution-single synved-social-provider-mail nolightbox\" data-provider=\"mail\" rel=\"nofollow\" title=\"Les derni\u00e8res informations du Snudi-Fo 37\" href=\"mailto:?subject=Compte%20rendu%20de%20la%20r%C3%A9union%20sp%C3%A9ciale%20Coronavirus%20%C3%A0%20la%20fonction%20publique%20le%2016%20mars%202020&#038;body=Le%20Snudi-Fo%20vous%20informe%3A:%20https%3A%2F%2Fsnudifo37.fr%2Findex.php%2Fwp-json%2Fwp%2Fv2%2Fposts%2F1928\" style=\"font-size: 0px;width:32px;height:32px;margin:0;margin-bottom:20px\"><img loading=\"lazy\" decoding=\"async\" alt=\"mail\" title=\"Les derni\u00e8res informations du Snudi-Fo 37\" class=\"synved-share-image synved-social-image synved-social-image-share\" width=\"32\" height=\"32\" style=\"display: inline;width:32px;height:32px;margin: 0;padding: 0;border: none;box-shadow: none\" src=\"https:\/\/snudifo37.fr\/wp-content\/plugins\/social-media-feather\/synved-social\/image\/social\/regular\/64x64\/mail.png\" \/><\/a>","protected":false},"excerpt":{"rendered":"<p>Jour de carence, garde d&rsquo;enfant, r\u00e9num\u00e9ration, concours&#8230; Une r\u00e9union sp\u00e9ciale coronavirus s\u2019est tenue \u00e0 Bercy pour les trois versants de la Fonction Publique. Elle \u00e9tait pr\u00e9sid\u00e9e par Olivier Dussopt, Secr\u00e9taire d\u2019Etat.<\/p>\n","protected":false},"author":1,"featured_media":0,"comment_status":"closed","ping_status":"closed","sticky":false,"template":"","format":"standard","meta":{"footnotes":""},"categories":[531,7],"tags":[150,456,490,519,495,468,428,101],"class_list":["post-1928","post","type-post","status-publish","format-standard","hentry","category-epidemie-coronavirus","category-syndicat","tag-150","tag-concours","tag-coronavirus","tag-covid-19","tag-jour-de-carence","tag-renumeration","tag-reunion","tag-traitement"],"_links":{"self":[{"href":"https:\/\/snudifo37.fr\/index.php\/wp-json\/wp\/v2\/posts\/1928","targetHints":{"allow":["GET"]}}],"collection":[{"href":"https:\/\/snudifo37.fr\/index.php\/wp-json\/wp\/v2\/posts"}],"about":[{"href":"https:\/\/snudifo37.fr\/index.php\/wp-json\/wp\/v2\/types\/post"}],"author":[{"embeddable":true,"href":"https:\/\/snudifo37.fr\/index.php\/wp-json\/wp\/v2\/users\/1"}],"replies":[{"embeddable":true,"href":"https:\/\/snudifo37.fr\/index.php\/wp-json\/wp\/v2\/comments?post=1928"}],"version-history":[{"count":1,"href":"https:\/\/snudifo37.fr\/index.php\/wp-json\/wp\/v2\/posts\/1928\/revisions"}],"predecessor-version":[{"id":1929,"href":"https:\/\/snudifo37.fr\/index.php\/wp-json\/wp\/v2\/posts\/1928\/revisions\/1929"}],"wp:attachment":[{"href":"https:\/\/snudifo37.fr\/index.php\/wp-json\/wp\/v2\/media?parent=1928"}],"wp:term":[{"taxonomy":"category","embeddable":true,"href":"https:\/\/snudifo37.fr\/index.php\/wp-json\/wp\/v2\/categories?post=1928"},{"taxonomy":"post_tag","embeddable":true,"href":"https:\/\/snudifo37.fr\/index.php\/wp-json\/wp\/v2\/tags?post=1928"}],"curies":[{"name":"wp","href":"https:\/\/api.w.org\/{rel}","templated":true}]}}