{"id":1845,"date":"2020-02-27T16:16:16","date_gmt":"2020-02-27T15:16:16","guid":{"rendered":"http:\/\/snudifo37.fr\/?p=1845"},"modified":"2020-02-27T16:16:17","modified_gmt":"2020-02-27T15:16:17","slug":"reforme-des-retraites-manque-de-postes-problemes-de-remplacement-la-coupe-est-pleine","status":"publish","type":"post","link":"https:\/\/snudifo37.fr\/index.php\/2020\/02\/27\/reforme-des-retraites-manque-de-postes-problemes-de-remplacement-la-coupe-est-pleine\/","title":{"rendered":"R\u00e9forme des retraites, manque de postes, probl\u00e8mes de remplacement&#8230; La coupe est pleine !"},"content":{"rendered":"\n<p>Le gouvernement, de plus en plus isol\u00e9, essaie par tous les moyens de faire passer sa r\u00e9forme des retraites, rejet\u00e9e de toutes parts. Pire, le ministre Blanquer tente d\u2019enfumer les enseignants avec une pseudo-revalorisation cens\u00e9e compenser la baisse des pensions li\u00e9e \u00e0 la r\u00e9forme : en r\u00e9alit\u00e9, un gain d\u2019une quinzaine d\u2019euros par mois de pension, alors que les pertes seront de plusieurs centaines d\u2019euros mensuels !<\/p>\n\n\n\n<h3 class=\"wp-block-heading\">Manque de rempla\u00e7ants : stop \u00e0 la d\u00e9gradation des conditions de travail !<\/h3>\n\n\n\n<p>Dans le m\u00eame temps, les conditions de travail des personnels se d\u00e9t\u00e9riorent tous les jours un peu plus dans les \u00e9coles.  Le SNUDI-FO constate des situations inacceptables dans les d\u00e9partements, li\u00e9es au manque de rempla\u00e7ants :<\/p>\n\n\n\n<ul class=\"wp-block-list\"><li>les enseignants pr\u00e9sents \u00e0 l\u2019\u00e9cole sont contraints d\u2019accueillir des \u00e9l\u00e8ves suppl\u00e9mentaires, dans des locaux surcharg\u00e9s ;<\/li><li>des formations voire des jours de d\u00e9charge de direction sont annul\u00e9s ;<\/li><li>des autorisations d\u2019absence sont refus\u00e9es ;<\/li><li>des \u00e9l\u00e8ves sont priv\u00e9s d\u2019enseignants pendant plusieurs jours voire plusieurs semaines ;<\/li><li>des directeurs d\u2019\u00e9cole sont contraints de faire face \u00e0 ce contexte insupportable : r\u00e9partition des \u00e9l\u00e8ves dans les classes, col\u00e8re<br> des parents d\u2019\u00e9l\u00e8ves, tensions au sein de l\u2019\u00e9cole et avec la circonscription\u2026<\/li><\/ul>\n\n\n\n<p>Partout le SNUDI-FO est \u00e0 l\u2019initiative pour exiger le recrutement imm\u00e9diat de personnels. Dans le Tarn ou l\u2019Is\u00e8re, les personnels, contraints d\u2019accueillir des \u00e9l\u00e8ves suppl\u00e9mentaires dans leurs classes, remplissent les registres sant\u00e9 et s\u00e9curit\u00e9 au travail ; dans le Lot-et-Garonne, le SNUDI-FO a d\u00e9cid\u00e9 d\u2019une p\u00e9tition pour le recrutement de rempla\u00e7ants ; dans le Rh\u00f4ne, les enseignants se sont rassembl\u00e9s devant la DSDEN \u00e0 l\u2019initiative du SNUDI-FO pour exiger le remplacement de tous les coll\u00e8gues absents et le maintien des 18 demi-journ\u00e9es de formation et de concertation en REP+ que l\u2019inspecteur d\u2019acad\u00e9mie veut annuler faute de<br> rempla\u00e7ants\u2026<\/p>\n\n\n\n<p>Dans ce contexte, le SNUDI-FO rappelle que les recteurs et inspecteurs d\u2019acad\u00e9mie peuvent recourir \u00e0 la liste compl\u00e9mentaire jusqu\u2019\u00e0 la date du concours 2020 de recrutement des professeurs des \u00e9coles, fix\u00e9e au 5 avril.<\/p>\n\n\n\n<h3 class=\"wp-block-heading\">Effondrement des cr\u00e9ations de postes pour la rentr\u00e9e 2020 !<\/h3>\n\n\n\n<p>Et cette situation ne pourra qu\u2019empirer d\u00e8s la rentr\u00e9e prochaine. Rappelons en effet qu\u2019elle sera marqu\u00e9e par un effondrement des cr\u00e9ations de postes : 440 postes seraient cr\u00e9\u00e9s en 2020, contre 2325 en 2019 et 3680 en 2018 ! Sur 31 acad\u00e9mies, 26 conna\u00eetraient une \u00e9volution n\u00e9gative en termes de postes par rapport \u00e0 la rentr\u00e9e 2019. Seules deux acad\u00e9mies seraient mieux loties que l\u2019ann\u00e9e derni\u00e8re ! 14 acad\u00e9mies perdraient m\u00eame des postes !<\/p>\n\n\n\n<h3 class=\"wp-block-heading\">Premier recul du ministre : les suppressions de postes suspendues dans les Antilles suite \u00e0 la mobilisation<\/h3>\n\n\n\n<p>Les personnels n\u2019acceptent pas ces dotations. Ainsi, apr\u00e8s plusieurs semaines de gr\u00e8ve, de mobilisation, de blocages des \u00e9tablissements, \u00e0 l\u2019appel de la FNEC-FP FO et d\u2019autres organisations syndicales, nos coll\u00e8gues de Guadeloupe et de Martinique viennent d\u2019obtenir la suspension des suppressions de postes (1 er &amp; 2nd degr\u00e9, administratifs) pr\u00e9vues dans ces d\u00e9partements.<\/p>\n\n\n\n<p>Alors que les CTSD sont convoqu\u00e9s fin mars ou d\u00e9but avril, le SNUDI-FO revendique le recrutement en urgence de personnels via la liste compl\u00e9mentaire et les cr\u00e9ations de postes n\u00e9cessaires pour la rentr\u00e9e prochaine. Il d\u00e9cide de s\u2019adresser au ministre en ce sens.<\/p>\n\n\n\n<p><strong>Le SNUDI-FO invite les syndicats d\u00e9partementaux \u00e0 faire remonter les situations probl\u00e9matiques et \u00e0 r\u00e9unir les personnels pour d\u00e9cider de toutes les initiatives n\u00e9cessaires pour obtenir satisfaction. Retrait de la r\u00e9forme des retraites ! Cr\u00e9ations des postes n\u00e9cessaires dans le 1 er degr\u00e9 ! Ouverture imm\u00e9diate de la liste compl\u00e9mentaire !<\/strong><\/p>\n\n\n\n<p class=\"has-text-align-right\"><em>Montreuil, le 26 f\u00e9vrier 2020<\/em><\/p>\n<a class=\"synved-social-button synved-social-button-share synved-social-size-32 synved-social-resolution-single synved-social-provider-facebook nolightbox\" data-provider=\"facebook\" target=\"_blank\" rel=\"nofollow\" title=\"Faites le savoir \u00e0 vos amis via Facebook \" href=\"https:\/\/www.facebook.com\/sharer.php?u=https%3A%2F%2Fsnudifo37.fr%2Findex.php%2Fwp-json%2Fwp%2Fv2%2Fposts%2F1845&#038;t=R%C3%A9forme%20des%20retraites%2C%20manque%20de%20postes%2C%20probl%C3%A8mes%20de%20remplacement%E2%80%A6%20La%20coupe%20est%20pleine%20%21&#038;s=100&#038;p&#091;url&#093;=https%3A%2F%2Fsnudifo37.fr%2Findex.php%2Fwp-json%2Fwp%2Fv2%2Fposts%2F1845&#038;p&#091;images&#093;&#091;0&#093;=https%3A%2F%2Fsnudifo37.fr%2Fwp-content%2Fuploads%2F2020%2F02%2FEssorageResized.jpg&#038;p&#091;title&#093;=R%C3%A9forme%20des%20retraites%2C%20manque%20de%20postes%2C%20probl%C3%A8mes%20de%20remplacement%E2%80%A6%20La%20coupe%20est%20pleine%20%21\" style=\"font-size: 0px;width:32px;height:32px;margin:0;margin-bottom:20px;margin-right:20px\"><img loading=\"lazy\" decoding=\"async\" alt=\"Facebook\" title=\"Faites le savoir \u00e0 vos amis via Facebook \" class=\"synved-share-image synved-social-image synved-social-image-share\" width=\"32\" height=\"32\" style=\"display: inline;width:32px;height:32px;margin: 0;padding: 0;border: none;box-shadow: none\" src=\"https:\/\/snudifo37.fr\/wp-content\/plugins\/social-media-feather\/synved-social\/image\/social\/regular\/64x64\/facebook.png\" \/><\/a><a class=\"synved-social-button synved-social-button-share synved-social-size-32 synved-social-resolution-single synved-social-provider-twitter nolightbox\" data-provider=\"twitter\" target=\"_blank\" rel=\"nofollow\" title=\"Informez-en vos amis via Twitter\" href=\"https:\/\/twitter.com\/intent\/tweet?url=https%3A%2F%2Fsnudifo37.fr%2Findex.php%2Fwp-json%2Fwp%2Fv2%2Fposts%2F1845&#038;text=Le%20Snudi-Fo%20vous%20informe%3A\" style=\"font-size: 0px;width:32px;height:32px;margin:0;margin-bottom:20px;margin-right:20px\"><img loading=\"lazy\" decoding=\"async\" alt=\"twitter\" title=\"Informez-en vos amis via Twitter\" class=\"synved-share-image synved-social-image synved-social-image-share\" width=\"32\" height=\"32\" style=\"display: inline;width:32px;height:32px;margin: 0;padding: 0;border: none;box-shadow: none\" src=\"https:\/\/snudifo37.fr\/wp-content\/plugins\/social-media-feather\/synved-social\/image\/social\/regular\/64x64\/twitter.png\" \/><\/a><a class=\"synved-social-button synved-social-button-share synved-social-size-32 synved-social-resolution-single synved-social-provider-mail nolightbox\" data-provider=\"mail\" rel=\"nofollow\" title=\"Les derni\u00e8res informations du Snudi-Fo 37\" href=\"mailto:?subject=R%C3%A9forme%20des%20retraites%2C%20manque%20de%20postes%2C%20probl%C3%A8mes%20de%20remplacement%E2%80%A6%20La%20coupe%20est%20pleine%20%21&#038;body=Le%20Snudi-Fo%20vous%20informe%3A:%20https%3A%2F%2Fsnudifo37.fr%2Findex.php%2Fwp-json%2Fwp%2Fv2%2Fposts%2F1845\" style=\"font-size: 0px;width:32px;height:32px;margin:0;margin-bottom:20px\"><img loading=\"lazy\" decoding=\"async\" alt=\"mail\" title=\"Les derni\u00e8res informations du Snudi-Fo 37\" class=\"synved-share-image synved-social-image synved-social-image-share\" width=\"32\" height=\"32\" style=\"display: inline;width:32px;height:32px;margin: 0;padding: 0;border: none;box-shadow: none\" src=\"https:\/\/snudifo37.fr\/wp-content\/plugins\/social-media-feather\/synved-social\/image\/social\/regular\/64x64\/mail.png\" \/><\/a>","protected":false},"excerpt":{"rendered":"<p>Le gouvernement, de plus en plus isol\u00e9, essaie par tous les moyens de faire passer sa r\u00e9forme des retraites, rejet\u00e9e de toutes parts. Pire, le ministre Blanquer tente d\u2019enfumer les enseignants avec une pseudo-revalorisation cens\u00e9e compenser la baisse des pensions li\u00e9e \u00e0 la r\u00e9forme : en r\u00e9alit\u00e9, un gain d\u2019une quinzaine d\u2019euros par mois de pension, alors que les pertes seront de plusieurs centaines d\u2019euros mensuels !<\/p>\n","protected":false},"author":1,"featured_media":1706,"comment_status":"closed","ping_status":"closed","sticky":false,"template":"","format":"standard","meta":{"footnotes":""},"categories":[7],"tags":[150,155,353,491,341,492,163,123],"class_list":["post-1845","post","type-post","status-publish","format-standard","has-post-thumbnail","hentry","category-syndicat","tag-150","tag-conditions-de-travail","tag-destruction-de-poste","tag-poste","tag-projet-de-reforme-des-retraites","tag-ras-le-bol","tag-remplacements","tag-remplacants"],"_links":{"self":[{"href":"https:\/\/snudifo37.fr\/index.php\/wp-json\/wp\/v2\/posts\/1845","targetHints":{"allow":["GET"]}}],"collection":[{"href":"https:\/\/snudifo37.fr\/index.php\/wp-json\/wp\/v2\/posts"}],"about":[{"href":"https:\/\/snudifo37.fr\/index.php\/wp-json\/wp\/v2\/types\/post"}],"author":[{"embeddable":true,"href":"https:\/\/snudifo37.fr\/index.php\/wp-json\/wp\/v2\/users\/1"}],"replies":[{"embeddable":true,"href":"https:\/\/snudifo37.fr\/index.php\/wp-json\/wp\/v2\/comments?post=1845"}],"version-history":[{"count":1,"href":"https:\/\/snudifo37.fr\/index.php\/wp-json\/wp\/v2\/posts\/1845\/revisions"}],"predecessor-version":[{"id":1846,"href":"https:\/\/snudifo37.fr\/index.php\/wp-json\/wp\/v2\/posts\/1845\/revisions\/1846"}],"wp:featuredmedia":[{"embeddable":true,"href":"https:\/\/snudifo37.fr\/index.php\/wp-json\/wp\/v2\/media\/1706"}],"wp:attachment":[{"href":"https:\/\/snudifo37.fr\/index.php\/wp-json\/wp\/v2\/media?parent=1845"}],"wp:term":[{"taxonomy":"category","embeddable":true,"href":"https:\/\/snudifo37.fr\/index.php\/wp-json\/wp\/v2\/categories?post=1845"},{"taxonomy":"post_tag","embeddable":true,"href":"https:\/\/snudifo37.fr\/index.php\/wp-json\/wp\/v2\/tags?post=1845"}],"curies":[{"name":"wp","href":"https:\/\/api.w.org\/{rel}","templated":true}]}}